{"id":16027,"date":"2019-07-25T11:02:18","date_gmt":"2019-07-25T14:02:18","guid":{"rendered":"https:\/\/blogs2.correiobraziliense.com.br\/cbpoder\/?p=16027"},"modified":"2019-07-25T19:19:13","modified_gmt":"2019-07-25T22:19:13","slug":"jornalista-paulo-fona-sera-secretario-de-imprensa-do-governo-bolsonaro","status":"publish","type":"post","link":"https:\/\/blogs2.correiobraziliense.com.br\/cbpoder\/jornalista-paulo-fona-sera-secretario-de-imprensa-do-governo-bolsonaro\/","title":{"rendered":"Jornalista Paulo Fona ser\u00e1 secret\u00e1rio de Imprensa do governo Bolsonaro"},"content":{"rendered":"<h5>ANA MARIA CAMPOS<\/h5>\n<p>O jornalista Paulo Fona \u00e9 o novo secret\u00e1rio de Imprensa da Presid\u00eancia da Rep\u00fablica.<\/p>\n<p>&nbsp;<\/p>\n<p>Secret\u00e1rio de Comunica\u00e7\u00e3o dos governos de Rodrigo Rollemberg (PSB), no Distrito Federal, e Yeda Crusius (PSDB), no Rio Grande do Sul, Fona foi porta-voz e secret\u00e1rio de Comunica\u00e7\u00e3o do ent\u00e3o governador Joaquim Roriz e coordenou a campanha ao Senado do hoje governador de Goi\u00e1s, Ronaldo Caiado (DEM).<\/p>\n<p>&nbsp;<\/p>\n<p>Nas reda\u00e7\u00f5es, entre os ve\u00edculos por que passou, Fona foi diretor de reda\u00e7\u00e3o e colunista do Jornal do Brasil, editor do <strong>Correio Braziliense<\/strong> e trabalhou no Estado de S. Paulo.<\/p>\n<p>&nbsp;<\/p>\n<p>O nome de Fona foi uma escolha em\u00a0consenso do ministro-chefe da Secretaria de Governo, Luiz Ramos, do porta-voz Rego Barros e do secret\u00e1rio de Comunica\u00e7\u00e3o F\u00e1bio Wajngarten. \u201cPretendo trabalhar em sintonia com o ministro Lu\u00eds Ramos, com o Porta-voz Rego Barros e com o secret\u00e1rio de Comunica\u00e7\u00e3o, F\u00e1bio Wajngarten, e ajudar o Brasil\u201d, disse Fona.<\/p>\n<p>&nbsp;<\/p>\n","protected":false},"excerpt":{"rendered":"<p>ANA MARIA CAMPOS O jornalista Paulo Fona \u00e9 o novo secret\u00e1rio de Imprensa da Presid\u00eancia da Rep\u00fablica. &nbsp; Secret\u00e1rio de Comunica\u00e7\u00e3o dos governos de Rodrigo Rollemberg (PSB), no Distrito Federal, e Yeda Crusius (PSDB), no Rio Grande do Sul, Fona foi porta-voz e secret\u00e1rio de Comunica\u00e7\u00e3o do ent\u00e3o governador Joaquim Roriz e coordenou a campanha [&hellip;]<\/p>\n","protected":false},"author":9,"featured_media":16030,"comment_status":"open","ping_status":"closed","sticky":false,"template":"","format":"standard","meta":{"wpb_read_more":[],"footnotes":""},"categories":[234],"tags":[1896,1898,1897],"class_list":["post-16027","post","type-post","status-publish","format-standard","has-post-thumbnail","hentry","category-cb-poder","tag-paulo-fona","tag-presidencia-da-republica","tag-secretario-de-imprensa"],"_links":{"self":[{"href":"https:\/\/blogs2.correiobraziliense.com.br\/cbpoder\/wp-json\/wp\/v2\/posts\/16027","targetHints":{"allow":["GET"]}}],"collection":[{"href":"https:\/\/blogs2.correiobraziliense.com.br\/cbpoder\/wp-json\/wp\/v2\/posts"}],"about":[{"href":"https:\/\/blogs2.correiobraziliense.com.br\/cbpoder\/wp-json\/wp\/v2\/types\/post"}],"author":[{"embeddable":true,"href":"https:\/\/blogs2.correiobraziliense.com.br\/cbpoder\/wp-json\/wp\/v2\/users\/9"}],"replies":[{"embeddable":true,"href":"https:\/\/blogs2.correiobraziliense.com.br\/cbpoder\/wp-json\/wp\/v2\/comments?post=16027"}],"version-history":[{"count":3,"href":"https:\/\/blogs2.correiobraziliense.com.br\/cbpoder\/wp-json\/wp\/v2\/posts\/16027\/revisions"}],"predecessor-version":[{"id":16040,"href":"https:\/\/blogs2.correiobraziliense.com.br\/cbpoder\/wp-json\/wp\/v2\/posts\/16027\/revisions\/16040"}],"wp:featuredmedia":[{"embeddable":true,"href":"https:\/\/blogs2.correiobraziliense.com.br\/cbpoder\/wp-json\/wp\/v2\/media\/16030"}],"wp:attachment":[{"href":"https:\/\/blogs2.correiobraziliense.com.br\/cbpoder\/wp-json\/wp\/v2\/media?parent=16027"}],"wp:term":[{"taxonomy":"category","embeddable":true,"href":"https:\/\/blogs2.correiobraziliense.com.br\/cbpoder\/wp-json\/wp\/v2\/categories?post=16027"},{"taxonomy":"post_tag","embeddable":true,"href":"https:\/\/blogs2.correiobraziliense.com.br\/cbpoder\/wp-json\/wp\/v2\/tags?post=16027"}],"curies":[{"name":"wp","href":"https:\/\/api.w.org\/{rel}","templated":true}]}}