{"id":16032,"date":"2019-07-25T13:13:49","date_gmt":"2019-07-25T16:13:49","guid":{"rendered":"https:\/\/blogs2.correiobraziliense.com.br\/cbpoder\/?p=16032"},"modified":"2019-07-25T13:13:49","modified_gmt":"2019-07-25T16:13:49","slug":"conplan-aprova-flexibilizacao-de-ocupacao-do-sig-e-deixa-debate-sobre-moradias-para-ppcub","status":"publish","type":"post","link":"https:\/\/blogs2.correiobraziliense.com.br\/cbpoder\/conplan-aprova-flexibilizacao-de-ocupacao-do-sig-e-deixa-debate-sobre-moradias-para-ppcub\/","title":{"rendered":"Conplan aprova flexibiliza\u00e7\u00e3o de ocupa\u00e7\u00e3o do SIG e deixa debate sobre moradias para PPCub"},"content":{"rendered":"<p>Ana Viriato<\/p>\n<p>O Conselho de Planejamento Territorial e Urbano do Distrito Federal (Conplan) aprovou, nesta quinta-feira (25\/07), a minuta do projeto de lei complementar que prev\u00ea a flexibiliza\u00e7\u00e3o das regras de uso e ocupa\u00e7\u00e3o do solo do Setor de Ind\u00fastrias Gr\u00e1ficas (SIG). A proposta, que segue para a C\u00e2mara Legislativa, libera atividades industriais, comerciais, de servi\u00e7os e institucionais na regi\u00e3o, com pr\u00e9dios de at\u00e9 15m de altura.<\/p>\n<p>&nbsp;<\/p>\n<p>No colegiado, o debate girou em torno da autoriza\u00e7\u00e3o a moradias em edif\u00edcios de uso misto. A Secretaria de Desenvolvimento Urbano e Habita\u00e7\u00e3o, no entanto, optou por bater o martelo nos pr\u00f3ximos meses, quando abrir a discuss\u00e3o sobre o Plano de Preserva\u00e7\u00e3o do Conjunto Urban\u00edstico de Bras\u00edlia (PPCub) \u2014 a proposta encontra-se no Instituto do Patrim\u00f4nio Art\u00edstico Nacional (Iphan). &#8220;Acreditamos que seja o f\u00f3rum mais adequado, pois haver\u00e1 mais participa\u00e7\u00e3o da sociedade. Somos favor\u00e1veis a ideia, desde haja cuidado em estabelecer onde e como ir\u00e3o ocorrer as ocupa\u00e7\u00f5es&#8221;, explicou a secret\u00e1ria-executiva, Gisele Moll.<\/p>\n<p>&nbsp;<\/p>\n<p>A sugest\u00e3o do aditivo partiu dos relatores da minuta do PLC, a representante do Instituto de Arquitetos do Brasil no DF (IAB), Carolina Baima, e o integrante da Federa\u00e7\u00e3o de Com\u00e9rcio, Bens e Servi\u00e7os (Fecom\u00e9rcio), Ov\u00eddio Maia. &#8220;Entende-se que o desempenho do setor como uma centralidade ser\u00e1 tanto melhor quando maior for a diversidade de usos permitidos no local. Esta \u00e9 especialmente gerada quando da inclus\u00e3o do uso residencial, em associa\u00e7\u00e3o com o uso comercial e de servi\u00e7os, como j\u00e1 \u00e9 encontrado hoje&#8221;, defenderam.<\/p>\n<p>&nbsp;<\/p>\n<p>Representante do Conselho de Arquitetura e Urbanismo do DF (CAU), Pedro Grilo engrossou o coro, sob a justificativa de que o incentivo ao uso misto trata-se de uma tend\u00eancia mundial. &#8220;\u00c9 uma ferramenta de transforma\u00e7\u00e3o urbana, inclusive para resolu\u00e7\u00e3o dos problemas de esvaziamento de centros urbanos&#8221;, argumentou.<\/p>\n<p>&nbsp;<\/p>\n<p>Para a conselheira Maria Silvia Rossi, da Secretaria de Meio Ambiente, no entanto, o aval \u00e0s unidades habitacionais no SIG desrespeitaria a voca\u00e7\u00e3o original da regi\u00e3o. &#8220;Acredito que, neste caso, seria necess\u00e1rio um estudo das implica\u00e7\u00f5es. Em outras \u00e1reas do Plano Piloto, os in\u00fameros autos de infra\u00e7\u00f5es por barulho t\u00eam inibido o com\u00e9rcio, por exemplo&#8221;, pontuou. &#8220;Al\u00e9m disso, pode haver impactos na sa\u00fade dos moradores, pois aquela \u00e9 uma \u00e1rea de tr\u00e2nsito de caminh\u00f5es, o que pode causar problemas respirat\u00f3rios a longo prazo&#8221;, completou.<\/p>\n<p>&nbsp;<\/p>\n<p>No in\u00edcio do ano, o Iphan havia dado sinal verde \u00e0s habita\u00e7\u00f5es no SIG, ap\u00f3s verific\u00e1-las em tr\u00eas quadras. \u00c0quela \u00e9poca, o \u00f3rg\u00e3o t\u00e9cnico lembrou que outro setores passaram por transforma\u00e7\u00f5es semelhantes, sem preju\u00edzos \u00e0 preserva\u00e7\u00e3o do Conjunto Urban\u00edstico de Bras\u00edlia. &#8220;Foram capazes de ofertar um tipo de moradia mais barata, muito procurada no Plano Piloto, mas pouco consagrada pelo urbanismo modernista, destacou.<\/p>\n<p>&nbsp;<\/p>\n<p>Uso desvirtuado<\/p>\n<p>A atual permiss\u00e3o do uso dos lotes do SIG, criado em 1961, restringe-se \u00e0s atividades banc\u00e1rias, de radiodifus\u00e3o e impress\u00e3o de jornais e revistas. Ainda assim, o setor sofreu com um desvirtuamento nas \u00faltimas d\u00e9cadas, e boa parte dos lotes passou a abrigar atividades comerciais e de servi\u00e7os. Como esse uso n\u00e3o est\u00e1 previsto nas normas de gabarito do SIG, os empres\u00e1rios n\u00e3o conseguem obter alvar\u00e1 de funcionamento.<\/p>\n<p>&nbsp;<\/p>\n<p>A flexibiliza\u00e7\u00e3o das normas da regi\u00e3o \u00e9 debate recorrente no governo. Em 2010, por exemplo, verificou-se que a proximidade com o centro urbano da capital e a consolida\u00e7\u00e3o do Sudoeste contribu\u00edram para a instala\u00e7\u00e3o de atividades distintas \u00e0s permitidas. \u00c0quela \u00e9poca, a discuss\u00e3o girou em torno da regulariza\u00e7\u00e3o dos usos comerciais e de presta\u00e7\u00e3o de servi\u00e7os instalados, mantendo a restri\u00e7\u00e3o a moradias e ao aumento do potencial construtivo. As mudan\u00e7as, entretanto, nunca sa\u00edram do papel.<\/p>\n<p>[contact-form][contact-field label=&#8221;Nome&#8221; type=&#8221;name&#8221;  required=&#8221;true&#8221; \/][contact-field label=&#8221;E-mail&#8221; type=&#8221;email&#8221; required=&#8221;true&#8221; \/][contact-field label=&#8221;Site&#8221; type=&#8221;url&#8221; \/][contact-field label=&#8221;Mensagem&#8221; type=&#8221;textarea&#8221; \/]\r\n\r\n<div class=\"si_captcha_small\"><img loading=\"lazy\" decoding=\"async\" id=\"si_image_jetpack\" src=\"https:\/\/blogs2.correiobraziliense.com.br\/cbpoder\/wp-content\/plugins\/si-captcha-for-wordpress\/captcha\/securimage_show.php?si_sm_captcha=1&amp;si_form_id=jetpack&amp;prefix=PzMAgNgiar9Jfmpx\" width=\"132\" height=\"45\" alt=\"CAPTCHA\" title=\"CAPTCHA\" \/>\n    <input id=\"si_code_jetpack\" name=\"si_code_jetpack\" type=\"hidden\"  value=\"PzMAgNgiar9Jfmpx\" \/>\n    <div id=\"si_refresh_jetpack\">\n<a href=\"#\" rel=\"nofollow\" title=\"Refresh\" onclick=\"si_captcha_refresh('si_image_jetpack','jetpack','\/cbpoder\/wp-content\/plugins\/si-captcha-for-wordpress\/captcha','https:\/\/blogs2.correiobraziliense.com.br\/cbpoder\/wp-content\/plugins\/si-captcha-for-wordpress\/captcha\/securimage_show.php?si_sm_captcha=1&amp;si_form_id=jetpack&amp;prefix='); return false;\">\n      <img loading=\"lazy\" decoding=\"async\" class=\"si_captcha_refresh\" src=\"https:\/\/blogs2.correiobraziliense.com.br\/cbpoder\/wp-content\/plugins\/si-captcha-for-wordpress\/captcha\/images\/refresh.png\" width=\"22\" height=\"20\" alt=\"Refresh\" onclick=\"this.blur();\" \/><\/a>\r\n  <\/div>\r\n  <\/div>\r\n\r\n<div>\r\n<br \/>\r\n <label>CAPTCHA Code<br \/>\r\n<input id=\"si_captcha_code\" name=\"si_captcha_code\" class=\"input\" type=\"text\" value=\"\" \/><\/label>\r\n<\/div>\r\n\r\n\r\n        [\/contact-form]<\/p>\n<p>A proposta seria inclu\u00edda no PPCub, projeto de lei que vai detalhar as normas de ocupa\u00e7\u00e3o na \u00e1rea tombada da capital federal. Mas, diante de pedidos do setor produtivo e do entendimento do GDF de que a medida \u00e9 essencial para impulsionar o desenvolvimento econ\u00f4mico, o governo optou por destacar e encaminhar ao Legislativo um projeto \u00e0 parte, com mais rapidez.<\/p>\n","protected":false},"excerpt":{"rendered":"<p>Ana Viriato O Conselho de Planejamento Territorial e Urbano do Distrito Federal (Conplan) aprovou, nesta quinta-feira (25\/07), a minuta do projeto de lei complementar que prev\u00ea a flexibiliza\u00e7\u00e3o das regras de uso e ocupa\u00e7\u00e3o do solo do Setor de Ind\u00fastrias Gr\u00e1ficas (SIG). A proposta, que segue para a C\u00e2mara Legislativa, libera atividades industriais, comerciais, de [&hellip;]<\/p>\n","protected":false},"author":90,"featured_media":0,"comment_status":"open","ping_status":"closed","sticky":false,"template":"","format":"standard","meta":{"wpb_read_more":[],"footnotes":""},"categories":[234],"tags":[],"class_list":["post-16032","post","type-post","status-publish","format-standard","hentry","category-cb-poder"],"_links":{"self":[{"href":"https:\/\/blogs2.correiobraziliense.com.br\/cbpoder\/wp-json\/wp\/v2\/posts\/16032","targetHints":{"allow":["GET"]}}],"collection":[{"href":"https:\/\/blogs2.correiobraziliense.com.br\/cbpoder\/wp-json\/wp\/v2\/posts"}],"about":[{"href":"https:\/\/blogs2.correiobraziliense.com.br\/cbpoder\/wp-json\/wp\/v2\/types\/post"}],"author":[{"embeddable":true,"href":"https:\/\/blogs2.correiobraziliense.com.br\/cbpoder\/wp-json\/wp\/v2\/users\/90"}],"replies":[{"embeddable":true,"href":"https:\/\/blogs2.correiobraziliense.com.br\/cbpoder\/wp-json\/wp\/v2\/comments?post=16032"}],"version-history":[{"count":2,"href":"https:\/\/blogs2.correiobraziliense.com.br\/cbpoder\/wp-json\/wp\/v2\/posts\/16032\/revisions"}],"predecessor-version":[{"id":16037,"href":"https:\/\/blogs2.correiobraziliense.com.br\/cbpoder\/wp-json\/wp\/v2\/posts\/16032\/revisions\/16037"}],"wp:attachment":[{"href":"https:\/\/blogs2.correiobraziliense.com.br\/cbpoder\/wp-json\/wp\/v2\/media?parent=16032"}],"wp:term":[{"taxonomy":"category","embeddable":true,"href":"https:\/\/blogs2.correiobraziliense.com.br\/cbpoder\/wp-json\/wp\/v2\/categories?post=16032"},{"taxonomy":"post_tag","embeddable":true,"href":"https:\/\/blogs2.correiobraziliense.com.br\/cbpoder\/wp-json\/wp\/v2\/tags?post=16032"}],"curies":[{"name":"wp","href":"https:\/\/api.w.org\/{rel}","templated":true}]}}