{"id":16041,"date":"2019-07-26T07:42:01","date_gmt":"2019-07-26T10:42:01","guid":{"rendered":"https:\/\/blogs2.correiobraziliense.com.br\/cbpoder\/?p=16041"},"modified":"2019-07-26T07:45:53","modified_gmt":"2019-07-26T10:45:53","slug":"ibaneis-assina-contrato-para-privatizacao-do-mane-garrincha","status":"publish","type":"post","link":"https:\/\/blogs2.correiobraziliense.com.br\/cbpoder\/ibaneis-assina-contrato-para-privatizacao-do-mane-garrincha\/","title":{"rendered":"Ibaneis assina contrato para privatiza\u00e7\u00e3o do Man\u00e9 Garrincha"},"content":{"rendered":"<h6><strong>Coluna Eixo Capital\/Por Ana Maria Campos<\/strong><\/h6>\n<p>O Est\u00e1dio Nacional de Bras\u00edlia Man\u00e9 Garrincha come\u00e7a hoje a ser transferido para a iniciativa privada. O governador Ibaneis Rocha assina ao meio-dia o contrato de concess\u00e3o p\u00fablica com a Arena BSB, a empresa vencedora da licita\u00e7\u00e3o para gerir o Centro Esportivo de Bras\u00edlia, que engloba tamb\u00e9m o Gin\u00e1sio Nilson Nelson e o Parque Aqu\u00e1tico Cl\u00e1udio Coutinho.<\/p>\n<p>A Arena BSB, sociedade an\u00f4nima constitu\u00edda para administrar o complexo, manter\u00e1 a concess\u00e3o pelos pr\u00f3ximos 35 anos. Pelo contrato, a concession\u00e1ria pagar\u00e1 R$ 5,05 milh\u00f5es por ano ao GDF, mais 5% do faturamento geral. Nos pr\u00f3ximos seis meses, a gest\u00e3o ser\u00e1 da Terracap e assistida pela Arena BSB, at\u00e9 a transfer\u00eancia total da administra\u00e7\u00e3o do complexo.<\/p>\n<h2><strong>Mick Jagger flamenguista<\/strong><\/h2>\n<p>Assistir a partida de futebol em est\u00e1dio \u00e9 sempre um risco para pol\u00edticos. O governador Ibaneis Rocha (MDB) viajou em seu avi\u00e3o particular para Guayaquil e acompanhou, como convidado de honra do Flamengo, a derrota de seu time do cora\u00e7\u00e3o. Agora circulam memes o comparando a Mick Jagger.<\/p>\n<h2><strong>Nova fun\u00e7\u00e3o do ex-porta-voz<\/strong><\/h2>\n<p>Logo depois de <a href=\"https:\/\/blogs2.correiobraziliense.com.br\/cbpoder\/jornalista-paulo-fona-sera-secretario-de-imprensa-do-governo-bolsonaro\/\">dizer sim ao convite feito pelo ministro-chefe da Secretaria de Governo, general Luiz Eduardo Ramos<\/a>, o jornalista Paulo Fona ligou para duas pessoas do meio pol\u00edtico, que considera amigos: o ex-governador Rodrigo Rollemberg (PSB) e a senadora Leila Barros (PSB-DF).<\/p>\n<p>Os dois aprovaram a decis\u00e3o de Fona e desejaram sucesso. Desde o fim do governo Rollemberg, o jornalista estava na lideran\u00e7a do PSB no Senado. Agora ter\u00e1 muito mais trabalho pela frente. Cuidar da comunica\u00e7\u00e3o do presidente Jair Bolsonaro n\u00e3o vai ser brinquedo, n\u00e3o.<\/p>\n","protected":false},"excerpt":{"rendered":"<p>Coluna Eixo Capital\/Por Ana Maria Campos O Est\u00e1dio Nacional de Bras\u00edlia Man\u00e9 Garrincha come\u00e7a hoje a ser transferido para a iniciativa privada. O governador Ibaneis Rocha assina ao meio-dia o contrato de concess\u00e3o p\u00fablica com a Arena BSB, a empresa vencedora da licita\u00e7\u00e3o para gerir o Centro Esportivo de Bras\u00edlia, que engloba tamb\u00e9m o Gin\u00e1sio [&hellip;]<\/p>\n","protected":false},"author":9,"featured_media":8538,"comment_status":"open","ping_status":"closed","sticky":false,"template":"","format":"standard","meta":{"wpb_read_more":[],"footnotes":""},"categories":[234],"tags":[917,1408,163,1896,49],"class_list":["post-16041","post","type-post","status-publish","format-standard","has-post-thumbnail","hentry","category-cb-poder","tag-ibaneis-rocha","tag-leila-do-volei","tag-mane-garrincha","tag-paulo-fona","tag-rollemberg"],"_links":{"self":[{"href":"https:\/\/blogs2.correiobraziliense.com.br\/cbpoder\/wp-json\/wp\/v2\/posts\/16041","targetHints":{"allow":["GET"]}}],"collection":[{"href":"https:\/\/blogs2.correiobraziliense.com.br\/cbpoder\/wp-json\/wp\/v2\/posts"}],"about":[{"href":"https:\/\/blogs2.correiobraziliense.com.br\/cbpoder\/wp-json\/wp\/v2\/types\/post"}],"author":[{"embeddable":true,"href":"https:\/\/blogs2.correiobraziliense.com.br\/cbpoder\/wp-json\/wp\/v2\/users\/9"}],"replies":[{"embeddable":true,"href":"https:\/\/blogs2.correiobraziliense.com.br\/cbpoder\/wp-json\/wp\/v2\/comments?post=16041"}],"version-history":[{"count":2,"href":"https:\/\/blogs2.correiobraziliense.com.br\/cbpoder\/wp-json\/wp\/v2\/posts\/16041\/revisions"}],"predecessor-version":[{"id":16043,"href":"https:\/\/blogs2.correiobraziliense.com.br\/cbpoder\/wp-json\/wp\/v2\/posts\/16041\/revisions\/16043"}],"wp:featuredmedia":[{"embeddable":true,"href":"https:\/\/blogs2.correiobraziliense.com.br\/cbpoder\/wp-json\/wp\/v2\/media\/8538"}],"wp:attachment":[{"href":"https:\/\/blogs2.correiobraziliense.com.br\/cbpoder\/wp-json\/wp\/v2\/media?parent=16041"}],"wp:term":[{"taxonomy":"category","embeddable":true,"href":"https:\/\/blogs2.correiobraziliense.com.br\/cbpoder\/wp-json\/wp\/v2\/categories?post=16041"},{"taxonomy":"post_tag","embeddable":true,"href":"https:\/\/blogs2.correiobraziliense.com.br\/cbpoder\/wp-json\/wp\/v2\/tags?post=16041"}],"curies":[{"name":"wp","href":"https:\/\/api.w.org\/{rel}","templated":true}]}}