{"id":16148,"date":"2019-08-10T13:30:00","date_gmt":"2019-08-10T16:30:00","guid":{"rendered":"https:\/\/blogs2.correiobraziliense.com.br\/cbpoder\/?p=16148"},"modified":"2019-08-10T13:55:45","modified_gmt":"2019-08-10T16:55:45","slug":"bolsonaro-defende-o-fim-dos-pardais-e-radares-moveis-no-df","status":"publish","type":"post","link":"https:\/\/blogs2.correiobraziliense.com.br\/cbpoder\/bolsonaro-defende-o-fim-dos-pardais-e-radares-moveis-no-df\/","title":{"rendered":"Bolsonaro defende o fim dos pardais e radares m\u00f3veis no DF"},"content":{"rendered":"<h5>ANA MARIA CAMPOS<\/h5>\n<p>Ao participar hoje (10\/08) da Marcha de Jesus, o presidente Jair Bolsonaro abriu uma guerra ao que chama de \u201cind\u00fastria de multas\u201d no Distrito Federal. E, em seu discurso, conclamou o governador Ibaneis Rocha (MDB) a se unir nessa batalha eliminando das ruas da capital os pardais e radares m\u00f3veis.<\/p>\n<p>&nbsp;<\/p>\n<p>Bolsonaro discursou: \u201cNingu\u00e9m consegue andar no DF sem ser multado. Isso \u00e9 uma covardia. Chega de roubar o povo brasileiro\u201d.<\/p>\n<p>&nbsp;<\/p>\n<p>O presidente acrescentou: \u201cTenho certeza que o governador vai estudar esse caso e vai acabar com essa roubalheira aqui em Bras\u00edlia tamb\u00e9m, a exemplo do governador Ronaldo Caiado, de Goi\u00e1s, que acabou com os pardais l\u00e1 e nas pr\u00f3ximas semanas v\u00e3o acabar tamb\u00e9m com os radares m\u00f3veis que o pessoal fica atr\u00e1s de uma \u00e1rvore para multar voc\u00ea num ret\u00e3o\u201d.<\/p>\n<p>&nbsp;<\/p>\n<p>Ao Correio, Ibaneis disse que tamb\u00e9m n\u00e3o concorda com equipamentos eletr\u00f4nicos de controle de velocidade que ficam escondidos apenas para multar, mas considera os pardais importantes para preservar vidas no tr\u00e2nsito. \u201cSou pela paz no tr\u00e2nsito\u201d, afirmou.<\/p>\n<p>&nbsp;<\/p>\n<p>Segundo Ibaneis, a legisla\u00e7\u00e3o \u00e9 cumprida no DF e o presidente tem poderes para alterar as regras estabelecidas pelo Denatran (Departamento Nacional de Tr\u00e2nsito), se considerar pertinente. \u201cAqui a gente cumpre a lei\u201d, disse Ibaneis que estava tamb\u00e9m na Marcha para Jesus e conversou com Bolsonaro sobre o assunto.<\/p>\n<p>&nbsp;<\/p>\n<p>https:\/\/youtu.be\/PVuyKrgDowI<\/p>\n<p>&nbsp;<\/p>\n","protected":false},"excerpt":{"rendered":"<p>ANA MARIA CAMPOS Ao participar hoje (10\/08) da Marcha de Jesus, o presidente Jair Bolsonaro abriu uma guerra ao que chama de \u201cind\u00fastria de multas\u201d no Distrito Federal. E, em seu discurso, conclamou o governador Ibaneis Rocha (MDB) a se unir nessa batalha eliminando das ruas da capital os pardais e radares m\u00f3veis. &nbsp; Bolsonaro [&hellip;]<\/p>\n","protected":false},"author":9,"featured_media":16153,"comment_status":"open","ping_status":"closed","sticky":false,"template":"","format":"standard","meta":{"wpb_read_more":[],"footnotes":""},"categories":[234],"tags":[1143,1917,1915,1916],"class_list":["post-16148","post","type-post","status-publish","format-standard","has-post-thumbnail","hentry","category-cb-poder","tag-bolsonaro","tag-marcha-para-jesus","tag-pardais","tag-transito"],"_links":{"self":[{"href":"https:\/\/blogs2.correiobraziliense.com.br\/cbpoder\/wp-json\/wp\/v2\/posts\/16148","targetHints":{"allow":["GET"]}}],"collection":[{"href":"https:\/\/blogs2.correiobraziliense.com.br\/cbpoder\/wp-json\/wp\/v2\/posts"}],"about":[{"href":"https:\/\/blogs2.correiobraziliense.com.br\/cbpoder\/wp-json\/wp\/v2\/types\/post"}],"author":[{"embeddable":true,"href":"https:\/\/blogs2.correiobraziliense.com.br\/cbpoder\/wp-json\/wp\/v2\/users\/9"}],"replies":[{"embeddable":true,"href":"https:\/\/blogs2.correiobraziliense.com.br\/cbpoder\/wp-json\/wp\/v2\/comments?post=16148"}],"version-history":[{"count":2,"href":"https:\/\/blogs2.correiobraziliense.com.br\/cbpoder\/wp-json\/wp\/v2\/posts\/16148\/revisions"}],"predecessor-version":[{"id":16151,"href":"https:\/\/blogs2.correiobraziliense.com.br\/cbpoder\/wp-json\/wp\/v2\/posts\/16148\/revisions\/16151"}],"wp:featuredmedia":[{"embeddable":true,"href":"https:\/\/blogs2.correiobraziliense.com.br\/cbpoder\/wp-json\/wp\/v2\/media\/16153"}],"wp:attachment":[{"href":"https:\/\/blogs2.correiobraziliense.com.br\/cbpoder\/wp-json\/wp\/v2\/media?parent=16148"}],"wp:term":[{"taxonomy":"category","embeddable":true,"href":"https:\/\/blogs2.correiobraziliense.com.br\/cbpoder\/wp-json\/wp\/v2\/categories?post=16148"},{"taxonomy":"post_tag","embeddable":true,"href":"https:\/\/blogs2.correiobraziliense.com.br\/cbpoder\/wp-json\/wp\/v2\/tags?post=16148"}],"curies":[{"name":"wp","href":"https:\/\/api.w.org\/{rel}","templated":true}]}}