{"id":16257,"date":"2019-08-16T15:09:02","date_gmt":"2019-08-16T18:09:02","guid":{"rendered":"https:\/\/blogs2.correiobraziliense.com.br\/cbpoder\/?p=16257"},"modified":"2019-08-16T15:09:02","modified_gmt":"2019-08-16T18:09:02","slug":"chico-vigilante-e-internado-em-uti-com-dores-no-peito","status":"publish","type":"post","link":"https:\/\/blogs2.correiobraziliense.com.br\/cbpoder\/chico-vigilante-e-internado-em-uti-com-dores-no-peito\/","title":{"rendered":"Chico Vigilante \u00e9 internado em UTI com dores no peito"},"content":{"rendered":"<h4>BRUNA LIMA<\/h4>\n<p>O deputado distrital Chico Vigilante (PT) est\u00e1 internado no Hospital do Cora\u00e7\u00e3o do Brasil, localizado na Asa Sul, desde a noite de quinta-feira (15\/8), quando deu entrada sentindo fortes dores no peito. Ele segue sendo acompanhado na unidade de terapia intensiva (UTI), onde passa por exames para verificar as poss\u00edveis causas dos sintomas.<\/p>\n<p>Ao Correio, o parlamentar alegou estar bem. &#8220;Acho que n\u00e3o \u00e9 nada s\u00e9rio, vai dar tudo certo&#8221;. Ele especula que o estresse decorrente do momento atual do cen\u00e1rio local e nacional possa ser a causa das dores. &#8220;\u00c9 preocupa\u00e7\u00e3o com tudo o que est\u00e1 acontecendo com Bras\u00edlia, com o Brasil. A gente somatiza tudo e termina refletindo (na sa\u00fade)&#8221;, diz.<\/p>\n<p>Ainda n\u00e3o h\u00e1 previs\u00e3o de alta para o distrital, que, no ano passado, tamb\u00e9m foi parar na emerg\u00eancia de um hospital, devido a uma infec\u00e7\u00e3o urin\u00e1ria. Chico Vigilante iniciou a vida pol\u00edtica na d\u00e9cada de 90, como deputado federal. No cen\u00e1rio local, foi eleito em 2002 como distrital e retornou \u00e0 C\u00e2mara Legislativa em 2010. Desde ent\u00e3o, foi reeleito nos mandatos seguintes e n\u00e3o deixou a cadeira.<\/p>\n","protected":false},"excerpt":{"rendered":"<p>BRUNA LIMA O deputado distrital Chico Vigilante (PT) est\u00e1 internado no Hospital do Cora\u00e7\u00e3o do Brasil, localizado na Asa Sul, desde a noite de quinta-feira (15\/8), quando deu entrada sentindo fortes dores no peito. Ele segue sendo acompanhado na unidade de terapia intensiva (UTI), onde passa por exames para verificar as poss\u00edveis causas dos sintomas. [&hellip;]<\/p>\n","protected":false},"author":75,"featured_media":15835,"comment_status":"open","ping_status":"closed","sticky":false,"template":"","format":"standard","meta":{"wpb_read_more":[],"footnotes":""},"categories":[6],"tags":[400,80],"class_list":["post-16257","post","type-post","status-publish","format-standard","has-post-thumbnail","hentry","category-noticias","tag-cldf","tag-deputado"],"_links":{"self":[{"href":"https:\/\/blogs2.correiobraziliense.com.br\/cbpoder\/wp-json\/wp\/v2\/posts\/16257","targetHints":{"allow":["GET"]}}],"collection":[{"href":"https:\/\/blogs2.correiobraziliense.com.br\/cbpoder\/wp-json\/wp\/v2\/posts"}],"about":[{"href":"https:\/\/blogs2.correiobraziliense.com.br\/cbpoder\/wp-json\/wp\/v2\/types\/post"}],"author":[{"embeddable":true,"href":"https:\/\/blogs2.correiobraziliense.com.br\/cbpoder\/wp-json\/wp\/v2\/users\/75"}],"replies":[{"embeddable":true,"href":"https:\/\/blogs2.correiobraziliense.com.br\/cbpoder\/wp-json\/wp\/v2\/comments?post=16257"}],"version-history":[{"count":1,"href":"https:\/\/blogs2.correiobraziliense.com.br\/cbpoder\/wp-json\/wp\/v2\/posts\/16257\/revisions"}],"predecessor-version":[{"id":16258,"href":"https:\/\/blogs2.correiobraziliense.com.br\/cbpoder\/wp-json\/wp\/v2\/posts\/16257\/revisions\/16258"}],"wp:featuredmedia":[{"embeddable":true,"href":"https:\/\/blogs2.correiobraziliense.com.br\/cbpoder\/wp-json\/wp\/v2\/media\/15835"}],"wp:attachment":[{"href":"https:\/\/blogs2.correiobraziliense.com.br\/cbpoder\/wp-json\/wp\/v2\/media?parent=16257"}],"wp:term":[{"taxonomy":"category","embeddable":true,"href":"https:\/\/blogs2.correiobraziliense.com.br\/cbpoder\/wp-json\/wp\/v2\/categories?post=16257"},{"taxonomy":"post_tag","embeddable":true,"href":"https:\/\/blogs2.correiobraziliense.com.br\/cbpoder\/wp-json\/wp\/v2\/tags?post=16257"}],"curies":[{"name":"wp","href":"https:\/\/api.w.org\/{rel}","templated":true}]}}