{"id":16276,"date":"2019-08-18T23:48:03","date_gmt":"2019-08-19T02:48:03","guid":{"rendered":"https:\/\/blogs2.correiobraziliense.com.br\/cbpoder\/?p=16276"},"modified":"2019-08-18T23:51:46","modified_gmt":"2019-08-19T02:51:46","slug":"com-apoio-de-flavio-bolsonaro-presidente-deve-nomear-subprocurador-antonio-carlos-martins-soares-para-a-pgr","status":"publish","type":"post","link":"https:\/\/blogs2.correiobraziliense.com.br\/cbpoder\/com-apoio-de-flavio-bolsonaro-presidente-deve-nomear-subprocurador-antonio-carlos-martins-soares-para-a-pgr\/","title":{"rendered":"Com apoio de Fl\u00e1vio Bolsonaro, presidente deve nomear subprocurador Ant\u00f4nio Carlos Martins Soares para a PGR"},"content":{"rendered":"<h4>ANA MARIA CAMPOS<\/h4>\n<p>O presidente Jair Bolsonaro deve anunciar nesta semana o novo procurador-geral da Rep\u00fablica que vai suceder a atual chefe do Minist\u00e9rio P\u00fablico Federal, Raquel Dodge. Tudo indica que o escolhido \u00e9 o do subprocurador-geral da Rep\u00fablica Ant\u00f4nio Carlos Martins Soares.<\/p>\n<p>&nbsp;<\/p>\n<p>Desconhecido fora do MPF, Soares \u00e9 do Rio de Janeiro e tem o apoio do filho 01, o senador Fl\u00e1vio Bolsonaro (PSL-RJ), e do advogado dele, o criminalista Frederick Wassef.<\/p>\n<p>&nbsp;<\/p>\n<p>Wassef \u00e9 o advogado que entrou com pedido de suspens\u00e3o das investiga\u00e7\u00f5es sobre movimenta\u00e7\u00f5es financeiras suspeitas de Fl\u00e1vio Bolsonaro e conseguiu uma liminar do presidente do Supremo Tribunal Federal (STF), Dias Toffoli.<\/p>\n<p>&nbsp;<\/p>\n<p>Toffoli considerou que a Pol\u00edcia Federal e o Minist\u00e9rio P\u00fablico n\u00e3o poderiam ter acesso a dados do Coaf sem autoriza\u00e7\u00e3o judicial. A medida paralisou investiga\u00e7\u00f5es em todo o pa\u00eds.<\/p>\n<p>&nbsp;<\/p>\n<p>O subprocurador-geral da Rep\u00fablica Augusto Aras era o mais cotado, mas j\u00e1 foi avisado por interlocutores do Pal\u00e1cio do Planalto que est\u00e1 fora do p\u00e1reo.<\/p>\n<p>&nbsp;<\/p>\n<p>Pesou contra Aras uma fritura que aliados consideram ter partido de colegas que defendem a nomea\u00e7\u00e3o de um dos nomes escolhidos na lista tr\u00edplice promovida pela Associa\u00e7\u00e3o Nacional dos Procuradores da Rep\u00fablica (ANPR).<\/p>\n<p>&nbsp;<\/p>\n<p>Aras foi identificado com um discurso de esquerda.<\/p>\n<p>&nbsp;<\/p>\n<p>Bolsonaro chegou a receber o primeiro da lista, o subprocurador M\u00e1rio Bonsaglia. Mas nunca se comprometeu com a lista. Pela Constitui\u00e7\u00e3o, o presidente da Rep\u00fablica pode escolher entre qualquer membro do Minist\u00e9rio P\u00fablico da Uni\u00e3o (MPU), em seus quatro ramos.<\/p>\n<p>&nbsp;<\/p>\n<p>Cabe ao Senado referendar ou n\u00e3o a escolha.<\/p>\n<p>&nbsp;<\/p>\n<p>&nbsp;<\/p>\n","protected":false},"excerpt":{"rendered":"<p>ANA MARIA CAMPOS O presidente Jair Bolsonaro deve anunciar nesta semana o novo procurador-geral da Rep\u00fablica que vai suceder a atual chefe do Minist\u00e9rio P\u00fablico Federal, Raquel Dodge. Tudo indica que o escolhido \u00e9 o do subprocurador-geral da Rep\u00fablica Ant\u00f4nio Carlos Martins Soares. &nbsp; Desconhecido fora do MPF, Soares \u00e9 do Rio de Janeiro e [&hellip;]<\/p>\n","protected":false},"author":9,"featured_media":16280,"comment_status":"open","ping_status":"closed","sticky":false,"template":"","format":"standard","meta":{"wpb_read_more":[],"footnotes":""},"categories":[234],"tags":[1938,1143,1939,1063],"class_list":["post-16276","post","type-post","status-publish","format-standard","has-post-thumbnail","hentry","category-cb-poder","tag-antonio-carlos-martins-soares","tag-bolsonaro","tag-flavio-bolsonaro","tag-pgr"],"_links":{"self":[{"href":"https:\/\/blogs2.correiobraziliense.com.br\/cbpoder\/wp-json\/wp\/v2\/posts\/16276","targetHints":{"allow":["GET"]}}],"collection":[{"href":"https:\/\/blogs2.correiobraziliense.com.br\/cbpoder\/wp-json\/wp\/v2\/posts"}],"about":[{"href":"https:\/\/blogs2.correiobraziliense.com.br\/cbpoder\/wp-json\/wp\/v2\/types\/post"}],"author":[{"embeddable":true,"href":"https:\/\/blogs2.correiobraziliense.com.br\/cbpoder\/wp-json\/wp\/v2\/users\/9"}],"replies":[{"embeddable":true,"href":"https:\/\/blogs2.correiobraziliense.com.br\/cbpoder\/wp-json\/wp\/v2\/comments?post=16276"}],"version-history":[{"count":2,"href":"https:\/\/blogs2.correiobraziliense.com.br\/cbpoder\/wp-json\/wp\/v2\/posts\/16276\/revisions"}],"predecessor-version":[{"id":16279,"href":"https:\/\/blogs2.correiobraziliense.com.br\/cbpoder\/wp-json\/wp\/v2\/posts\/16276\/revisions\/16279"}],"wp:featuredmedia":[{"embeddable":true,"href":"https:\/\/blogs2.correiobraziliense.com.br\/cbpoder\/wp-json\/wp\/v2\/media\/16280"}],"wp:attachment":[{"href":"https:\/\/blogs2.correiobraziliense.com.br\/cbpoder\/wp-json\/wp\/v2\/media?parent=16276"}],"wp:term":[{"taxonomy":"category","embeddable":true,"href":"https:\/\/blogs2.correiobraziliense.com.br\/cbpoder\/wp-json\/wp\/v2\/categories?post=16276"},{"taxonomy":"post_tag","embeddable":true,"href":"https:\/\/blogs2.correiobraziliense.com.br\/cbpoder\/wp-json\/wp\/v2\/tags?post=16276"}],"curies":[{"name":"wp","href":"https:\/\/api.w.org\/{rel}","templated":true}]}}