{"id":16293,"date":"2019-08-20T08:06:28","date_gmt":"2019-08-20T11:06:28","guid":{"rendered":"https:\/\/blogs2.correiobraziliense.com.br\/cbpoder\/?p=16293"},"modified":"2019-08-20T08:06:28","modified_gmt":"2019-08-20T11:06:28","slug":"apontado-como-desconhecido-indicado-de-flavio-bolsonaro-para-pgr-passa-por-fritura","status":"publish","type":"post","link":"https:\/\/blogs2.correiobraziliense.com.br\/cbpoder\/apontado-como-desconhecido-indicado-de-flavio-bolsonaro-para-pgr-passa-por-fritura\/","title":{"rendered":"Apontado como desconhecido, indicado de Fl\u00e1vio Bolsonaro para PGR passa por fritura"},"content":{"rendered":"<h6><strong>Coluna Eixo Capital\/Por Ana Maria Campos<\/strong><\/h6>\n<p>Em busca de algu\u00e9m afinado \u00e0 sua linha ideol\u00f3gica e ao seu governo, o presidente Jair Bolsonaro demora para encontrar o nome que vai suceder a procuradora-geral da Rep\u00fablica, Raquel Dodge. No fim de semana,<a href=\"https:\/\/blogs2.correiobraziliense.com.br\/cbpoder\/com-apoio-de-flavio-bolsonaro-presidente-deve-nomear-subprocurador-antonio-carlos-martins-soares-para-a-pgr\/\"> interlocutores de Bolsonaro avisaram aos candidatos que o subprocurador do Rio de Janeiro Ant\u00f4nio Carlos Sim\u00f5es Martins Soares, indicado pelo filho 01, o senador Fl\u00e1vio Bolsonaro (PSL-RJ), seria nomeado<\/a>.<\/p>\n<p>Mas desde ent\u00e3o a fritura come\u00e7ou. Ele \u00e9 apontado como um ilustre desconhecido dentro e fora do Minist\u00e9rio P\u00fablico Federal. Ontem o presidente recebeu novos membros do MP para conversar sobre o assunto. Enquanto isso, procuradores fizeram um tuita\u00e7o defendendo a escolha de um dos nomes da lista tr\u00edplice. H\u00e1 quem aposte que, com tantas arestas, melhor para Bolsonaro ser\u00e1 deixar Raquel Dodge mais dois anos no cargo.<\/p>\n<h2><strong>Pelo veto ao projeto de lei de abuso de autoridade<\/strong><\/h2>\n<p>Presidido pelo diretor-geral da Pol\u00edcia Civil do DF, o Conselho Nacional dos Chefes de Pol\u00edcia Civil (CONPC) divulgou nota em que repudia a aprova\u00e7\u00e3o pelo Congresso Nacional da lei de abuso de autoridade e recomenda que o presidente Jair Bolsonaro vete o texto. \u201cEnquanto a sociedade espera, ansiosamente, que o Estado reaja firmemente \u00e0 criminalidade que a assola e faz ref\u00e9m, seja criando mecanismos mais eficientes de combate \u00e0 corrup\u00e7\u00e3o e ao crime organizado ou, ainda, qualificando a repress\u00e3o a crimes violentos, o Congresso Nacional cuidou de voltar seus esfor\u00e7os justamente contra aqueles que, a despeito de todas as dificuldades, se dedicam a lutar pela ordem, seguran\u00e7a p\u00fablica e defesa da justi\u00e7a\u201d, diz a nota.<\/p>\n<h2>\n<strong>Para ler, amar e se deliciar<\/strong><\/h2>\n<p>O jornalista Jos\u00e9 Carlos Vieira, editor de Cultura, Cidades e da Revista de Domingo do Correio Braziliense, lan\u00e7a hoje Voc\u00ea \u2014 Poemas de paix\u00f5es e coisas parecidas. Ser\u00e1 no Beirute, a partir de 20h.<\/p>\n<h2><strong>Ensaio eleitoral<\/strong><\/h2>\n<p>O ex-vice-governador Tadeu Filippelli participou s\u00e1bado do evento em que o governador Ibaneis Rocha anunciou investimentos para a regulariza\u00e7\u00e3o de S\u00e3o Sebasti\u00e3o. Os moradores ouviram de Ibaneis que o colega do MDB \u201ctalvez seja a pessoa que melhor conhece a cidade\u201d. Filippelli trabalha para voltar aos mandatos e conta com a ajuda de Ibaneis. S\u00e3o Sebasti\u00e3o \u00e9 sua antiga base eleitoral.<\/p>\n<h2>\n<strong>De bem com o cora\u00e7\u00e3o<\/strong><\/h2>\n<p>O deputado Chico Vigilante (PT) teve alta ontem, depois de quatro dias no Hospital do Cora\u00e7\u00e3o do Brasil. Ele sentiu dores no peito durante as atividades do mandato e se internou para exames e acompanhamento do quadro. Ele n\u00e3o precisou se submeter a cirurgia e informou que estar\u00e1 presente \u00e0 sess\u00e3o plen\u00e1ria de hoje da C\u00e2mara Legislativa.<\/p>\n","protected":false},"excerpt":{"rendered":"<p>Coluna Eixo Capital\/Por Ana Maria Campos Em busca de algu\u00e9m afinado \u00e0 sua linha ideol\u00f3gica e ao seu governo, o presidente Jair Bolsonaro demora para encontrar o nome que vai suceder a procuradora-geral da Rep\u00fablica, Raquel Dodge. No fim de semana, interlocutores de Bolsonaro avisaram aos candidatos que o subprocurador do Rio de Janeiro Ant\u00f4nio [&hellip;]<\/p>\n","protected":false},"author":9,"featured_media":16280,"comment_status":"open","ping_status":"closed","sticky":false,"template":"","format":"standard","meta":{"wpb_read_more":[],"footnotes":""},"categories":[234],"tags":[1143,1939,1063,1918],"class_list":["post-16293","post","type-post","status-publish","format-standard","has-post-thumbnail","hentry","category-cb-poder","tag-bolsonaro","tag-flavio-bolsonaro","tag-pgr","tag-raquel-dodge"],"_links":{"self":[{"href":"https:\/\/blogs2.correiobraziliense.com.br\/cbpoder\/wp-json\/wp\/v2\/posts\/16293","targetHints":{"allow":["GET"]}}],"collection":[{"href":"https:\/\/blogs2.correiobraziliense.com.br\/cbpoder\/wp-json\/wp\/v2\/posts"}],"about":[{"href":"https:\/\/blogs2.correiobraziliense.com.br\/cbpoder\/wp-json\/wp\/v2\/types\/post"}],"author":[{"embeddable":true,"href":"https:\/\/blogs2.correiobraziliense.com.br\/cbpoder\/wp-json\/wp\/v2\/users\/9"}],"replies":[{"embeddable":true,"href":"https:\/\/blogs2.correiobraziliense.com.br\/cbpoder\/wp-json\/wp\/v2\/comments?post=16293"}],"version-history":[{"count":1,"href":"https:\/\/blogs2.correiobraziliense.com.br\/cbpoder\/wp-json\/wp\/v2\/posts\/16293\/revisions"}],"predecessor-version":[{"id":16294,"href":"https:\/\/blogs2.correiobraziliense.com.br\/cbpoder\/wp-json\/wp\/v2\/posts\/16293\/revisions\/16294"}],"wp:featuredmedia":[{"embeddable":true,"href":"https:\/\/blogs2.correiobraziliense.com.br\/cbpoder\/wp-json\/wp\/v2\/media\/16280"}],"wp:attachment":[{"href":"https:\/\/blogs2.correiobraziliense.com.br\/cbpoder\/wp-json\/wp\/v2\/media?parent=16293"}],"wp:term":[{"taxonomy":"category","embeddable":true,"href":"https:\/\/blogs2.correiobraziliense.com.br\/cbpoder\/wp-json\/wp\/v2\/categories?post=16293"},{"taxonomy":"post_tag","embeddable":true,"href":"https:\/\/blogs2.correiobraziliense.com.br\/cbpoder\/wp-json\/wp\/v2\/tags?post=16293"}],"curies":[{"name":"wp","href":"https:\/\/api.w.org\/{rel}","templated":true}]}}