{"id":16342,"date":"2019-08-26T07:51:52","date_gmt":"2019-08-26T10:51:52","guid":{"rendered":"https:\/\/blogs2.correiobraziliense.com.br\/cbpoder\/?p=16342"},"modified":"2019-08-26T07:51:53","modified_gmt":"2019-08-26T10:51:53","slug":"o-barulho-das-redes-sociais-na-politica","status":"publish","type":"post","link":"https:\/\/blogs2.correiobraziliense.com.br\/cbpoder\/o-barulho-das-redes-sociais-na-politica\/","title":{"rendered":"O barulho das redes sociais na pol\u00edtica"},"content":{"rendered":"<h6><strong>Coluna Eixo Capital\/Por Ana Maria Campos<\/strong><\/h6>\n<p>Ao deixar o PSL, o deputado Alexandre Frota (PSDB-SP) passou a ser bombardeado por bolsonaristas, mas n\u00e3o fez as pazes com os petistas. O jeito foi fugir das redes sociais. Mesmo caminho adotado pela jornalista Raquel Sherazade, depois de fazer cr\u00edticas a Bolsonaro. As redes podem ser cru\u00e9is. Muita gente tem preferido n\u00e3o postar, para escapar de coment\u00e1rios cr\u00edticos. Muitas vezes uma boa not\u00edcia divulgada nas redes toma dimens\u00e3o oposta e vira desgaste. Aconteceu muito com o ex-governador Rodrigo Rollemberg, no auge da rejei\u00e7\u00e3o \u00e0 sua administra\u00e7\u00e3o. O ex-senador Cristovam Buarque (PPS-DF) disse que deu uma olhada nos coment\u00e1rios do Twitter e chegou a algumas conclus\u00f5es: estava certo ao votar a favor do impeachment de Dilma Rousseff; Bolsonaro \u00e9 pior do que Dilma e \u00e9 \u201cdivertido\u201d irritar as duas milit\u00e2ncias. Depois disso, vai ficar mais tr\u00eas anos sem ler as cr\u00edticas.<\/p>\n<h2><strong>Dupla do equil\u00edbrio<\/strong><\/h2>\n<p>Muita gente comentando que a dupla na linha de frente do governo Ibaneis, formada pelo secret\u00e1rio de Governo, Jos\u00e9 Humberto Pires, e da Casa Civil, Valdet\u00e1rio Monteiro, tem acertado muito e d\u00e1 estabilidade a uma gest\u00e3o que vive momentos de embates.<\/p>\n<h2><strong>Vasca\u00ednos magoados<\/strong><\/h2>\n<p>De todos os conflitos do governador Ibaneis Rocha, o mais dif\u00edcil de curar ser\u00e1 o tom de torcida contra os vasca\u00ednos. A coluna j\u00e1 ouviu v\u00e1rios que ainda n\u00e3o perdoaram.<\/p>\n<h2><strong>Interinidade prolongada<\/strong><\/h2>\n<p>Procuradores apostam agora que o presidente Jair Bolsonaro pode agir pela in\u00e9rcia no MP. Mant\u00e9m a procuradora-geral da Rep\u00fablica, Raquel Dodge, por mais dois anos, ou testa um interino, o subprocurador-geral da Rep\u00fablica Alcides Martins, vice-presidente do Conselho do MPF. Ele \u00e9 considerado conservador, como deseja Bolsonaro, e tem o respeito dos colegas.<\/p>\n<h2><strong>Inani\u00e7\u00e3o<\/strong><\/h2>\n<p>A Opera\u00e7\u00e3o Lava-Jato pode morrer por inani\u00e7\u00e3o a depender da condu\u00e7\u00e3o das investiga\u00e7\u00f5es a serem conduzidas pelo pr\u00f3ximo comando da Procuradoria-Geral da Rep\u00fablica. A avalia\u00e7\u00e3o \u00e9 do procurador do Minist\u00e9rio P\u00fablico junto ao TCU J\u00falio Marcelo de Oliveira. Para isso, basta que as for\u00e7as-tarefas sejam enfraquecidas e desmanteladas com o tempo.<\/p>\n<h2><strong>Mandou bem<\/strong><\/h2>\n<p>A crise na Amaz\u00f4nia tem um lado positivo: provocou a mobiliza\u00e7\u00e3o da sociedade em todo o mundo em defesa da preserva\u00e7\u00e3o do meio ambiente e com preocupa\u00e7\u00e3o pelas mudan\u00e7as clim\u00e1ticas. Nunca se viu tantos brasileiros discutindo o tema.<\/p>\n<h2><strong>Mandou mal<\/strong><\/h2>\n<p>O governador do Rio, Wilson Witzel, dispensou a sobriedade e comemorou como um gol o desfecho do sequestro de um \u00f4nibus com ref\u00e9ns na Ponte Rio-Niter\u00f3i. O problema \u00e9 que as negocia\u00e7\u00f5es falharam e a PM teve de abater o sequestrador. Muitas vidas foram preservadas, mas uma pessoa morreu. Sem motivos para celebra\u00e7\u00e3o.<\/p>\n<h2><strong>Para evitar acidentes<\/strong><\/h2>\n<p>A C\u00e2mara Legislativa debate amanh\u00e3 a proibi\u00e7\u00e3o de venda e uso de cerol e das linhas cortantes. Presen\u00e7a confirmada de motociclistas e autoridades ligadas ao tr\u00e2nsito, \u00e0 seguran\u00e7a e \u00e0 educa\u00e7\u00e3o. A iniciativa \u00e9 dos deputados Cl\u00e1udio Abrantes (PDT), Valdelino Barcelos (PP) e Reginaldo Sardinha (Avante). Ser\u00e1 a partir das 19h.<\/p>\n<h2><strong>De barriga cheia<\/strong><\/h2>\n<p>Uma portaria, publicada sexta-feira no Di\u00e1rio Oficial do DF, definiu o valor do aux\u00edlio-alimenta\u00e7\u00e3o dos servidores da Defensoria P\u00fablica do DF: R$ 1.310,97. Tr\u00eas vezes mais do que recebem, em geral, os funcion\u00e1rios do GDF: R$ 394,50. Mas, ainda, um pouco menos que os da C\u00e2mara Legislativa, que levam todo m\u00eas R$ 1.340,68. T\u00e9cnicos do Legislativo consideram que o novo valor do aux\u00edlio da Defensoria P\u00fablica est\u00e1 irregular porque deveria ter sido definido por lei.<\/p>\n<h2><strong>Enquanto isso&#8230; Na sala de Justi\u00e7a<\/strong><\/h2>\n<p>Est\u00e1 na pauta da Primeira Se\u00e7\u00e3o do STJ de quarta-feira Mandado de Seguran\u00e7a (MS) em que o ex-reitor da UnB Timothy Martin Mulholland recorre contra ato do ministro da Educa\u00e7\u00e3o que o demitiu do cargo de professor da universidade, em 2015. Ele aponta ilegalidade da medida, pois o prazo para aplicar a pena de demiss\u00e3o (cinco anos) teria vencido em 2014. Tamb\u00e9m pede que seja reconhecida a nulidade do processo administrativo disciplinar que culminou em sua demiss\u00e3o, por suposta falta de imparcialidade dos servidores que o conduziram. Em relat\u00f3rio do MEC, o professor foi acusado de integrar um suposto esquema de corrup\u00e7\u00e3o com envolvimento da Editora da UnB e da Funda\u00e7\u00e3o UnB, entre 2007 e 2008, que somaria R$ 19,5 milh\u00f5es.<\/p>\n<h2>\n<strong>Reelei\u00e7\u00e3o no TCDF em debate<\/strong><\/h2>\n<p>O Tribunal de Contas do DF come\u00e7ou a julgar uma representa\u00e7\u00e3o do Minist\u00e9rio P\u00fablico de Contas que questiona a legalidade da reelei\u00e7\u00e3o para cargos de dire\u00e7\u00e3o na Corte. Mas o relator do processo, conselheiro Paulo Tadeu, prop\u00f4s \u2014 o que foi acatado em plen\u00e1rio \u2014 que o julgamento fique suspenso at\u00e9 que o Supremo Tribunal Federal analise um caso semelhante envolvendo o Tribunal de Contas do Rio de Janeiro. H\u00e1, no entanto, uma diferen\u00e7a. L\u00e1 o instituto da reelei\u00e7\u00e3o \u00e9 previsto no Regimento Interno. Aqui, n\u00e3o. A atual presidente do TCDF, Anilc\u00e9ia Machado, foi reeleita em dezembro por unanimidade. O nome da vez, Paulo Tadeu, abriu m\u00e3o de concorrer ao cargo.<\/p>\n<h2><strong>Auditoria c\u00edvica no transporte<\/strong><\/h2>\n<p>Teve in\u00edcio, na semana passada, a primeira auditoria c\u00edvica do transporte p\u00fablico rodovi\u00e1rio do DF. O projeto \u201cComo anda meu \u00f4nibus\u201d \u00e9 uma iniciativa do Instituto de Fiscaliza\u00e7\u00e3o e Controle (IFC) com o apoio do Minist\u00e9rio P\u00fablico do DF e Territ\u00f3rios (MPDFT). Durante um ano, o cidad\u00e3o poder\u00e1 avaliar os \u00f4nibus da cidade. Para isso, basta preencher o question\u00e1rio dispon\u00edvel nos endere\u00e7os eletr\u00f4nicos: www.mpdft.mp.br\/site\/meuonibus\/ e www.ifc.org.br\/meu-onibus. N\u00e3o \u00e9 preciso se identificar.\u201cO objetivo do projeto \u00e9 trazer o cidad\u00e3o para avaliar a pol\u00edtica p\u00fablica de transporte coletivo do DF. A cada tr\u00eas meses, ser\u00e1 gerado um relat\u00f3rio que o Minist\u00e9rio P\u00fablico vai apresentar \u00e0 Secretaria de Mobilidade como subs\u00eddio para melhorias do servi\u00e7o\u201d, explica a promotora de Justi\u00e7a de Defesa do Patrim\u00f4nio P\u00fablico (Prodep) Lenna Daher.<\/p>\n<h2><strong>S\u00f3 papos<\/strong><\/h2>\n<blockquote><p>\u201cBolsonaro recusou mais de 300 milh\u00f5es da Alemanha e da Noruega para preservar a Amaz\u00f4nia. Salles agora reclama da falta de dinheiro! O governo que est\u00e1 acabando com o Fundo da Amaz\u00f4nia n\u00e3o consegue admitir que o problema deles \u00e9 a incompet\u00eancia\u201d<\/p><\/blockquote>\n<p style=\"text-align: right\"><strong>Senador Randolfe Rodrigues (Rede-AP)<\/strong><\/p>\n<blockquote><p>\u201cA mineradora norueguesa Norsk Hydro, instalada no Par\u00e1, tem sido beneficiada com ren\u00fancia fiscal da ordem de 7,5 bilh\u00f5es de reais! Se compararmos com os 2 bi &#8216;doados&#8217; pela Noruega ao Fundo Amaz\u00f4nia, vamos constatar que esta &#8216;filantropia ambiental&#8217; j\u00e1 nos custou mais de 5 bilh\u00f5es!\u201d<\/p><\/blockquote>\n<p style=\"text-align: right\"><strong>General reformado Paulo Chagas<\/strong><\/p>\n","protected":false},"excerpt":{"rendered":"<p>Coluna Eixo Capital\/Por Ana Maria Campos Ao deixar o PSL, o deputado Alexandre Frota (PSDB-SP) passou a ser bombardeado por bolsonaristas, mas n\u00e3o fez as pazes com os petistas. O jeito foi fugir das redes sociais. Mesmo caminho adotado pela jornalista Raquel Sherazade, depois de fazer cr\u00edticas a Bolsonaro. As redes podem ser cru\u00e9is. Muita [&hellip;]<\/p>\n","protected":false},"author":9,"featured_media":16343,"comment_status":"open","ping_status":"closed","sticky":false,"template":"","format":"standard","meta":{"wpb_read_more":[],"footnotes":""},"categories":[234],"tags":[],"class_list":["post-16342","post","type-post","status-publish","format-standard","has-post-thumbnail","hentry","category-cb-poder"],"_links":{"self":[{"href":"https:\/\/blogs2.correiobraziliense.com.br\/cbpoder\/wp-json\/wp\/v2\/posts\/16342","targetHints":{"allow":["GET"]}}],"collection":[{"href":"https:\/\/blogs2.correiobraziliense.com.br\/cbpoder\/wp-json\/wp\/v2\/posts"}],"about":[{"href":"https:\/\/blogs2.correiobraziliense.com.br\/cbpoder\/wp-json\/wp\/v2\/types\/post"}],"author":[{"embeddable":true,"href":"https:\/\/blogs2.correiobraziliense.com.br\/cbpoder\/wp-json\/wp\/v2\/users\/9"}],"replies":[{"embeddable":true,"href":"https:\/\/blogs2.correiobraziliense.com.br\/cbpoder\/wp-json\/wp\/v2\/comments?post=16342"}],"version-history":[{"count":1,"href":"https:\/\/blogs2.correiobraziliense.com.br\/cbpoder\/wp-json\/wp\/v2\/posts\/16342\/revisions"}],"predecessor-version":[{"id":16344,"href":"https:\/\/blogs2.correiobraziliense.com.br\/cbpoder\/wp-json\/wp\/v2\/posts\/16342\/revisions\/16344"}],"wp:featuredmedia":[{"embeddable":true,"href":"https:\/\/blogs2.correiobraziliense.com.br\/cbpoder\/wp-json\/wp\/v2\/media\/16343"}],"wp:attachment":[{"href":"https:\/\/blogs2.correiobraziliense.com.br\/cbpoder\/wp-json\/wp\/v2\/media?parent=16342"}],"wp:term":[{"taxonomy":"category","embeddable":true,"href":"https:\/\/blogs2.correiobraziliense.com.br\/cbpoder\/wp-json\/wp\/v2\/categories?post=16342"},{"taxonomy":"post_tag","embeddable":true,"href":"https:\/\/blogs2.correiobraziliense.com.br\/cbpoder\/wp-json\/wp\/v2\/tags?post=16342"}],"curies":[{"name":"wp","href":"https:\/\/api.w.org\/{rel}","templated":true}]}}