{"id":16379,"date":"2019-08-29T06:41:39","date_gmt":"2019-08-29T09:41:39","guid":{"rendered":"https:\/\/blogs2.correiobraziliense.com.br\/cbpoder\/?p=16379"},"modified":"2019-08-29T08:49:25","modified_gmt":"2019-08-29T11:49:25","slug":"mpdft-e-policia-civil-realizam-buscas-na-casa-de-roberio-negreiros","status":"publish","type":"post","link":"https:\/\/blogs2.correiobraziliense.com.br\/cbpoder\/mpdft-e-policia-civil-realizam-buscas-na-casa-de-roberio-negreiros\/","title":{"rendered":"MPDFT e Pol\u00edcia Civil realizam buscas na casa de Rob\u00e9rio Negreiros"},"content":{"rendered":"<h4>ANA MARIA CAMPOS<\/h4>\n<p>O deputado Rob\u00e9rio Negreiros (PSD) \u00e9 alvo da terceira fase da Opera\u00e7\u00e3o\u00a0Absentia deflagrada, nesta manh\u00e3 de quinta-feira (29\/8), pelo Minist\u00e9rio P\u00fablico do Distrito Federal e Territ\u00f3rios (MPDFT), com apoio da Pol\u00edcia Civil do DF.<\/p>\n<p>Promotores de Justi\u00e7a do Grupo de Atua\u00e7\u00e3o Especial de Combate ao Crime Organizado (Gaeco) e da equipe da Procuradoria-geral de Justi\u00e7a do DF cumprem mandados de busca e apreens\u00e3o na casa do deputado no Lago Sul e na resid\u00eancia do servidor Arl\u00e9cio Gazal.<\/p>\n<p>H\u00e1 suspeita de que Rob\u00e9rio\u00a0Negreiros falsificou mais de 50 listas de presen\u00e7a, com a ajuda de Arl\u00e9cio. Eles podem ser denunciados pelos crimes de peculato e de falsidade ideol\u00f3gica. H\u00e1 dois meses, Rob\u00e9rio foi alvo de buscas. <a href=\"https:\/\/blogs2.correiobraziliense.com.br\/cbpoder\/mpdft-deflagra-operacao-na-cldf-para-investigar-fraude-de-roberio-na-lista-de-presenca\/\">Os investigadores recolheram documentos nas empresas da fam\u00edlia e no gabinete do distrital na C\u00e2mara Legislativa<\/a>.<\/p>\n<figure id=\"attachment_16384\" aria-describedby=\"caption-attachment-16384\" style=\"width: 150px\" class=\"wp-caption aligncenter\"><a href=\"https:\/\/blogs2.correiobraziliense.com.br\/cbpoder\/wp-content\/uploads\/sites\/5\/2019\/08\/WhatsApp-Image-2019-08-29-at-08.05.09.jpeg\"><img loading=\"lazy\" decoding=\"async\" class=\"size-thumbnail wp-image-16384\" src=\"https:\/\/blogs2.correiobraziliense.com.br\/cbpoder\/wp-content\/uploads\/sites\/5\/2019\/08\/WhatsApp-Image-2019-08-29-at-08.05.09-150x150.jpeg\" alt=\"casa de Rob\u00e9rio Negreiros\" width=\"150\" height=\"150\" \/><\/a><figcaption id=\"caption-attachment-16384\" class=\"wp-caption-text\">Ed Alves\/CB\/D.A Press<\/figcaption><\/figure>\n<p>Na Pol\u00edcia Civil, a investiga\u00e7\u00e3o est\u00e1 a cargo da Coordena\u00e7\u00e3o de Combate \u00e0 Corrup\u00e7\u00e3o, ao Crime Organizado, aos Crimes contra a Administra\u00e7\u00e3o P\u00fablica e contra a Ordem Tribut\u00e1ria (CECOR).<\/p>\n<h2><strong>Outro lado<\/strong><\/h2>\n<p>Em nota, a defesa de Negreiros diz que o parlamentar &#8220;estranha o fatiamento das dilig\u00eancias \u2014 a terceira \u2014 j\u00e1 que tem mantido uma postura colaborativa com as investiga\u00e7\u00f5es. Os questionamentos sobre aferi\u00e7\u00e3o de presen\u00e7as est\u00e3o sobejamente esclarecidos na manifesta\u00e7\u00e3o un\u00e2nime da Mesa Diretora da CLDF, amparada em pareceres t\u00e9cnicos que atestam a inexist\u00eancia de normatiza\u00e7\u00e3o interna para o controle de frequ\u00eancia.&#8221;<\/p>\n","protected":false},"excerpt":{"rendered":"<p>ANA MARIA CAMPOS O deputado Rob\u00e9rio Negreiros (PSD) \u00e9 alvo da terceira fase da Opera\u00e7\u00e3o\u00a0Absentia deflagrada, nesta manh\u00e3 de quinta-feira (29\/8), pelo Minist\u00e9rio P\u00fablico do Distrito Federal e Territ\u00f3rios (MPDFT), com apoio da Pol\u00edcia Civil do DF. Promotores de Justi\u00e7a do Grupo de Atua\u00e7\u00e3o Especial de Combate ao Crime Organizado (Gaeco) e da equipe da [&hellip;]<\/p>\n","protected":false},"author":9,"featured_media":11290,"comment_status":"open","ping_status":"closed","sticky":false,"template":"","format":"standard","meta":{"wpb_read_more":[],"footnotes":""},"categories":[234],"tags":[1954,1857,665],"class_list":["post-16379","post","type-post","status-publish","format-standard","has-post-thumbnail","hentry","category-cb-poder","tag-arlecio-gazal","tag-operacao-absentia","tag-roberio-negreiros"],"_links":{"self":[{"href":"https:\/\/blogs2.correiobraziliense.com.br\/cbpoder\/wp-json\/wp\/v2\/posts\/16379","targetHints":{"allow":["GET"]}}],"collection":[{"href":"https:\/\/blogs2.correiobraziliense.com.br\/cbpoder\/wp-json\/wp\/v2\/posts"}],"about":[{"href":"https:\/\/blogs2.correiobraziliense.com.br\/cbpoder\/wp-json\/wp\/v2\/types\/post"}],"author":[{"embeddable":true,"href":"https:\/\/blogs2.correiobraziliense.com.br\/cbpoder\/wp-json\/wp\/v2\/users\/9"}],"replies":[{"embeddable":true,"href":"https:\/\/blogs2.correiobraziliense.com.br\/cbpoder\/wp-json\/wp\/v2\/comments?post=16379"}],"version-history":[{"count":5,"href":"https:\/\/blogs2.correiobraziliense.com.br\/cbpoder\/wp-json\/wp\/v2\/posts\/16379\/revisions"}],"predecessor-version":[{"id":16383,"href":"https:\/\/blogs2.correiobraziliense.com.br\/cbpoder\/wp-json\/wp\/v2\/posts\/16379\/revisions\/16383"}],"wp:featuredmedia":[{"embeddable":true,"href":"https:\/\/blogs2.correiobraziliense.com.br\/cbpoder\/wp-json\/wp\/v2\/media\/11290"}],"wp:attachment":[{"href":"https:\/\/blogs2.correiobraziliense.com.br\/cbpoder\/wp-json\/wp\/v2\/media?parent=16379"}],"wp:term":[{"taxonomy":"category","embeddable":true,"href":"https:\/\/blogs2.correiobraziliense.com.br\/cbpoder\/wp-json\/wp\/v2\/categories?post=16379"},{"taxonomy":"post_tag","embeddable":true,"href":"https:\/\/blogs2.correiobraziliense.com.br\/cbpoder\/wp-json\/wp\/v2\/tags?post=16379"}],"curies":[{"name":"wp","href":"https:\/\/api.w.org\/{rel}","templated":true}]}}