{"id":16419,"date":"2019-09-01T10:48:46","date_gmt":"2019-09-01T13:48:46","guid":{"rendered":"https:\/\/blogs2.correiobraziliense.com.br\/cbpoder\/?p=16419"},"modified":"2019-09-01T10:51:23","modified_gmt":"2019-09-01T13:51:23","slug":"com-a-lava-jato-tinhamos-avancado-no-combate-a-corrupcao-diz-chico-leite","status":"publish","type":"post","link":"https:\/\/blogs2.correiobraziliense.com.br\/cbpoder\/com-a-lava-jato-tinhamos-avancado-no-combate-a-corrupcao-diz-chico-leite\/","title":{"rendered":"\u201cCom a Lava-Jato, t\u00ednhamos avan\u00e7ado no combate \u00e0 corrup\u00e7\u00e3o\u201d, diz Chico Leite"},"content":{"rendered":"<h6><strong>Coluna Eixo Capital\/Por Ana Maria Campos<\/strong><\/h6>\n<h6><strong><em>\u00c0 QUEIMA-ROUPA<\/em><\/strong><\/h6>\n<p>Chico Leite<br \/>\n<strong>Procurador de Justi\u00e7a, ex-deputado distrital<\/strong><\/p>\n<blockquote><p><em>\u201cCom a Lava-Jato, t\u00ednhamos avan\u00e7ado no combate \u00e0 corrup\u00e7\u00e3o. <\/em><br \/>\n<em>Agora, para minha surpresa, enfrentamos um debate civilizat\u00f3rio\u201d<\/em><\/p><\/blockquote>\n<p><strong>Voc\u00ea foi o autor do primeiro projeto de lei que tinha como tema permitir que a C\u00e2mara Legislativa aceitasse assinaturas digitais para a apresenta\u00e7\u00e3o de projetos de iniciativa popular. Por que o texto foi rejeitado?<\/strong><\/p>\n<p>Meu sentimento \u00e9 o de que, ao rejeitar o esfor\u00e7o para acolher projetos de iniciativa da popula\u00e7\u00e3o, a Casa Legislativa acabou desprestigiando exatamente quem deveria representar. Abdicou do protagonismo, que agora passou ao Congresso, e desperdi\u00e7ou a oportunidade de concretizar um instrumento democr\u00e1tico que hoje, lamentavelmente, \u00e9 apenas uma promessa constitucional n\u00e3o cumprida. Na mesma sess\u00e3o, assisti, com muita tristeza, rejeitarem tamb\u00e9m minha proposta de que as relatorias dos projetos fossem distribu\u00eddas por sorteio, aleatoriamente, como no judici\u00e1rio e no MP, ao inv\u00e9s da designa\u00e7\u00e3o direta ou avoca\u00e7\u00e3o pelo presidente da comiss\u00e3o, para evitar barganhas e motiva\u00e7\u00f5es \u00e1s vezes inconfess\u00e1veis.<\/p>\n<p><strong>Para a apresenta\u00e7\u00e3o de projetos populares, \u00e9 exigido um m\u00ednimo de apoio de cidad\u00e3os, mas \u00e9 dif\u00edcil recolher essas assinaturas e depois conferi-las&#8230; N\u00e3o seria bem mais simples esse modelo digital?<\/strong><\/p>\n<p>Mais simples e efetivo. Seria a demonstra\u00e7\u00e3o de que a vontade da sociedade \u00e9 bem-vinda sempre, e n\u00e3o somente na hora de depositar o voto na urna eletr\u00f4nica.<\/p>\n<p><strong>Voc\u00ea se inspirou em algum legislativo?<\/strong><\/p>\n<p>Quem me inspirou foi o Dr. Marlon Reis e o movimento de combate \u00e0 corrup\u00e7\u00e3o eleitoral. Mas ser\u00edamos pioneiros, como outrora j\u00e1 fomos no fim do voto secreto parlamentar e do nepotismo, na obrigatoriedade da publica\u00e7\u00e3o dos gastos dos parlamentares e na exig\u00eancia de ficha-limpa para o exerc\u00edcio de cargo p\u00fablico, que eu propus, e as legislaturas da \u00e9poca compreenderam a import\u00e2ncia e aprovaram.<\/p>\n<p><strong>Olhando agora de fora do Legislativo, acha que, em geral, os parlamentares est\u00e3o dessintonizados com a popula\u00e7\u00e3o?<\/strong><\/p>\n<p>A sintonia nasce quando a popula\u00e7\u00e3o enxerga coer\u00eancia entre a pr\u00e1tica do eleito e o discurso do ent\u00e3o candidato. E se fortalece na medida em que os parlamentares , durante o mandato, dediquem-se aos interesses da cidade e do pa\u00eds , e n\u00e3o a transformarem os mandatos em balc\u00e3o de neg\u00f3cios ou em carreiras, meios para ascender social e economicamente na vida. Pol\u00edtica n\u00e3o \u00e9 profiss\u00e3o e o eleitor n\u00e3o costuma perdoar a quem lhe d\u00e1 as costas<\/p>\n<p><strong>Sobre seguran\u00e7a p\u00fablica, qual \u00e9 a sua avalia\u00e7\u00e3o sobre sses casos de feminic\u00eddio registrados no DF? ente que tem aumentado? O que leva a essa onda de viol\u00eancia?<\/strong><\/p>\n<p>O feminic\u00eddio \u00e9 resultado de uma cultura machista e mis\u00f3gina, de objetifica\u00e7\u00e3o da mulher e de intoler\u00e2ncia com as diferen\u00e7as. E tem aumentado com o retrocesso pol\u00edtico que vivenciamos, de est\u00edmulo ao \u00f3dio e a desqualifica\u00e7\u00e3o de quem divirja. A sa\u00edda seria a op\u00e7\u00e3o por provid\u00eancias preventivas duras, de pris\u00e3o ou tornozeleira, para o primeiro esbo\u00e7o de agress\u00e3o, com o intuito de evitar o mal maior. Mas, se n\u00e3o levarmos a s\u00e9rio a prolifera\u00e7\u00e3o da viol\u00eancia, a partir da prega\u00e7\u00e3o das pr\u00f3prias autoridades que deveriam cultivar a paz, pouco adiantar\u00e1 a aplica\u00e7\u00e3o da lei, porque ela n\u00e3o trar\u00e1 de volta as vidas que desejamos preservar.<\/p>\n<p><strong>Oito meses depois do fim do governo Rollemberg, o DF melhorou, piorou ou est\u00e1 nas mesmas condi\u00e7\u00f5es?<\/strong><\/p>\n<p>Permanecemos com problemas fiscais e com o desafio da retomada do desenvolvimento, para a gera\u00e7\u00e3o de emprego e renda. O que mais me preocupa, no entanto, sinceramente, \u00e9 a agenda de um grupo hegem\u00f4nico nacional, que se reflete aqui na capital &#8211; e que eu imaginei um dia termos superado, com a redemocratiza\u00e7\u00e3o do Estado brasileiro, &#8211; de secundariza\u00e7\u00e3o da educa\u00e7\u00e3o como formadora de melhores seres humanos; de privatiza\u00e7\u00e3o da sa\u00fade coletiva e do patrim\u00f4nio das fam\u00edlias p\u00e1trias; de admiss\u00e3o da mentira e de fake news, como ferramentas da pol\u00edtica; de incentivo ao armamentismo, ao desmatamento, ao sexismo e ao racismo; de desrespeito \u00e0 diversidade; de esmagamento das minorias; de precariza\u00e7\u00e3o da seguran\u00e7a e da sa\u00fade dos trabalhadores e de flexibiliza\u00e7\u00e3o dos conceitos de trabalho escravo e infantil; de provoca\u00e7\u00e3o de instabilidade \u00e0s rela\u00e7\u00f5es jur\u00eddicas; de tentativa de desmoraliza\u00e7\u00e3o de personalidades e dos poderes constitu\u00eddos; enfim, de retorno a um ambiente de autoritarismos e propriedades da verdade. Com a Lava-Jato, t\u00ednhamos avan\u00e7ado no combate \u00e0 corrup\u00e7\u00e3o &#8211; independente do comportamento question\u00e1vel de um ou outro de seus atores, de que a justi\u00e7a cuidar\u00e1. Agora, para minha surpresa, enfrentamos um debate civilizat\u00f3rio. Ainda bem que a Carta de 88 e o aprendizado da na\u00e7\u00e3o, com todos esses trinta anos de luta, nos legaram institui\u00e7\u00f5es amadurecidas.<\/p>\n","protected":false},"excerpt":{"rendered":"<p>Coluna Eixo Capital\/Por Ana Maria Campos \u00c0 QUEIMA-ROUPA Chico Leite Procurador de Justi\u00e7a, ex-deputado distrital \u201cCom a Lava-Jato, t\u00ednhamos avan\u00e7ado no combate \u00e0 corrup\u00e7\u00e3o. Agora, para minha surpresa, enfrentamos um debate civilizat\u00f3rio\u201d Voc\u00ea foi o autor do primeiro projeto de lei que tinha como tema permitir que a C\u00e2mara Legislativa aceitasse assinaturas digitais para a [&hellip;]<\/p>\n","protected":false},"author":9,"featured_media":1566,"comment_status":"open","ping_status":"closed","sticky":false,"template":"","format":"standard","meta":{"wpb_read_more":[],"footnotes":""},"categories":[234],"tags":[],"class_list":["post-16419","post","type-post","status-publish","format-standard","has-post-thumbnail","hentry","category-cb-poder"],"_links":{"self":[{"href":"https:\/\/blogs2.correiobraziliense.com.br\/cbpoder\/wp-json\/wp\/v2\/posts\/16419","targetHints":{"allow":["GET"]}}],"collection":[{"href":"https:\/\/blogs2.correiobraziliense.com.br\/cbpoder\/wp-json\/wp\/v2\/posts"}],"about":[{"href":"https:\/\/blogs2.correiobraziliense.com.br\/cbpoder\/wp-json\/wp\/v2\/types\/post"}],"author":[{"embeddable":true,"href":"https:\/\/blogs2.correiobraziliense.com.br\/cbpoder\/wp-json\/wp\/v2\/users\/9"}],"replies":[{"embeddable":true,"href":"https:\/\/blogs2.correiobraziliense.com.br\/cbpoder\/wp-json\/wp\/v2\/comments?post=16419"}],"version-history":[{"count":1,"href":"https:\/\/blogs2.correiobraziliense.com.br\/cbpoder\/wp-json\/wp\/v2\/posts\/16419\/revisions"}],"predecessor-version":[{"id":16420,"href":"https:\/\/blogs2.correiobraziliense.com.br\/cbpoder\/wp-json\/wp\/v2\/posts\/16419\/revisions\/16420"}],"wp:featuredmedia":[{"embeddable":true,"href":"https:\/\/blogs2.correiobraziliense.com.br\/cbpoder\/wp-json\/wp\/v2\/media\/1566"}],"wp:attachment":[{"href":"https:\/\/blogs2.correiobraziliense.com.br\/cbpoder\/wp-json\/wp\/v2\/media?parent=16419"}],"wp:term":[{"taxonomy":"category","embeddable":true,"href":"https:\/\/blogs2.correiobraziliense.com.br\/cbpoder\/wp-json\/wp\/v2\/categories?post=16419"},{"taxonomy":"post_tag","embeddable":true,"href":"https:\/\/blogs2.correiobraziliense.com.br\/cbpoder\/wp-json\/wp\/v2\/tags?post=16419"}],"curies":[{"name":"wp","href":"https:\/\/api.w.org\/{rel}","templated":true}]}}