{"id":16454,"date":"2019-09-06T08:00:38","date_gmt":"2019-09-06T11:00:38","guid":{"rendered":"https:\/\/blogs2.correiobraziliense.com.br\/cbpoder\/?p=16454"},"modified":"2019-09-06T08:00:38","modified_gmt":"2019-09-06T11:00:38","slug":"caixa-de-pandora-arruda-pede-suspeicao-de-juiz-que-e-comparado-a-sergio-moro","status":"publish","type":"post","link":"https:\/\/blogs2.correiobraziliense.com.br\/cbpoder\/caixa-de-pandora-arruda-pede-suspeicao-de-juiz-que-e-comparado-a-sergio-moro\/","title":{"rendered":"Caixa de Pandora: Arruda pede suspei\u00e7\u00e3o de juiz que \u00e9 comparado a S\u00e9rgio Moro"},"content":{"rendered":"<h6><strong>Coluna Eixo Capital\/Por Ana Maria Campos e Alexandre de Paula<\/strong><\/h6>\n<p>Tramita no STJ recurso em que o ex-governador Jos\u00e9 Roberto Arruda pede a suspei\u00e7\u00e3o do juiz da 2\u00aa Vara de Fazenda P\u00fablica, Alvaro Ciarlini, hoje desembargador, nas a\u00e7\u00f5es de improbidade da Opera\u00e7\u00e3o Caixa de Pandora. O Tribunal de Justi\u00e7a do DF negou o afastamento. Mas o clima do pa\u00eds \u00e9 outro. Pela celeridade, Ciarlini sempre foi comparado a Sergio Moro. Se o STJ deferir o pedido, todas as a\u00e7\u00f5es da Pandora julgadas por Ciarlini poder\u00e3o cair.<\/p>\n<h2><strong>Os pais da crian\u00e7a<\/strong><\/h2>\n<p>Apesar da proximidade, o DF andava distante dos programas e debates federais sobre as pol\u00edticas para a primeira inf\u00e2ncia. Por isso, chamou aten\u00e7\u00e3o ontem a presen\u00e7a de representantes de quatro secretarias locais (Sa\u00fade, Educa\u00e7\u00e3o, Economia e Justi\u00e7a), al\u00e9m do gabinete da primeira-dama, Mayara Noronha, em audi\u00eancia p\u00fablica sobre o tema na C\u00e2mara dos Deputados, proposto pela deputada Paula Belmonte (Cidadania-DF). A presen\u00e7a local, que incluiu a distrital Julia Lucy (Novo), indica que h\u00e1 muitos interessados em apadrinhar a causa. O ministro da Cidadania, Osmar Terra, deu uma aula sobre o assunto.<\/p>\n<h2><strong>Penas da Hostibus chegam a 69 anos<\/strong><\/h2>\n<p>Saiu a senten\u00e7a para a organiza\u00e7\u00e3o criminosa que se especializou em explos\u00f5es de caixas eletr\u00f4nicos desbaratada pela Opera\u00e7\u00e3o Hostibus. As penas chegam a 69 anos de pris\u00e3o. Foram 19 r\u00e9us condenados pela 2\u00aa Vara Criminal de Samambaia. O trabalho de investiga\u00e7\u00e3o minuciosa, conduzida pelo delegado Fernando Cesar Costa e sua equipe da extinta Delegacia de Repress\u00e3o a Roubos e Furtos (DRF), encerrou um ciclo de 26 explos\u00f5es ao longo de 2015.<\/p>\n<h2><strong>PGR desenvolvimentista<\/strong><\/h2>\n<p>Membro do Minist\u00e9rio P\u00fablico e advogado, o subprocurador-geral da Rep\u00fablica Augusto Aras foi escolhido por Jair Bolsonaro pelo compromisso de dialogar e evitar embates judiciais. Nas palavras do ministro-chefe da Secretaria-geral da Presid\u00eancia da Rep\u00fablica, Jorge de Oliveira Francisco: \u201cEle pretende destravar as atuais amarras ao desenvolvimento econ\u00f4mico, ambientais, burocr\u00e1ticas e financeiras\u201d.<\/p>\n<h2><em><strong>S\u00f3 papos<\/strong><\/em><\/h2>\n<blockquote><p>\u201cPresidentes com \u2018postura\u2019 foram respons\u00e1veis pela destrui\u00e7\u00e3o do Brasil que estamos reconstruindo. Enquanto se preocuparam com palavras bonitas e etiqueta, esqueceram de pegar firme contra a criminalidade, a corrup\u00e7\u00e3o, a destrui\u00e7\u00e3o da fam\u00edlia e os ataques \u00e0 soberania do Brasil.\u201d<\/p><\/blockquote>\n<p style=\"text-align: right\"><strong>Presidente Jair Bolsonaro<\/strong><\/p>\n<blockquote><p>\u201cA exalta\u00e7\u00e3o dos fac\u00ednoras como Pinochet e de crimes de lesa-humanidade n\u00e3o \u00e9 quest\u00e3o de ter etiqueta ou n\u00e3o, de gostar de palavras bonitas ou n\u00e3o. N\u00e3o estamos falando de postura, mas de no\u00e7\u00e3o de humanidade, algo que um fascista como voc\u00ea n\u00e3o tem\u201d<\/p><\/blockquote>\n<p style=\"text-align: right\"><strong>Deputada \u00c9rika Kokay (PT-DF)<\/strong><\/p>\n<h2><strong><em>\u00c0 QUEIMA-ROUPA<\/em><\/strong><\/h2>\n<p>Andr\u00e9 Puppin Macedo, S\u00e9timo colocado na consulta feita aos advogados para a defini\u00e7\u00e3o da lista s\u00eaxtupla para a vaga de desembargador do Tribunal de Justi\u00e7a do DF<\/p>\n<p><strong>A candidatura de Christianne Dias Ferreira foi contestada na Justi\u00e7a e uma medida cautelar suspendeu a homologa\u00e7\u00e3o da lista s\u00eaxtupla. Caso ela seja exclu\u00edda, o senhor ocuparia o lugar dela. Teve alguma rela\u00e7\u00e3o com essa a\u00e7\u00e3o?<\/strong><\/p>\n<p>N\u00e3o tenho nenhuma rela\u00e7\u00e3o com esse pedido. A a\u00e7\u00e3o solicita que a candidata seja exclu\u00edda porque exerce um cargo de dire\u00e7\u00e3o na Ag\u00eancia Nacional de \u00c1guas. O pedido \u00e9 para exclu\u00ed-la e n\u00e3o para cancelar a elei\u00e7\u00e3o, \u00e9 bom esclarecer. Para deixar claro: isso \u00e9 o que a a\u00e7\u00e3o pede, n\u00e3o \u00e9 a minha opini\u00e3o. A partir da a\u00e7\u00e3o, a Justi\u00e7a mandou suspender a homologa\u00e7\u00e3o e deu 72 horas para tanto a OAB quanto a candidata se manifestarem. Depois, \u00e9 que vai se decidir se aceita-se ou n\u00e3o a liminar contra a candidatura dela. Ent\u00e3o, eu estou, por enquanto, aguardando e acompanhando de perto o processo.<\/p>\n<p><strong>Qual deve ser o papel de um magistrado oriundo da advocacia?<\/strong><\/p>\n<p>Deve ser principalmente analisar os processos com conhecimento de todos os argumentos. \u00c9 preciso avaliar todos os pontos que foram colocados pelos advogados das duas partes. Isso para mim \u00e9 o respeito \u00e0 advocacia: o advogado ter certeza de que a peti\u00e7\u00e3o dele foi lida ponto a ponto e analisada antes da decis\u00e3o.<\/p>\n<p><strong>Qual \u00e9 a sua opini\u00e3o sobre a lei de abuso de autoridade como foi aprovada no Congresso?<\/strong><\/p>\n<p>Tem pontos positivos e negativos. Por isso, eu entendo que essa lei poderia ser objeto de um debate maior. Por que se considera apto a exercer a magistratura?<\/p>\n<p>Porque eu tenho 25 anos de efetiva advocacia. Tenho 48 anos. Ent\u00e3o, mais da metade da minha vida foi de milit\u00e2ncia na advocacia. Nunca ocupei cargo p\u00fablico. Nos \u00faltimos 5 anos, tenho mais de mil processos s\u00f3 no TJDFT, fora outros tribunais. Al\u00e9m disso, tenho mestrado e doutorado em direito constitucional e sou professor de direito processual civil h\u00e1 quase 20 anos. Mas o fator principal \u00e9 minha atua\u00e7\u00e3o como advogado e meu conhecimento da milit\u00e2ncia.<\/p>\n<p><strong>H\u00e1 uma s\u00e9rie de questionamentos e pol\u00eamicas atualmente sobre a atua\u00e7\u00e3o da Justi\u00e7a no Brasil. Como o senhor avalia esse ambiente?<\/strong><\/p>\n<p>Eu acho que o principal ponto \u00e9 que o Judici\u00e1rio, diante de qualquer situa\u00e7\u00e3o, deve se pautar sempre pela imparcialidade e pela aplica\u00e7\u00e3o da norma a cada caso espec\u00edfico. A partir da\u00ed, a decis\u00e3o e o resultado v\u00e3o depender dos fatos concretos de cada caso.<\/p>\n<p><strong>Fala-se muito que o Brasil passa por um momento em que a democracia est\u00e1 amea\u00e7ada diante de tanta polariza\u00e7\u00e3o&#8230; O senhor acredita nisso? E de que maneira a Justi\u00e7a pode ajudar nesse sentido?<\/strong><\/p>\n<p>N\u00e3o acredito que existam amea\u00e7as \u00e0 nossa democracia. As nossas institui\u00e7\u00f5es est\u00e3o muito fortes independentemente de existir polariza\u00e7\u00e3o e acredito que n\u00e3o se corre esse risco.<\/p>\n<p><strong><em>1.712 votos 8,54% dos votos v\u00e1lidos<\/em><\/strong><\/p>\n","protected":false},"excerpt":{"rendered":"<p>Coluna Eixo Capital\/Por Ana Maria Campos e Alexandre de Paula Tramita no STJ recurso em que o ex-governador Jos\u00e9 Roberto Arruda pede a suspei\u00e7\u00e3o do juiz da 2\u00aa Vara de Fazenda P\u00fablica, Alvaro Ciarlini, hoje desembargador, nas a\u00e7\u00f5es de improbidade da Opera\u00e7\u00e3o Caixa de Pandora. O Tribunal de Justi\u00e7a do DF negou o afastamento. Mas [&hellip;]<\/p>\n","protected":false},"author":9,"featured_media":8410,"comment_status":"open","ping_status":"closed","sticky":false,"template":"","format":"standard","meta":{"wpb_read_more":[],"footnotes":""},"categories":[234],"tags":[42,729,1765],"class_list":["post-16454","post","type-post","status-publish","format-standard","has-post-thumbnail","hentry","category-cb-poder","tag-arruda","tag-caixa-de-pandora","tag-sergio-moro"],"_links":{"self":[{"href":"https:\/\/blogs2.correiobraziliense.com.br\/cbpoder\/wp-json\/wp\/v2\/posts\/16454","targetHints":{"allow":["GET"]}}],"collection":[{"href":"https:\/\/blogs2.correiobraziliense.com.br\/cbpoder\/wp-json\/wp\/v2\/posts"}],"about":[{"href":"https:\/\/blogs2.correiobraziliense.com.br\/cbpoder\/wp-json\/wp\/v2\/types\/post"}],"author":[{"embeddable":true,"href":"https:\/\/blogs2.correiobraziliense.com.br\/cbpoder\/wp-json\/wp\/v2\/users\/9"}],"replies":[{"embeddable":true,"href":"https:\/\/blogs2.correiobraziliense.com.br\/cbpoder\/wp-json\/wp\/v2\/comments?post=16454"}],"version-history":[{"count":2,"href":"https:\/\/blogs2.correiobraziliense.com.br\/cbpoder\/wp-json\/wp\/v2\/posts\/16454\/revisions"}],"predecessor-version":[{"id":16456,"href":"https:\/\/blogs2.correiobraziliense.com.br\/cbpoder\/wp-json\/wp\/v2\/posts\/16454\/revisions\/16456"}],"wp:featuredmedia":[{"embeddable":true,"href":"https:\/\/blogs2.correiobraziliense.com.br\/cbpoder\/wp-json\/wp\/v2\/media\/8410"}],"wp:attachment":[{"href":"https:\/\/blogs2.correiobraziliense.com.br\/cbpoder\/wp-json\/wp\/v2\/media?parent=16454"}],"wp:term":[{"taxonomy":"category","embeddable":true,"href":"https:\/\/blogs2.correiobraziliense.com.br\/cbpoder\/wp-json\/wp\/v2\/categories?post=16454"},{"taxonomy":"post_tag","embeddable":true,"href":"https:\/\/blogs2.correiobraziliense.com.br\/cbpoder\/wp-json\/wp\/v2\/tags?post=16454"}],"curies":[{"name":"wp","href":"https:\/\/api.w.org\/{rel}","templated":true}]}}