{"id":16530,"date":"2019-09-12T16:57:06","date_gmt":"2019-09-12T19:57:06","guid":{"rendered":"https:\/\/blogs2.correiobraziliense.com.br\/cbpoder\/?p=16530"},"modified":"2019-09-12T16:57:06","modified_gmt":"2019-09-12T19:57:06","slug":"tjdft-absolve-fraga-de-acusacao-de-cobranca-de-propina","status":"publish","type":"post","link":"https:\/\/blogs2.correiobraziliense.com.br\/cbpoder\/tjdft-absolve-fraga-de-acusacao-de-cobranca-de-propina\/","title":{"rendered":"TJDFT absolve Fraga de acusa\u00e7\u00e3o de cobran\u00e7a de propina"},"content":{"rendered":"<p>O ex-deputado federal Alberto Fraga (DEM-DF) foi absolvido de condena\u00e7\u00e3o por cobran\u00e7a de propina nesta quinta-feira (12\/9). A decis\u00e3o, un\u00e2nime, \u00e9 da 2\u00aa Turma Criminal do Tribunal de Justi\u00e7a do Distrito Federal e dos Territ\u00f3rios (TJDFT).<\/p>\n<p>A den\u00fancia, do Minist\u00e9rio P\u00fablico do Distrito Federal e Territ\u00f3rios (MPDFFT), sustentava que, em 2008, \u00e0 \u00e9poca em que era titular da Secretaria de Transporte, o democrata teria exigido e recebido R$ 350 mil em propina para assinar contratos de ades\u00e3o entre o GDF e a Cooperativa de Transporte P\u00fablico do DF (Coopetran).<\/p>\n<p>A apura\u00e7\u00e3o do caso come\u00e7ou em 2011, no \u00e2mbito da Opera\u00e7\u00e3o Regin. Quando Fraga se elegeu deputado federal, em 2014, o processo foi encaminhado ao Supremo Tribunal Federal (STF). Com o fim do foro privilegiado para crimes fora do exerc\u00edcio do mandato, o caso foi remetido de volta \u00e0 Justi\u00e7a do DF e o caso foi desmembrado.<\/p>\n<p>Fraga chegou a ser condenado duas vezes, uma em setembro de 2018, quando concorria ao Pal\u00e1cio do Buriti, e outra em fevereiro deste ano. A absolvi\u00e7\u00e3o desta quinta se refere \u00e0 primeira condena\u00e7\u00e3o, que definia pena de 4 anos, 2 meses e 20 dias de pris\u00e3o em regime semiaberto, al\u00e9m de 14 dias-multa para o ex-deputado.<\/p>\n<p>O advogado do ex-deputado, Michel Saliba, comemorou a vit\u00f3ria e acredita que a segunda condena\u00e7\u00e3o tamb\u00e9m ser\u00e1 revertida. \u201cN\u00f3s assumimos o caso depois da senten\u00e7a condenat\u00f3ria, fizemos a apela\u00e7\u00e3o e hoje confirmamos que a justi\u00e7a foi feita com o entendimento de que n\u00e3o havia elemento probat\u00f3rio contra o ex-deputado. O Tribunal por unanimidade assim decidiu. \u00c9 um caminho lento, ainda h\u00e1 mais um processo, mas esse era mais complexo e j\u00e1 caminhou para a absolvi\u00e7\u00e3o\u201d, afirmou.<\/p>\n","protected":false},"excerpt":{"rendered":"<p>O ex-deputado federal Alberto Fraga (DEM-DF) foi absolvido de condena\u00e7\u00e3o por cobran\u00e7a de propina nesta quinta-feira (12\/9). A decis\u00e3o, un\u00e2nime, \u00e9 da 2\u00aa Turma Criminal do Tribunal de Justi\u00e7a do Distrito Federal e dos Territ\u00f3rios (TJDFT). A den\u00fancia, do Minist\u00e9rio P\u00fablico do Distrito Federal e Territ\u00f3rios (MPDFFT), sustentava que, em 2008, \u00e0 \u00e9poca em que [&hellip;]<\/p>\n","protected":false},"author":75,"featured_media":10144,"comment_status":"open","ping_status":"closed","sticky":false,"template":"","format":"standard","meta":{"wpb_read_more":[],"footnotes":""},"categories":[6],"tags":[1960,81,413],"class_list":["post-16530","post","type-post","status-publish","format-standard","has-post-thumbnail","hentry","category-noticias","tag-absolvicao","tag-fraga","tag-tjdft"],"_links":{"self":[{"href":"https:\/\/blogs2.correiobraziliense.com.br\/cbpoder\/wp-json\/wp\/v2\/posts\/16530","targetHints":{"allow":["GET"]}}],"collection":[{"href":"https:\/\/blogs2.correiobraziliense.com.br\/cbpoder\/wp-json\/wp\/v2\/posts"}],"about":[{"href":"https:\/\/blogs2.correiobraziliense.com.br\/cbpoder\/wp-json\/wp\/v2\/types\/post"}],"author":[{"embeddable":true,"href":"https:\/\/blogs2.correiobraziliense.com.br\/cbpoder\/wp-json\/wp\/v2\/users\/75"}],"replies":[{"embeddable":true,"href":"https:\/\/blogs2.correiobraziliense.com.br\/cbpoder\/wp-json\/wp\/v2\/comments?post=16530"}],"version-history":[{"count":1,"href":"https:\/\/blogs2.correiobraziliense.com.br\/cbpoder\/wp-json\/wp\/v2\/posts\/16530\/revisions"}],"predecessor-version":[{"id":16531,"href":"https:\/\/blogs2.correiobraziliense.com.br\/cbpoder\/wp-json\/wp\/v2\/posts\/16530\/revisions\/16531"}],"wp:featuredmedia":[{"embeddable":true,"href":"https:\/\/blogs2.correiobraziliense.com.br\/cbpoder\/wp-json\/wp\/v2\/media\/10144"}],"wp:attachment":[{"href":"https:\/\/blogs2.correiobraziliense.com.br\/cbpoder\/wp-json\/wp\/v2\/media?parent=16530"}],"wp:term":[{"taxonomy":"category","embeddable":true,"href":"https:\/\/blogs2.correiobraziliense.com.br\/cbpoder\/wp-json\/wp\/v2\/categories?post=16530"},{"taxonomy":"post_tag","embeddable":true,"href":"https:\/\/blogs2.correiobraziliense.com.br\/cbpoder\/wp-json\/wp\/v2\/tags?post=16530"}],"curies":[{"name":"wp","href":"https:\/\/api.w.org\/{rel}","templated":true}]}}