{"id":16536,"date":"2019-09-16T08:03:28","date_gmt":"2019-09-16T11:03:28","guid":{"rendered":"https:\/\/blogs2.correiobraziliense.com.br\/cbpoder\/?p=16536"},"modified":"2019-09-16T08:03:28","modified_gmt":"2019-09-16T11:03:28","slug":"concurso-escolhera-conselheiro-titular-do-tribunal-de-contas-do-df","status":"publish","type":"post","link":"https:\/\/blogs2.correiobraziliense.com.br\/cbpoder\/concurso-escolhera-conselheiro-titular-do-tribunal-de-contas-do-df\/","title":{"rendered":"Concurso escolher\u00e1 conselheiro titular do Tribunal de Contas do DF"},"content":{"rendered":"<h6><strong>Coluna Eixo Capital\/Por Ana Maria Campos<\/strong><\/h6>\n<p>Est\u00e1 pronto para ser lan\u00e7ado edital do concurso para auditor do Tribunal de Contas do DF, com a fun\u00e7\u00e3o de conselheiro-substituto. Um detalhe chama a aten\u00e7\u00e3o. Quem passar vai virar conselheiro titular. No plen\u00e1rio, a vaga de auditor ser\u00e1 aberta no fim do pr\u00f3ximo ano, quando o conselheiro Jos\u00e9 Roberto Paiva Martins completar 75 anos e se aposentar compulsoriamente.<\/p>\n<p>Como se trata de uma nomea\u00e7\u00e3o restrita, destinada exclusivamente aos auditores e n\u00e3o h\u00e1 nenhum outro em exerc\u00edcio, o primeiro colocado no concurso ter\u00e1 esse privil\u00e9gio. Para iniciar o concurso, falta apenas a libera\u00e7\u00e3o do plen\u00e1rio do TCDF, o que deve ocorrer em breve.<\/p>\n<h2>\n<strong>Secret\u00e1rio-capoeirista<\/strong><\/h2>\n<p>O secret\u00e1rio de Justi\u00e7a e Cidadania, Gustavo Rocha, mostrou uma habilidade que poucos conheciam durante o evento \u201cSejus Mais Perto do Cidad\u00e3o\u201d na Estrutural. O advogado entrou numa roda de capoeira. Demonstrou equil\u00edbrio e jogo de cintura.<\/p>\n<h2>\n<strong>Em defesa da CPI da Lava-Toga<\/strong><\/h2>\n<p>A senadora Leila Barros (PSB-DF) adotou a bandeira da CPI da Lava-Toga. Ela est\u00e1 convocando a sociedade para ato que deve ocorrer no fim do m\u00eas em defesa da investiga\u00e7\u00e3o envolvendo tribunais superiores. \u201cA CPI \u00e9 necess\u00e1ria para que tenhamos, de fato, transpar\u00eancia nos tr\u00eas poderes\u201d, afirma.<\/p>\n<h2>\n<strong>Benef\u00edcios para dependentes<\/strong><\/h2>\n<p>O Sindicato dos Urbanit\u00e1rios, que representa os empregados da CEB, esclareceu que filhos de servidores da empresa com at\u00e9 24 anos recebem apenas uma parcela anual de R$ 259, como bolsa-escolar. O aux\u00edlio-creche \u00e9 um benef\u00edcio para dependentes de at\u00e9 seis anos. H\u00e1 ainda aux\u00edlio-bab\u00e1 no valor de R$ 1 mil para quem tem beb\u00eas de at\u00e9 seis meses.<\/p>\n<h2>\n<strong>Apoio \u00e0 CPI do Moro<\/strong><\/h2>\n<p>Da bancada de oito deputados federais do DF, duas parlamentares assinaram o requerimento de instala\u00e7\u00e3o de CPI para apurar a conduta de S\u00e9rgio Moro e do procurador Deltan Dallagnol na Lava-Jato. S\u00e3o elas: Celina Le\u00e3o (PP) e \u00c9rika Kokay (PT). O texto tem 175 assinaturas, quatro a mais do que o necess\u00e1rio para come\u00e7ar os trabalhos.<\/p>\n<h2>\n<strong>De olho no Sol Nascente<\/strong><\/h2>\n<p>Em campanha aberta ao GDF, o senador Izalci Lucas (PSDB-DF) esteve, na \u00faltima sexta-feira, com o ministro da Cidadania, Osmar Terra, para tratar da constru\u00e7\u00e3o de um centro do projeto Esta\u00e7\u00e3o Cidadania no Sol Nascente, que dever\u00e1 ser o primeiro da iniciativa no DF. O espa\u00e7o contar\u00e1 com quadras de esportes e equipamentos voltados para o atendimento de jovens, da terceira idade e de pessoas com defici\u00eancia. Na \u00faltima campanha, o Sol Nascente foi uma das \u00e1reas de maior peregrina\u00e7\u00e3o pol\u00edtica.<\/p>\n<h2>\n<strong>Mandou bem<\/strong><\/h2>\n<p>A UnB \u00e9 a oitava melhor institui\u00e7\u00e3o de ensino superior do Brasil \u2014 e a quinta entre as federais \u2014, de acordo com o ranking divulgado pelo Times Higher Education (THE), organiza\u00e7\u00e3o brit\u00e2nica que avalia a qualidade da educa\u00e7\u00e3o superior em todo o mundo.<\/p>\n<h2>\n<strong>Mandou mal<\/strong><\/h2>\n<p>A C\u00e2mara Municipal de Salvador aprovou projeto que pro\u00edbe carnaval na quarta-feira de cinzas por motivos religiosos. Os baianos e turistas tradicionalmente mant\u00eam a folia no dia seguinte sem que haja qualquer desrespeito a cren\u00e7as da igreja.<\/p>\n<h2>\n<em><strong>S\u00f3 papos<\/strong><\/em><\/h2>\n<blockquote><p>\u201cPor vias democr\u00e1ticas, a transforma\u00e7\u00e3o que o Brasil quer n\u00e3o acontecer\u00e1 na velocidade que almejamos&#8230; e se isso acontecer. S\u00f3 vejo todo dia a roda girando em torno do pr\u00f3prio eixo e os que sempre nos dominaram continuam nos dominando de jeitos diferentes!\u201d<\/p><\/blockquote>\n<p style=\"text-align: right\"><strong>Vereador Carlos Bolsonaro, nas redes sociais<\/strong><\/p>\n<blockquote><p>\u201cFa\u00e7o um alerta para que fiquem atentos a todos os sinais de press\u00e3o sobre a democracia liberal, uma vez que, no Brasil e no mundo, surgem vozes contr\u00e1rias ao regime de leis, ao respeito aos direitos fundamentais e ao meio ambiente sadio tamb\u00e9m para as futuras gera\u00e7\u00f5es\u201d<\/p><\/blockquote>\n<p style=\"text-align: right\"><strong>Raquel Dodge, procuradora-geral da Rep\u00fablica, na \u00faltima sess\u00e3o do STF de seu mandato<\/strong><\/p>\n","protected":false},"excerpt":{"rendered":"<p>Coluna Eixo Capital\/Por Ana Maria Campos Est\u00e1 pronto para ser lan\u00e7ado edital do concurso para auditor do Tribunal de Contas do DF, com a fun\u00e7\u00e3o de conselheiro-substituto. Um detalhe chama a aten\u00e7\u00e3o. Quem passar vai virar conselheiro titular. No plen\u00e1rio, a vaga de auditor ser\u00e1 aberta no fim do pr\u00f3ximo ano, quando o conselheiro Jos\u00e9 [&hellip;]<\/p>\n","protected":false},"author":9,"featured_media":11206,"comment_status":"open","ping_status":"closed","sticky":false,"template":"","format":"standard","meta":{"wpb_read_more":[],"footnotes":""},"categories":[234],"tags":[],"class_list":["post-16536","post","type-post","status-publish","format-standard","has-post-thumbnail","hentry","category-cb-poder"],"_links":{"self":[{"href":"https:\/\/blogs2.correiobraziliense.com.br\/cbpoder\/wp-json\/wp\/v2\/posts\/16536","targetHints":{"allow":["GET"]}}],"collection":[{"href":"https:\/\/blogs2.correiobraziliense.com.br\/cbpoder\/wp-json\/wp\/v2\/posts"}],"about":[{"href":"https:\/\/blogs2.correiobraziliense.com.br\/cbpoder\/wp-json\/wp\/v2\/types\/post"}],"author":[{"embeddable":true,"href":"https:\/\/blogs2.correiobraziliense.com.br\/cbpoder\/wp-json\/wp\/v2\/users\/9"}],"replies":[{"embeddable":true,"href":"https:\/\/blogs2.correiobraziliense.com.br\/cbpoder\/wp-json\/wp\/v2\/comments?post=16536"}],"version-history":[{"count":1,"href":"https:\/\/blogs2.correiobraziliense.com.br\/cbpoder\/wp-json\/wp\/v2\/posts\/16536\/revisions"}],"predecessor-version":[{"id":16537,"href":"https:\/\/blogs2.correiobraziliense.com.br\/cbpoder\/wp-json\/wp\/v2\/posts\/16536\/revisions\/16537"}],"wp:featuredmedia":[{"embeddable":true,"href":"https:\/\/blogs2.correiobraziliense.com.br\/cbpoder\/wp-json\/wp\/v2\/media\/11206"}],"wp:attachment":[{"href":"https:\/\/blogs2.correiobraziliense.com.br\/cbpoder\/wp-json\/wp\/v2\/media?parent=16536"}],"wp:term":[{"taxonomy":"category","embeddable":true,"href":"https:\/\/blogs2.correiobraziliense.com.br\/cbpoder\/wp-json\/wp\/v2\/categories?post=16536"},{"taxonomy":"post_tag","embeddable":true,"href":"https:\/\/blogs2.correiobraziliense.com.br\/cbpoder\/wp-json\/wp\/v2\/tags?post=16536"}],"curies":[{"name":"wp","href":"https:\/\/api.w.org\/{rel}","templated":true}]}}