{"id":16538,"date":"2019-09-16T08:16:17","date_gmt":"2019-09-16T11:16:17","guid":{"rendered":"https:\/\/blogs2.correiobraziliense.com.br\/cbpoder\/?p=16538"},"modified":"2019-09-16T08:16:17","modified_gmt":"2019-09-16T11:16:17","slug":"reguffe-o-brasil-precisa-de-uma-reforma-da-previdencia","status":"publish","type":"post","link":"https:\/\/blogs2.correiobraziliense.com.br\/cbpoder\/reguffe-o-brasil-precisa-de-uma-reforma-da-previdencia\/","title":{"rendered":"Reguffe: &#8220;O Brasil precisa de uma reforma da Previd\u00eancia&#8221;"},"content":{"rendered":"<h6><strong>Coluna Eixo Capital\/Por Ana Maria Campos<\/strong><\/h6>\n<h2><strong>\u00c0 QUEIMA-ROUPA<\/strong><\/h2>\n<p><strong>Senador Jos\u00e9 Ant\u00f4nio Reguffe (DF)<\/strong><\/p>\n<blockquote><p>\u201cO Brasil precisa de uma reforma da Previd\u00eancia. Ela \u00e9 necess\u00e1ria. H\u00e1 um deficit que \u00e9 real, n\u00e3o \u00e9 fict\u00edcio. Agora, o texto tem algumas injusti\u00e7as e distor\u00e7\u00f5es que tenho a obriga\u00e7\u00e3o, como parlamentar, de tentar corrigir\u201d<\/p><\/blockquote>\n<p>\u00bb \u00bb \u00bb<\/p>\n<p><strong>Por que decidiu se <a href=\"https:\/\/blogs2.correiobraziliense.com.br\/cbpoder\/reguffe-se-filia-ao-podemos\/\">filar ao Podemos<\/a>?<\/strong><\/p>\n<p>Foi o partido que me deu liberdade total de voz e voto, para que eu possa continuar representando com dignidade quem votou em mim. Al\u00e9m disso, precisamos construir no Brasil uma alternativa de centro, mas n\u00e3o desse centro fisiol\u00f3gico, do toma l\u00e1 d\u00e1 c\u00e1, do Centr\u00e3o, e sim de um centro democr\u00e1tico.<\/p>\n<p><strong>Almeja uma elei\u00e7\u00e3o nacional?<\/strong><\/p>\n<p>\u00c9 muito cedo para se falar em elei\u00e7\u00e3o. At\u00e9 l\u00e1, muita coisa vai mudar, novas pessoas v\u00e3o surgir. Algumas pessoas t\u00eam dito, que se o \u00c1lvaro Dias for candidato \u00e0 reelei\u00e7\u00e3o no Paran\u00e1, eu seria o candidato. Outros que eu poderia ser vice. At\u00e9 l\u00e1 muda muita coisa. Sinceramente, n\u00e3o estou pensando nisso, n\u00e3o. Meu foco \u00e9 total no meu mandato e minha \u00fanica ambi\u00e7\u00e3o verdadeira \u00e9 que meus eleitores continuem tendo orgulho do meu mandato. Me dedico muito, \u00e0s vezes inclusive com muito preju\u00edzo \u00e0 minha vida pessoal.<\/p>\n<p><strong>Como avalia seu mandato?<\/strong><\/p>\n<p>Me orgulho de dizer que tudo que escrevi no meu panfleto de campanha, que eu mesmo distribu\u00ed nas ruas de m\u00e3o em m\u00e3o, eu honrei. Cumpri ponto por ponto. Algo, infelizmente, raro na pol\u00edtica hoje e algo que acho que tem valor. Apresentei 11 PECs e 45 projetos. Aprovei tr\u00eas no Senado, e todos relevantes. Hoje t\u00eam rem\u00e9dios para c\u00e2ncer na rede p\u00fablica do DF por uma emenda minha ao Or\u00e7amento da Uni\u00e3o. O DF recebeu 14 ambul\u00e2ncias novas e totalmente equipadas para o Samu por outra emenda minha. Destinei recursos tamb\u00e9m para a reforma de escolas p\u00fablicas. Sem contar o exemplo de economia do meu gabinete, que economizou sozinho aos cofres p\u00fablicos R$ 16,7 milh\u00f5es. S\u00f3 de economia direta. E um dinheiro que \u00e9 de todos n\u00f3s.<\/p>\n<p><strong>Voc\u00ea trabalhou muito pela cria\u00e7\u00e3o da CPI da Lava-Toga. Por que a CPI n\u00e3o saiu?<\/strong><\/p>\n<p>Existe um grande acord\u00e3o, envolvendo os tr\u00eas poderes. Assinei os tr\u00eas requerimentos para a instala\u00e7\u00e3o da CPI e assinarei quantos mais forem necess\u00e1rios. As cortes superiores deste pa\u00eds n\u00e3o podem ser intoc\u00e1veis.<\/p>\n<p><strong>Qual \u00e9 a sua opini\u00e3o sobre a eventual recria\u00e7\u00e3o da CPMF?<\/strong><\/p>\n<p>Totalmente contr\u00e1rio. Votei contra sua recria\u00e7\u00e3o quando eu era deputado federal e j\u00e1 anunciei agora, no plen\u00e1rio, que, se tentarem recriar, votarei contra de novo. O governo deveria se preocupar em cortar gastos p\u00fablicos sup\u00e9rfluos, em tornar sua m\u00e1quina mais eficiente, n\u00e3o em recriar a CPMF. Sobre reforma tribut\u00e1ria, o que defendi \u00e9 a isen\u00e7\u00e3o do IRPF para quem ganha at\u00e9 5 sal\u00e1rios m\u00ednimos e a corre\u00e7\u00e3o imediata dos limites de isen\u00e7\u00e3o da tabela do imposto de renda pela infla\u00e7\u00e3o. Em compensa\u00e7\u00e3o, a tributa\u00e7\u00e3o de lucros e dividendos em 15%. Em um estudo em cem pa\u00edses, s\u00f3 o Brasil e a Est\u00f4nia n\u00e3o tributam lucros e dividendos. N\u00e3o \u00e9 justo os pobres e a classe m\u00e9dia pagarem o que pagam hoje e artistas, jogadores de futebol e grandes empres\u00e1rios n\u00e3o pagarem imposto de renda.<\/p>\n<p><strong>Vai votar a favor da indica\u00e7\u00e3o de Augusto Aras para a PGR?<\/strong><\/p>\n<p>Sou muito respons\u00e1vel com a fun\u00e7\u00e3o que ocupo. Tenho que conhec\u00ea-lo melhor. Se ele for para l\u00e1 para ser um representante do governo, de um partido ou de algumas for\u00e7as do Congresso, votarei contr\u00e1rio. Ele vai para uma fun\u00e7\u00e3o de Estado e n\u00e3o de governo. Mas sempre tento ser justo na minha vida e vou conhec\u00ea-lo melhor. Ele me pediu uma audi\u00eancia no meu gabinete e vou receb\u00ea-lo nesta segunda-feira.<\/p>\n<p><strong>E a escolha do deputado Eduardo Bolsonaro para a Embaixada do Brasil nos Estados Unidos?<\/strong><\/p>\n<p>J\u00e1 declarei voto contr\u00e1rio. Essa \u00e9 uma fun\u00e7\u00e3o que deve ser ocupada por servidor de carreira do Itamaraty. Os chefes das miss\u00f5es diplom\u00e1ticas do Brasil no exterior devem pertencer, na minha humilde opini\u00e3o, \u00e0 carreira de Estado da diplomacia brasileira.<\/p>\n<p><strong>Qual sua avalia\u00e7\u00e3o sobre a reforma da Previd\u00eancia?<\/strong><\/p>\n<p>O Brasil precisa de uma reforma da Previd\u00eancia. Ela \u00e9 necess\u00e1ria. H\u00e1 um deficit que \u00e9 real, n\u00e3o \u00e9 fict\u00edcio. Agora, o texto tem algumas injusti\u00e7as e distor\u00e7\u00f5es que tenho a obriga\u00e7\u00e3o, como parlamentar, de tentar corrigir. Estou apresentando algumas emendas.<\/p>\n<p><strong>Que nota voc\u00ea d\u00e1 para o governo Bolsonaro?<\/strong><\/p>\n<p>Quem tem que dar nota \u00e9 a popula\u00e7\u00e3o. Vejo como positiva a tentativa de desburocratizar e abrir a economia brasileira. E tamb\u00e9m o n\u00e3o loteamento pelos partidos dos minist\u00e9rios, pelo menos at\u00e9 agora. Como negativo, vejo uma pol\u00edtica ambiental desastrosa e agora uma tentativa de interfer\u00eancia na Pol\u00edcia e na Receita Federal. Critiquei duramente tamb\u00e9m os cortes na educa\u00e7\u00e3o. \u00c9 \u00f3bvio que o governo tem que fazer cortes, um governo n\u00e3o pode gastar mais do que arrecada, mas nunca na educa\u00e7\u00e3o, nunca no futuro do pa\u00eds.<\/p>\n<p><strong>E o de Ibaneis?<\/strong><\/p>\n<p>Vejo como pontos positivos a abertura das delegacias 24 horas e algumas obras, como essa opera\u00e7\u00e3o tapa-buracos e a infraestrutura em algumas regi\u00f5es carentes. Como negativos, considero que tem cargos e secretarias demais. E, tamb\u00e9m, a sa\u00fade, que \u00e9 um problema que vem de longe e deveria ser, na minha opini\u00e3o, a grande prioridade de um governo aqui. \u00c9 desumano e de cortar o cora\u00e7\u00e3o ver as pessoas em macas nos corredores dos hospitais e pessoas sentindo dor sem ter um atendimento nas emerg\u00eancias. Fui o parlamentar aqui que mais destinou recursos para a sa\u00fade nas suas emendas ao Or\u00e7amento da Uni\u00e3o e quero ajudar o governo, sinceramente, a dar certo. Quero construir uma linha de mais di\u00e1logo com o governador. J\u00e1 disse isso para ele.<\/p>\n","protected":false},"excerpt":{"rendered":"<p>Coluna Eixo Capital\/Por Ana Maria Campos \u00c0 QUEIMA-ROUPA Senador Jos\u00e9 Ant\u00f4nio Reguffe (DF) \u201cO Brasil precisa de uma reforma da Previd\u00eancia. Ela \u00e9 necess\u00e1ria. H\u00e1 um deficit que \u00e9 real, n\u00e3o \u00e9 fict\u00edcio. Agora, o texto tem algumas injusti\u00e7as e distor\u00e7\u00f5es que tenho a obriga\u00e7\u00e3o, como parlamentar, de tentar corrigir\u201d \u00bb \u00bb \u00bb Por que [&hellip;]<\/p>\n","protected":false},"author":9,"featured_media":5732,"comment_status":"open","ping_status":"closed","sticky":false,"template":"","format":"standard","meta":{"wpb_read_more":[],"footnotes":""},"categories":[234],"tags":[1219,868,60],"class_list":["post-16538","post","type-post","status-publish","format-standard","has-post-thumbnail","hentry","category-cb-poder","tag-podemos","tag-previdencia","tag-reguffe"],"_links":{"self":[{"href":"https:\/\/blogs2.correiobraziliense.com.br\/cbpoder\/wp-json\/wp\/v2\/posts\/16538","targetHints":{"allow":["GET"]}}],"collection":[{"href":"https:\/\/blogs2.correiobraziliense.com.br\/cbpoder\/wp-json\/wp\/v2\/posts"}],"about":[{"href":"https:\/\/blogs2.correiobraziliense.com.br\/cbpoder\/wp-json\/wp\/v2\/types\/post"}],"author":[{"embeddable":true,"href":"https:\/\/blogs2.correiobraziliense.com.br\/cbpoder\/wp-json\/wp\/v2\/users\/9"}],"replies":[{"embeddable":true,"href":"https:\/\/blogs2.correiobraziliense.com.br\/cbpoder\/wp-json\/wp\/v2\/comments?post=16538"}],"version-history":[{"count":2,"href":"https:\/\/blogs2.correiobraziliense.com.br\/cbpoder\/wp-json\/wp\/v2\/posts\/16538\/revisions"}],"predecessor-version":[{"id":16540,"href":"https:\/\/blogs2.correiobraziliense.com.br\/cbpoder\/wp-json\/wp\/v2\/posts\/16538\/revisions\/16540"}],"wp:featuredmedia":[{"embeddable":true,"href":"https:\/\/blogs2.correiobraziliense.com.br\/cbpoder\/wp-json\/wp\/v2\/media\/5732"}],"wp:attachment":[{"href":"https:\/\/blogs2.correiobraziliense.com.br\/cbpoder\/wp-json\/wp\/v2\/media?parent=16538"}],"wp:term":[{"taxonomy":"category","embeddable":true,"href":"https:\/\/blogs2.correiobraziliense.com.br\/cbpoder\/wp-json\/wp\/v2\/categories?post=16538"},{"taxonomy":"post_tag","embeddable":true,"href":"https:\/\/blogs2.correiobraziliense.com.br\/cbpoder\/wp-json\/wp\/v2\/tags?post=16538"}],"curies":[{"name":"wp","href":"https:\/\/api.w.org\/{rel}","templated":true}]}}