{"id":16565,"date":"2019-09-20T08:14:50","date_gmt":"2019-09-20T11:14:50","guid":{"rendered":"https:\/\/blogs2.correiobraziliense.com.br\/cbpoder\/?p=16565"},"modified":"2019-09-20T08:14:50","modified_gmt":"2019-09-20T11:14:50","slug":"senadores-do-df-votaram-a-favor-das-indicacoes-de-promotores-ao-cnmp","status":"publish","type":"post","link":"https:\/\/blogs2.correiobraziliense.com.br\/cbpoder\/senadores-do-df-votaram-a-favor-das-indicacoes-de-promotores-ao-cnmp\/","title":{"rendered":"Senadores do DF votaram a favor das indica\u00e7\u00f5es de promotores ao CNMP"},"content":{"rendered":"<h6><strong>Coluna Eixo Capital\/Por Ana Maria Campos<\/strong><\/h6>\n<p>A vota\u00e7\u00e3o foi secreta, mas os tr\u00eas senadores do DF, Izalci Lucas (PSDB-DF), Leila Barros (PSB-DF) e Jos\u00e9 Ant\u00f4nio Reguffe (Podemos-DF) disseram \u00e0 coluna que votaram a favor da indica\u00e7\u00e3o dos promotores Dermeval Farias, do DF, e Lauro Machado Nogueira, de Goi\u00e1s, para a recondu\u00e7\u00e3o ao cargo de integrante do Conselho Nacional do Minist\u00e9rio P\u00fablico (CNMP). Leila, no entanto, respeita o resultado pela rejei\u00e7\u00e3o dos dois nomes. \u201cFui favor\u00e1vel \u00e0 recondu\u00e7\u00e3o dos procuradores Lauro Machado Nogueira e Dermeval Farias para o CNMP. O Plen\u00e1rio \u00e9 soberano e, por isso, respeito o resultado da vota\u00e7\u00e3o\u201d, afirmou.<\/p>\n<p>Ao longo das discuss\u00f5es, os parlamentares conversaram com a procuradora-geral de Justi\u00e7a do DF, Fabiana Costa, que trabalhou pela aprova\u00e7\u00e3o de Dermeval. Tamb\u00e9m esteve no Senado o antecessor de Fabiana, Leonardo Bessa. <a href=\"https:\/\/blogs2.correiobraziliense.com.br\/cbpoder\/chamado-de-lavajatista-promotor-do-df-tem-indicacao-ao-cnmp-rejeitada-pelo-senado\/\"><strong>Mas n\u00e3o teve jeito<\/strong><\/a>. O clima era contra a Lava-Jato e os dois promotores votaram contra a abertura de processo contra o procurador da Rep\u00fablica Deltan Dallagnol, chefe da for\u00e7a-tarefa da opera\u00e7\u00e3o em Curitiba, e principal alvo da Vaza-Jato.<\/p>\n<h2><strong>Dia de luto para o MPDFT<\/strong><\/h2>\n<p>O presidente da Associa\u00e7\u00e3o do Minist\u00e9rio P\u00fablico do DF, Trajano Sousa de Melo, divulgou ontem uma nota de rep\u00fadio \u00e0 rejei\u00e7\u00e3o pelo plen\u00e1rio do Senado da indica\u00e7\u00e3o do promotor Dermeval Farias para o CNMP. Para a entidade, a data em que o tema foi analisado vai se tornar um \u201cdia de luto\u201d, dia em que o interesse p\u00fablico foi preterido. \u201cO professor Dermeval Farias Gomes Filho representa para os membros do Minist\u00e9rio P\u00fablico do Distrito Federal e Territ\u00f3rios exemplo de Promotor de Justi\u00e7a. Sua postura \u00e9tica, independente e altiva em todas fun\u00e7\u00f5es que exerceu, incluindo a de Conselheiro Nacional, aliada \u00e0 prud\u00eancia e serenidade de atua\u00e7\u00e3o endossariam qualquer avalia\u00e7\u00e3o isenta, criteriosa e objetiva para o cargo a que foi indicado\u201d, diz na nota.<\/p>\n<h2><strong>Interfer\u00eancia na Corregedoria do CNMP<\/strong><\/h2>\n<p>A aposta no meio pol\u00edtico \u00e9 de que o grupo do senador Renan Calheiros (MDB-AL) quer interferir na escolha do pr\u00f3ximo corregedor do CNMP. O procurador Deltan Dallagnol que se cuide.<\/p>\n<h2>\n<strong>Bessa \u00e9 o mais votado para o Conselho Superior do MPDFT<\/strong><\/h2>\n<p>Procurador-geral de Justi\u00e7a do DF por dois mandatos consecutivos, Leonardo Bessa teve expressiva vota\u00e7\u00e3o para integrar o Conselho Superior do Minist\u00e9rio P\u00fablico do DF, com 180 votos. Primeiro colocado. Marta Alves da Silva, Mauricio Miranda e Mauro Faria de Lima tiveram, respectivamente 126, 119 e 33 votos. Houve cinco nulos e dois brancos.<\/p>\n<h2><strong>Mais homenagens a Marizelli<\/strong><\/h2>\n<p>A soldado do Corpo de Bombeiros Marizelli Armelinda Dias, morta no \u00faltimo domingo enquanto combatia um inc\u00eandio em Taguatinga, deve ser homenageada pela C\u00e2mara Legislativa. A iniciativa \u00e9 do deputado distrital Claudio Abrantes (PDT), que, em respeito \u00e0 soldado e \u00e0 corpora\u00e7\u00e3o, protocolou mo\u00e7\u00e3o de pesar pela perda de Marizelli.<\/p>\n<h2><strong>Concurso da marca \u201cBras\u00edlia 60 anos\u201d<\/strong><\/h2>\n<p>A Secretaria de Cultura e Economia Criativa lan\u00e7ou ontem um edital de chamamento p\u00fablico para sele\u00e7\u00e3o de profissional que ser\u00e1 encarregado de elaborar a marca \u201cBras\u00edlia 60 anos\u201d, data a ser celebrada em 21 de abril do pr\u00f3ximo ano. O cach\u00ea ser\u00e1 de R$ 25 mil.<\/p>\n<h2>\n<strong>Lideran\u00e7a milion\u00e1ria e a prima pobre<\/strong><\/h2>\n<p>O pr\u00eamio da Mega Sena que saiu para a lideran\u00e7a do PT na C\u00e2mara dos Deputados causou uma certa inveja, do bem, em servidores dos distritais petistas. Um funcion\u00e1rio brincou: \u201cPedi a Deus para a Mega sair para a lideran\u00e7a do PT na C\u00e2mara e esqueci de dizer que era a Legislativa\u201d. Cada cota saiu por R$ 2,4 milh\u00f5es. Tamb\u00e9m n\u00e3o faltam memes&#8230; Caiu na rede.<\/p>\n<h2>\n<strong>Kokay com Bachelet em Genebra<\/strong><\/h2>\n<p>Os deputados Helder Salom\u00e3o (PT-) e \u00c9rika Kokay (PT-DF) se reuniram ontem com a Alta Comiss\u00e1ria da ONU, Michelle Bachelet, em Genebra, para apresentar o relat\u00f3rio da Comiss\u00e3o de Direitos Humanos da C\u00e2mara dos Deputados sobre as viola\u00e7\u00f5es de direitos Humanos no Brasil. Bachelet ouviu com muita aten\u00e7\u00e3o e anotou os pontos relatados. Segundo Kokay, ela demonstrou preocupa\u00e7\u00e3o com a situa\u00e7\u00e3o do pa\u00eds.<\/p>\n<h2><strong>S\u00f3 papos<\/strong><\/h2>\n<blockquote><p>\u201cNo que diz respeito \u00e0s escolas, o primeiro erro foi do ex-secret\u00e1rio (Rafael Parente) de querer tratar educa\u00e7\u00e3o com muita democracia. Algumas coisas t\u00eam de ser determina\u00e7\u00e3o de governo. Eu fui eleito para entregar alguma coisa melhor do que o passado entregou\u201d<\/p><\/blockquote>\n<p style=\"text-align: right\"><strong>Governador Ibaneis Rocha (MDB), em entrevista ao Correio<\/strong><\/p>\n<blockquote><p>\n\u201c\u00c9 absurda a declara\u00e7\u00e3o do governador Ibaneis dizendo que \u00e9 um erro \u201cquerer tratar educa\u00e7\u00e3o com muita democracia Da mesma forma que o governador criticou, corretamente, a Lava-Jato por ultrapassar os limites da lei, ele deve ser coerente e respeitar a Lei de Gest\u00e3o Democr\u00e1tica\u201d<\/p><\/blockquote>\n<p style=\"text-align: right\"><strong>Deputado distrital F\u00e1bio F\u00e9lix (PSOL), pelo Twitter<\/strong><\/p>\n","protected":false},"excerpt":{"rendered":"<p>Coluna Eixo Capital\/Por Ana Maria Campos A vota\u00e7\u00e3o foi secreta, mas os tr\u00eas senadores do DF, Izalci Lucas (PSDB-DF), Leila Barros (PSB-DF) e Jos\u00e9 Ant\u00f4nio Reguffe (Podemos-DF) disseram \u00e0 coluna que votaram a favor da indica\u00e7\u00e3o dos promotores Dermeval Farias, do DF, e Lauro Machado Nogueira, de Goi\u00e1s, para a recondu\u00e7\u00e3o ao cargo de integrante [&hellip;]<\/p>\n","protected":false},"author":9,"featured_media":16010,"comment_status":"open","ping_status":"closed","sticky":false,"template":"","format":"standard","meta":{"wpb_read_more":[],"footnotes":""},"categories":[234],"tags":[1962,692,1407,60],"class_list":["post-16565","post","type-post","status-publish","format-standard","has-post-thumbnail","hentry","category-cb-poder","tag-cnmp","tag-izalci-lucas","tag-leila-barros","tag-reguffe"],"_links":{"self":[{"href":"https:\/\/blogs2.correiobraziliense.com.br\/cbpoder\/wp-json\/wp\/v2\/posts\/16565","targetHints":{"allow":["GET"]}}],"collection":[{"href":"https:\/\/blogs2.correiobraziliense.com.br\/cbpoder\/wp-json\/wp\/v2\/posts"}],"about":[{"href":"https:\/\/blogs2.correiobraziliense.com.br\/cbpoder\/wp-json\/wp\/v2\/types\/post"}],"author":[{"embeddable":true,"href":"https:\/\/blogs2.correiobraziliense.com.br\/cbpoder\/wp-json\/wp\/v2\/users\/9"}],"replies":[{"embeddable":true,"href":"https:\/\/blogs2.correiobraziliense.com.br\/cbpoder\/wp-json\/wp\/v2\/comments?post=16565"}],"version-history":[{"count":2,"href":"https:\/\/blogs2.correiobraziliense.com.br\/cbpoder\/wp-json\/wp\/v2\/posts\/16565\/revisions"}],"predecessor-version":[{"id":16567,"href":"https:\/\/blogs2.correiobraziliense.com.br\/cbpoder\/wp-json\/wp\/v2\/posts\/16565\/revisions\/16567"}],"wp:featuredmedia":[{"embeddable":true,"href":"https:\/\/blogs2.correiobraziliense.com.br\/cbpoder\/wp-json\/wp\/v2\/media\/16010"}],"wp:attachment":[{"href":"https:\/\/blogs2.correiobraziliense.com.br\/cbpoder\/wp-json\/wp\/v2\/media?parent=16565"}],"wp:term":[{"taxonomy":"category","embeddable":true,"href":"https:\/\/blogs2.correiobraziliense.com.br\/cbpoder\/wp-json\/wp\/v2\/categories?post=16565"},{"taxonomy":"post_tag","embeddable":true,"href":"https:\/\/blogs2.correiobraziliense.com.br\/cbpoder\/wp-json\/wp\/v2\/tags?post=16565"}],"curies":[{"name":"wp","href":"https:\/\/api.w.org\/{rel}","templated":true}]}}