{"id":16591,"date":"2019-09-27T08:03:24","date_gmt":"2019-09-27T11:03:24","guid":{"rendered":"https:\/\/blogs2.correiobraziliense.com.br\/cbpoder\/?p=16591"},"modified":"2019-09-27T08:32:15","modified_gmt":"2019-09-27T11:32:15","slug":"ibaneis-apoiara-baleia-rossi-para-presidir-o-mdb","status":"publish","type":"post","link":"https:\/\/blogs2.correiobraziliense.com.br\/cbpoder\/ibaneis-apoiara-baleia-rossi-para-presidir-o-mdb\/","title":{"rendered":"Ibaneis apoiar\u00e1 Baleia Rossi para presidir o MDB"},"content":{"rendered":"<h6>Coluna Eixo Capital\/Por Ana Maria Campos<\/h6>\n<p>O candidato do governador<strong> Ibaneis Rocha<\/strong> (MDB) \u00e0 Presid\u00eancia nacional do partido \u00e9 o deputado federal <strong>Baleia Rossi<\/strong> (MDB-SP). Ibaneis at\u00e9 chegou a afirmar que poderia disputar o cargo, mas mudou de ideia quando ficou garantido que governadores ter\u00e3o um assento na Executiva da sigla e ser\u00e3o ouvidos em decis\u00f5es importantes. Agora, o governador acredita que \u00e9 preciso buscar consenso.<\/p>\n<h2><strong>For\u00e7a pol\u00edtica<\/strong><\/h2>\n<p>Ibaneis garante que fica no MDB. Diz que gostou da estrutura do partido e que a popula\u00e7\u00e3o hoje entende que a corrup\u00e7\u00e3o n\u00e3o se limitou a uma legenda, mas foi sist\u00eamica. Pesa tamb\u00e9m, para ele, o capital pol\u00edtico do MDB na capital, muito pela lembran\u00e7a do ex-governador Joaquim Roriz. O n\u00famero da legenda \u2014 15 \u2014 ficou marcado na lembran\u00e7a dos eleitores do DF.<\/p>\n<h2><strong>Homenagem a Roriz<\/strong><\/h2>\n<p>Dona <strong>Weslian Roriz<\/strong> mandou celebrar missa em v\u00e1rias cidades do DF em homenagem \u00e0 mem\u00f3ria do ex-governador <strong>Joaquim Roriz<\/strong>, em ocasi\u00e3o de um ano da morte do pol\u00edtico. A fam\u00edlia vai assistir \u00e0 missa na Par\u00f3quia Dom Bosco, no N\u00facleo Bandeirante, a partir das 18h30.<\/p>\n<h2><strong>Roriz\u00e3o<\/strong><\/h2>\n<p>Conhecido entre os moradores como \u201c<strong>Roriz\u00e3o<\/strong>\u201d, o restaurante comunit\u00e1rio de Samambaia receber\u00e1 oficialmente o nome do ex-governador Joaquim Roriz. A homenagem ser\u00e1 realizada hoje e foi requerida pela deputada federal<strong> Fl\u00e1via Arruda<\/strong> (PL\/DF). O pedido foi aceito pelo governador Ibaneis Rocha que tamb\u00e9m deve participar do almo\u00e7o. Samambaia foi uma das cidades criadas por Roriz e era uma de suas principais bases eleitorais.<\/p>\n<h2><strong>No senado<\/strong><\/h2>\n<p>Roriz tamb\u00e9m ser\u00e1 homenageado no Senado Federal. Hoje, parlamentares e autoridades participam de sess\u00e3o especial, \u00e0s 14h, em homenagem a Roriz. A iniciativa \u00e9 do senador<strong> Izalci Lucas<\/strong> (PSDB\/DF). Para ele, Roriz foi o maior nome da pol\u00edtica do DF depois de Juscelino Kubitschek.<\/p>\n<h2><strong>Recursos para o trabalho<\/strong><\/h2>\n<p>Mesmo sem decidir o futuro da secretaria de Trabalho (comandada hoje pelo tamb\u00e9m secret\u00e1rio de Educa\u00e7\u00e3o, Jo\u00e3o Pedro Ferraz), o governador Ibaneis Rocha (MDB) encaminhou um projeto de lei para C\u00e2mara Legislativa que cria o Fundo do Trabalho do Distrito Federal. O emebedista solicitou que a proposta seja analisada em regime de urg\u00eancia, pois a legisla\u00e7\u00e3o federal exige a cria\u00e7\u00e3o do fundo para que o DF n\u00e3o perca recursos da Uni\u00e3o para o setor.<\/p>\n<h2><strong>Congresso vai analisar uso medicinal da Cannabis<\/strong><\/h2>\n<p>O Senado Federal aprovou, ontem, sugest\u00e3o legislativa, que contou com 20 mil assinaturas, para que o Congresso Nacional analise a utiliza\u00e7\u00e3o medicinal da Cannabis. A senadora do DF Leila Barros (PSB) foi uma das defensoras da iniciativa no Senado e comemorou muito a aprova\u00e7\u00e3o. \u201cA proposta, que ainda tramitar\u00e1 pelas comiss\u00f5es da Casa, representa uma esperan\u00e7a para in\u00fameras fam\u00edlias que dependem do medicamento de alto custo para garantir qualidade de vida a pessoas queridas\u201d, destacou.<\/p>\n<h2><strong>Registro de falhas<\/strong><\/h2>\n<p>As falhas em implantes de pr\u00f3teses e \u00f3rteses realizados em hospitais p\u00fablicos e privados dever\u00e3o ser registradas e notificadas \u00e0 Secretaria de Sa\u00fade. A medida est\u00e1 prevista em projeto de lei, de autoria do deputado Eduardo Pedrosa (PTC), sancionado pelo governador Ibaneis Rocha.<\/p>\n<h2><strong>Siga o dinheiro<\/strong><\/h2>\n<p><em>R$ 1.961.712<\/em><\/p>\n<p>\u00c9 o valor da contrata\u00e7\u00e3o pela C\u00e2mara Legislativa da empresa Visual Sistemas Eletr\u00f4nicos Ltda para implanta\u00e7\u00e3o do sistema de informatiza\u00e7\u00e3o da sess\u00e3o plen\u00e1ria com instala\u00e7\u00e3o de painel eletr\u00f4nico de vota\u00e7\u00e3o, com aferimento de presen\u00e7a e qu\u00f3rum.<\/p>\n<h2><strong>A pergunta que n\u00e3o quer calar\u2026.<\/strong><\/h2>\n<p>Quem vai sair mais vitorioso do Tribunal do J\u00fari com o fim do julgamento de <strong>Adriana Villela<\/strong>? Ela, o advogado, o Minist\u00e9rio P\u00fablico, a Pol\u00edcia Civil ou a Justi\u00e7a?<\/p>\n<h2><strong>S\u00f3 papos<\/strong><\/h2>\n<blockquote>\n<p style=\"text-align: right\">\u201cVoc\u00eas roubaram minha inf\u00e2ncia\u2026\u201d disse a garota financiada pela Open Society de George Soros.<\/p>\n<p><strong>Deputado federal Eduardo Bolsonaro (PSL-RJ)<\/strong><\/p>\n<p>\u201cEduardo Bolsonaro, viciado em mentir, compartilhou foto falsa de Greta Thunberg. Querem desmoralizar uma jovem brilhante e corajosa que nos chama \u00e0 indigna\u00e7\u00e3o contra a cobi\u00e7a capitalista que gera as mudan\u00e7as clim\u00e1ticas.\u201d<\/p><\/blockquote>\n<p style=\"text-align: right\"><strong>Deputada federal Tal\u00edria Petrone (PSol-RJ)<\/strong><\/p>\n","protected":false},"excerpt":{"rendered":"<p>Coluna Eixo Capital\/Por Ana Maria Campos O candidato do governador Ibaneis Rocha (MDB) \u00e0 Presid\u00eancia nacional do partido \u00e9 o deputado federal Baleia Rossi (MDB-SP). Ibaneis at\u00e9 chegou a afirmar que poderia disputar o cargo, mas mudou de ideia quando ficou garantido que governadores ter\u00e3o um assento na Executiva da sigla e ser\u00e3o ouvidos em [&hellip;]<\/p>\n","protected":false},"author":9,"featured_media":16592,"comment_status":"open","ping_status":"closed","sticky":false,"template":"","format":"standard","meta":{"wpb_read_more":[],"footnotes":""},"categories":[234],"tags":[1967,917,468],"class_list":["post-16591","post","type-post","status-publish","format-standard","has-post-thumbnail","hentry","category-cb-poder","tag-baleia-rossi","tag-ibaneis-rocha","tag-joaquim-roriz"],"_links":{"self":[{"href":"https:\/\/blogs2.correiobraziliense.com.br\/cbpoder\/wp-json\/wp\/v2\/posts\/16591","targetHints":{"allow":["GET"]}}],"collection":[{"href":"https:\/\/blogs2.correiobraziliense.com.br\/cbpoder\/wp-json\/wp\/v2\/posts"}],"about":[{"href":"https:\/\/blogs2.correiobraziliense.com.br\/cbpoder\/wp-json\/wp\/v2\/types\/post"}],"author":[{"embeddable":true,"href":"https:\/\/blogs2.correiobraziliense.com.br\/cbpoder\/wp-json\/wp\/v2\/users\/9"}],"replies":[{"embeddable":true,"href":"https:\/\/blogs2.correiobraziliense.com.br\/cbpoder\/wp-json\/wp\/v2\/comments?post=16591"}],"version-history":[{"count":2,"href":"https:\/\/blogs2.correiobraziliense.com.br\/cbpoder\/wp-json\/wp\/v2\/posts\/16591\/revisions"}],"predecessor-version":[{"id":16594,"href":"https:\/\/blogs2.correiobraziliense.com.br\/cbpoder\/wp-json\/wp\/v2\/posts\/16591\/revisions\/16594"}],"wp:featuredmedia":[{"embeddable":true,"href":"https:\/\/blogs2.correiobraziliense.com.br\/cbpoder\/wp-json\/wp\/v2\/media\/16592"}],"wp:attachment":[{"href":"https:\/\/blogs2.correiobraziliense.com.br\/cbpoder\/wp-json\/wp\/v2\/media?parent=16591"}],"wp:term":[{"taxonomy":"category","embeddable":true,"href":"https:\/\/blogs2.correiobraziliense.com.br\/cbpoder\/wp-json\/wp\/v2\/categories?post=16591"},{"taxonomy":"post_tag","embeddable":true,"href":"https:\/\/blogs2.correiobraziliense.com.br\/cbpoder\/wp-json\/wp\/v2\/tags?post=16591"}],"curies":[{"name":"wp","href":"https:\/\/api.w.org\/{rel}","templated":true}]}}