{"id":16620,"date":"2019-10-03T17:14:16","date_gmt":"2019-10-03T20:14:16","guid":{"rendered":"https:\/\/blogs2.correiobraziliense.com.br\/cbpoder\/?p=16620"},"modified":"2019-10-04T10:56:05","modified_gmt":"2019-10-04T13:56:05","slug":"ibaneis-e-renan-pedem-cassacao-a-oab-cassacao-do-registro-de-janot-como-advogado","status":"publish","type":"post","link":"https:\/\/blogs2.correiobraziliense.com.br\/cbpoder\/ibaneis-e-renan-pedem-cassacao-a-oab-cassacao-do-registro-de-janot-como-advogado\/","title":{"rendered":"Ibaneis pede \u00e0 OAB cassa\u00e7\u00e3o da carteira de advogado de Janot"},"content":{"rendered":"<h4>ANA MARIA CAMPOS<\/h4>\n<p>A <strong>Ordem dos Advogados do Brasi<\/strong>l, seccional Distrito Federal, (OAB-DF) vai analisar duas representa\u00e7\u00f5es protocoladas contra o ex-procurador-geral da Rep\u00fablica <strong>Rodrigo Janot.<\/strong> Os autores s\u00e3o o governador<strong> Ibaneis Rocha<\/strong> (MDB) e o senador <strong>Renan Calheiros<\/strong> (MDB-AL) que pedem a suspens\u00e3o e a posterior cassa\u00e7\u00e3o da carteira de advogado do ex-chefe do Minist\u00e9rio P\u00fablico Federal na Ordem.<\/p>\n<p>Se as representa\u00e7\u00f5es forem consideradas procedentes, Janot, que abriu recentemente um escrit\u00f3rio voltado principalmente a consultoria de compliance, ficar\u00e1 impedido de advogar. O caso ser\u00e1 analisado pelo Tribunal de \u00c9tica da OAB-DF. Ex-presidente da entidade no DF e ex-conselheiro federal da OAB, Ibaneis aponta desvio de conduta de Janot pela revela\u00e7\u00e3o de que ele entrou armado na antessala do Supremo Tribunal Federal (STF) com o prop\u00f3sito de matar o ministro Gilmar Mendes e, em seguida, se suicidar.<\/p>\n<p>Em entrevistas \u00e0 <em>Veja<\/em> e ao <em>Estado de S. Paulo<\/em>, <a href=\"https:\/\/www.correiobraziliense.com.br\/app\/noticia\/politica\/2019\/09\/26\/interna_politica,791095\/eu-ia-matar-ele-gilmar-mendes-e-depois-me-suicidar-diz-janot-a-jo.shtml\">Janot disse que chegou a engatilhar a arma, mas desistiu antes de dispar\u00e1-la<\/a>. O epis\u00f3dio tamb\u00e9m \u00e9 descrito, sem a cita\u00e7\u00e3o do nome de Gilmar, no livro <em>Nada Menos que Tudo<\/em>, uma autobiografia escrita a partir de depoimentos concedidos por Janot aos jornalistas Jailton de Carvalho e Guilherme Evelin. Por causa dessas declara\u00e7\u00f5es, o ministro Alexandre de Moraes, do STF, determinou uma busca e apreens\u00e3o na casa e no escrit\u00f3rio de Janot. Ele tamb\u00e9m est\u00e1 impedido de se aproximar de ministros e de entrar no STF.<\/p>\n<p>Na representa\u00e7\u00e3o, o governador do DF sustenta que, se Janot n\u00e3o pode advogar no STF, tamb\u00e9m n\u00e3o teria condi\u00e7\u00f5es de atuar em outras varas e inst\u00e2ncias da Justi\u00e7a. Quando presidiu a OAB-DF, Ibaneis tamb\u00e9m foi autor de uma representa\u00e7\u00e3o contra o ministro aposentado do STF Joaquim Barbosa, por considerar que o ex-magistrado, relator do processo do mensal\u00e3o, era desrespeitoso com advogados. No Tribunal de \u00c9tica, ser\u00e1 designado um relator para analisar as representa\u00e7\u00f5es e Janot ter\u00e1 direito a apresentar sua defesa.<\/p>\n","protected":false},"excerpt":{"rendered":"<p>ANA MARIA CAMPOS A Ordem dos Advogados do Brasil, seccional Distrito Federal, (OAB-DF) vai analisar duas representa\u00e7\u00f5es protocoladas contra o ex-procurador-geral da Rep\u00fablica Rodrigo Janot. Os autores s\u00e3o o governador Ibaneis Rocha (MDB) e o senador Renan Calheiros (MDB-AL) que pedem a suspens\u00e3o e a posterior cassa\u00e7\u00e3o da carteira de advogado do ex-chefe do Minist\u00e9rio [&hellip;]<\/p>\n","protected":false},"author":9,"featured_media":9614,"comment_status":"open","ping_status":"closed","sticky":false,"template":"","format":"standard","meta":{"wpb_read_more":[],"footnotes":""},"categories":[234],"tags":[966,274,1063,1969,619,149],"class_list":["post-16620","post","type-post","status-publish","format-standard","has-post-thumbnail","hentry","category-cb-poder","tag-ibaneis","tag-oab","tag-pgr","tag-renan","tag-rodrigo-janot","tag-stf"],"_links":{"self":[{"href":"https:\/\/blogs2.correiobraziliense.com.br\/cbpoder\/wp-json\/wp\/v2\/posts\/16620","targetHints":{"allow":["GET"]}}],"collection":[{"href":"https:\/\/blogs2.correiobraziliense.com.br\/cbpoder\/wp-json\/wp\/v2\/posts"}],"about":[{"href":"https:\/\/blogs2.correiobraziliense.com.br\/cbpoder\/wp-json\/wp\/v2\/types\/post"}],"author":[{"embeddable":true,"href":"https:\/\/blogs2.correiobraziliense.com.br\/cbpoder\/wp-json\/wp\/v2\/users\/9"}],"replies":[{"embeddable":true,"href":"https:\/\/blogs2.correiobraziliense.com.br\/cbpoder\/wp-json\/wp\/v2\/comments?post=16620"}],"version-history":[{"count":4,"href":"https:\/\/blogs2.correiobraziliense.com.br\/cbpoder\/wp-json\/wp\/v2\/posts\/16620\/revisions"}],"predecessor-version":[{"id":16633,"href":"https:\/\/blogs2.correiobraziliense.com.br\/cbpoder\/wp-json\/wp\/v2\/posts\/16620\/revisions\/16633"}],"wp:featuredmedia":[{"embeddable":true,"href":"https:\/\/blogs2.correiobraziliense.com.br\/cbpoder\/wp-json\/wp\/v2\/media\/9614"}],"wp:attachment":[{"href":"https:\/\/blogs2.correiobraziliense.com.br\/cbpoder\/wp-json\/wp\/v2\/media?parent=16620"}],"wp:term":[{"taxonomy":"category","embeddable":true,"href":"https:\/\/blogs2.correiobraziliense.com.br\/cbpoder\/wp-json\/wp\/v2\/categories?post=16620"},{"taxonomy":"post_tag","embeddable":true,"href":"https:\/\/blogs2.correiobraziliense.com.br\/cbpoder\/wp-json\/wp\/v2\/tags?post=16620"}],"curies":[{"name":"wp","href":"https:\/\/api.w.org\/{rel}","templated":true}]}}