{"id":16629,"date":"2019-10-04T07:54:26","date_gmt":"2019-10-04T10:54:26","guid":{"rendered":"https:\/\/blogs2.correiobraziliense.com.br\/cbpoder\/?p=16629"},"modified":"2019-10-04T07:54:26","modified_gmt":"2019-10-04T10:54:26","slug":"amigos-de-janot-chamam-de-bravata-historia-de-matar-gilmar","status":"publish","type":"post","link":"https:\/\/blogs2.correiobraziliense.com.br\/cbpoder\/amigos-de-janot-chamam-de-bravata-historia-de-matar-gilmar\/","title":{"rendered":"Amigos de Janot chamam de bravata hist\u00f3ria de matar Gilmar"},"content":{"rendered":"<h6><strong>Coluna Eixo Capital\/Por Ana Maria Campos<\/strong><\/h6>\n<p>Amigos e pessoas pr\u00f3ximas de <strong>Rodrigo Janot<\/strong> n\u00e3o acreditam na hist\u00f3ria que ele contou sobre assassinar o ministro Gilmar Mendes. Acham que \u00e9 bravata e que o ex-procurador-geral da Rep\u00fablica n\u00e3o mediu as consequ\u00eancias ao falar sobre isso com jornalistas. Esse olhar foi refor\u00e7ado ontem por reportagem publicada pelo portal<em> Jota<\/em>, assinada pelo jornalista Felipe Recondo, segundo a qual Janot n\u00e3o estava em Bras\u00edlia no dia em que teria entrado armado para matar Gilmar.<\/p>\n<h2><strong>Ibaneis quer tirar Janot da advocacia<\/strong><\/h2>\n<p>Ex-presidente da OAB-DF, <a href=\"https:\/\/blogs2.correiobraziliense.com.br\/cbpoder\/ibaneis-e-renan-pedem-cassacao-a-oab-cassacao-do-registro-de-janot-como-advogado\/\">o governador<strong> Ibaneis Rocha<\/strong> \u00e9 o autor de uma representa\u00e7\u00e3o que pode cassar a carteira de advogado do ex-procurador-geral da Rep\u00fablica <strong>Rodrigo Janot<\/strong><\/a>. O pedido de abertura de processo no Tribunal de \u00c9tica da entidade leva em conta a decis\u00e3o do STF de impedir que o ex-chefe do MPF se aproxime de qualquer ministro e ainda atue na Corte superior.<\/p>\n<p>Ibaneis considera que, se Janot \u00e9 considerado um risco para magistrados do Supremo, n\u00e3o poderia advogar tamb\u00e9m nos demais tribunais e varas de Justi\u00e7a. O processo corre em sigilo na OAB-DF e Ibaneis n\u00e3o quis falar sobre o assunto. Mas n\u00e3o \u00e9 segredo que ele tem sido um cr\u00edtico da atua\u00e7\u00e3o de procuradores na <strong>Opera\u00e7\u00e3o Lava-Jato<\/strong>.<\/p>\n<h2><strong>Renan tamb\u00e9m\u2026<\/strong><\/h2>\n<p>Ibaneis Rocha tem bem mais isen\u00e7\u00e3o do que o autor de outra representa\u00e7\u00e3o que faz o mesmo pedido, o senador Renan Calheiros (MDB-AL), alvo de 13 inqu\u00e9ritos no STF, abertos a pedido da Procuradoria-Geral da Rep\u00fablica. No Tribunal de \u00c9tica da OAB-DF, ser\u00e1 designado um relator para analisar as representa\u00e7\u00f5es e Janot ter\u00e1 direito a apresentar sua defesa.<\/p>\n<h2>\n<strong>Representante da classe<\/strong><\/h2>\n<p>Ao propor uma penalidade a Rodrigo Janot, Ibaneis representa muitos advogados e envolvidos na maior investiga\u00e7\u00e3o contra a corrup\u00e7\u00e3o do pa\u00eds. Ex-presidente da entidade no DF e ex-conselheiro federal da OAB, Ibaneis aponta desvio de conduta de Janot pela revela\u00e7\u00e3o de que ele entrou armado na antessala do Supremo Tribunal Federal (STF) com o prop\u00f3sito de matar o ministro <strong>Gilmar Mendes<\/strong> e, em seguida, se suicidar.<\/p>\n<p>Em entrevistas \u00e0 <em>Veja<\/em> e ao <em>Estado de S. Paulo<\/em>, <a href=\"https:\/\/www.correiobraziliense.com.br\/app\/noticia\/politica\/2019\/09\/26\/interna_politica,791095\/eu-ia-matar-ele-gilmar-mendes-e-depois-me-suicidar-diz-janot-a-jo.shtml\">Janot disse que chegou a engatilhar a arma, mas desistiu antes de dispar\u00e1-la<\/a>. O epis\u00f3dio tamb\u00e9m \u00e9 descrito, sem a cita\u00e7\u00e3o do nome de Gilmar, no livro <em>Nada Menos que Tudo<\/em>, uma autobiografia escrita a partir de depoimentos concedidos por Janot aos jornalistas Jailton de Carvalho e Guilherme Evelin.<\/p>\n<h2><strong>Inimigo<\/strong><\/h2>\n<p>Quando presidiu a OAB-DF, Ibaneis tamb\u00e9m foi autor de uma representa\u00e7\u00e3o contra o ministro aposentado do STF<strong> Joaquim Barbosa<\/strong>, por considerar que o ex-magistrado, relator do processo do mensal\u00e3o, era desrespeitoso com advogados.<\/p>\n<h2><strong>MPDFT apura expans\u00e3o ilegal do Iges-DF<\/strong><\/h2>\n<p>A Promotoria de Justi\u00e7a de Defesa da Sa\u00fade abriu investiga\u00e7\u00e3o para apurar a expans\u00e3o sem autoriza\u00e7\u00e3o legal do Instituto de Gest\u00e3o Estrat\u00e9gica de Sa\u00fade do Distrito Federal (Iges-DF). No in\u00edcio de setembro, a entidade divulgou que construiria seis Unidades de Pronto Atendimento no DF (UPAs). Mas o Minist\u00e9rio P\u00fablico entende que a amplia\u00e7\u00e3o da atua\u00e7\u00e3o do modelo na sa\u00fade p\u00fablica do DF deve ser formalizada por lei proposta pelo Executivo e aprovada pela C\u00e2mara Legislativa.<\/p>\n<p>\u201cO Minist\u00e9rio P\u00fablico n\u00e3o \u00e9 contra a constru\u00e7\u00e3o de novas unidades de pronto atendimento, desde que isso ocorra dentro da lei. O Iges-DF n\u00e3o pode construir novas unidades de sa\u00fade fora de seus limites legais de assist\u00eancia, sem nova autoriza\u00e7\u00e3o legal, caso contr\u00e1rio isso pode representar privatiza\u00e7\u00e3o da sa\u00fade p\u00fablica do DF\u201d, aponta o promotor Clayton Germano, que atua na Promotoria de Justi\u00e7a de Defesa da Sa\u00fade. O secret\u00e1rio de Sa\u00fade, Osnei Okumoto, e o diretor-presidente do IGESDF, Francisco Ara\u00fajo, ser\u00e3o chamados a prestar esclarecimentos no MPDFT.<\/p>\n<h2>\n<strong>Sem emendas<\/strong><\/h2>\n<p>O Minist\u00e9rio P\u00fablico analisa expedir recomenda\u00e7\u00e3o aos deputados distritais para que n\u00e3o destinem emendas ao Iges-DF, diretamente ou por meio da Secretaria de Sa\u00fade, para a constru\u00e7\u00e3o de novas unidades de sa\u00fade fora do limite assistencial do instituto.<\/p>\n<h2><strong>Despedida<\/strong><\/h2>\n<p>Depois de mais de 20 anos de trabalho em j\u00faris, <strong>Maur\u00edcio Miranda<\/strong> deve ter feito no caso da 113 Sul a sua despedida de plen\u00e1rios e julgamentos. \u00c9 que ele foi promovido de promotor de Justi\u00e7a a procurador e passou a atuar em segunda inst\u00e2ncia. A condena\u00e7\u00e3o da arquiteta <strong>Adriana Villela<\/strong> a 67 anos de pris\u00e3o, num caso t\u00e3o complexo, \u00e9 um cap\u00edtulo importante para a biografia do integrante do Minist\u00e9rio P\u00fablico do Distrito Federal e Territ\u00f3rios (MPDFT).<\/p>\n<h2>\n<strong>Aposentadoria mais cedo para ju\u00edzes e procuradores<\/strong><\/h2>\n<p>A deputada <strong>Bia Kicis<\/strong> (PSL-DF) conseguiu as 171 assinaturas necess\u00e1rias para protocolar uma PEC que revogue a regra de aposentadoria compuls\u00f3ria de ju\u00edzes e procuradores apenas com 75 anos. Pela proposta, eles se tornam inativos com 70 anos.<\/p>\n<h2><strong>Reconhecimento ao TCU<\/strong><\/h2>\n<p>A candidatura \u00fanica do Brasil para sediar em 2022 o congresso mundial da Intosai \u2014 organiza\u00e7\u00e3o internacional que congrega institui\u00e7\u00f5es superiores de auditoria de 195 pa\u00edses, com status de \u00f3rg\u00e3o consultivo da ONU. O Brasil tamb\u00e9m vai presidir a organiza\u00e7\u00e3o entre 2002 e 2025. \u201cReconhecimento ao trabalho profissional realizado pelo TCU\u201d, afirma o ministro Bruno Dantas.<\/p>\n","protected":false},"excerpt":{"rendered":"<p>Coluna Eixo Capital\/Por Ana Maria Campos Amigos e pessoas pr\u00f3ximas de Rodrigo Janot n\u00e3o acreditam na hist\u00f3ria que ele contou sobre assassinar o ministro Gilmar Mendes. Acham que \u00e9 bravata e que o ex-procurador-geral da Rep\u00fablica n\u00e3o mediu as consequ\u00eancias ao falar sobre isso com jornalistas. Esse olhar foi refor\u00e7ado ontem por reportagem publicada pelo [&hellip;]<\/p>\n","protected":false},"author":9,"featured_media":16630,"comment_status":"open","ping_status":"closed","sticky":false,"template":"","format":"standard","meta":{"wpb_read_more":[],"footnotes":""},"categories":[234],"tags":[1970,917,619,149],"class_list":["post-16629","post","type-post","status-publish","format-standard","has-post-thumbnail","hentry","category-cb-poder","tag-gilmar-mendes","tag-ibaneis-rocha","tag-rodrigo-janot","tag-stf"],"_links":{"self":[{"href":"https:\/\/blogs2.correiobraziliense.com.br\/cbpoder\/wp-json\/wp\/v2\/posts\/16629","targetHints":{"allow":["GET"]}}],"collection":[{"href":"https:\/\/blogs2.correiobraziliense.com.br\/cbpoder\/wp-json\/wp\/v2\/posts"}],"about":[{"href":"https:\/\/blogs2.correiobraziliense.com.br\/cbpoder\/wp-json\/wp\/v2\/types\/post"}],"author":[{"embeddable":true,"href":"https:\/\/blogs2.correiobraziliense.com.br\/cbpoder\/wp-json\/wp\/v2\/users\/9"}],"replies":[{"embeddable":true,"href":"https:\/\/blogs2.correiobraziliense.com.br\/cbpoder\/wp-json\/wp\/v2\/comments?post=16629"}],"version-history":[{"count":1,"href":"https:\/\/blogs2.correiobraziliense.com.br\/cbpoder\/wp-json\/wp\/v2\/posts\/16629\/revisions"}],"predecessor-version":[{"id":16631,"href":"https:\/\/blogs2.correiobraziliense.com.br\/cbpoder\/wp-json\/wp\/v2\/posts\/16629\/revisions\/16631"}],"wp:featuredmedia":[{"embeddable":true,"href":"https:\/\/blogs2.correiobraziliense.com.br\/cbpoder\/wp-json\/wp\/v2\/media\/16630"}],"wp:attachment":[{"href":"https:\/\/blogs2.correiobraziliense.com.br\/cbpoder\/wp-json\/wp\/v2\/media?parent=16629"}],"wp:term":[{"taxonomy":"category","embeddable":true,"href":"https:\/\/blogs2.correiobraziliense.com.br\/cbpoder\/wp-json\/wp\/v2\/categories?post=16629"},{"taxonomy":"post_tag","embeddable":true,"href":"https:\/\/blogs2.correiobraziliense.com.br\/cbpoder\/wp-json\/wp\/v2\/tags?post=16629"}],"curies":[{"name":"wp","href":"https:\/\/api.w.org\/{rel}","templated":true}]}}