{"id":16682,"date":"2019-10-16T07:46:38","date_gmt":"2019-10-16T10:46:38","guid":{"rendered":"https:\/\/blogs2.correiobraziliense.com.br\/cbpoder\/?p=16682"},"modified":"2019-10-16T08:05:08","modified_gmt":"2019-10-16T11:05:08","slug":"tcdf-apura-faltas-de-roberio-em-plenario-durante-viagem-a-disney","status":"publish","type":"post","link":"https:\/\/blogs2.correiobraziliense.com.br\/cbpoder\/tcdf-apura-faltas-de-roberio-em-plenario-durante-viagem-a-disney\/","title":{"rendered":"TCDF apura faltas de Rob\u00e9rio em plen\u00e1rio durante viagem \u00e0 Disney"},"content":{"rendered":"<p><strong>Coluna Eixo Capital\/Por Ana Maria Campos<\/strong><\/p>\n<p>O Tribunal de Contas do DF abriu processo para apurar as supostas faltas n\u00e3o justificadas pelo deputado distrital <strong>Rob\u00e9rio Negreiros<\/strong> (PSD) que teriam ocorrido em novembro do ano passado, durante viagem do parlamentar \u00e0 <strong>Disney<\/strong> com a fam\u00edlia. O pedido partiu do procurador<strong> Dem\u00f3stenes Tres Albuquerque<\/strong>, do Minist\u00e9rio P\u00fablico de Contas, que cobra o ressarcimento ao Er\u00e1rio dos dias n\u00e3o trabalhados, mas computados no contracheque do distrital.<\/p>\n<p>O epis\u00f3dio \u00e9 investigado tamb\u00e9m pelo Minist\u00e9rio P\u00fablico do Distrito Federal e Territ\u00f3rios (MPDFT) na <a href=\"https:\/\/blogs2.correiobraziliense.com.br\/cbpoder\/mpdft-deflagra-operacao-na-cldf-para-investigar-fraude-de-roberio-na-lista-de-presenca\/\"><strong>Opera\u00e7\u00e3o Abstentia<\/strong><\/a>. O TCDF abriu prazo de 30 dias para que Rob\u00e9rio e a C\u00e2mara Legislativa esclare\u00e7am o caso. Rob\u00e9rio afirma que os descontos foram realizados. Os conselheiros M\u00e1rcio Michel e Paulo Tadeu defenderam que o processo tramitasse em sigilo. Mas foram vencidos. O plen\u00e1rio manteve o andamento aberto.<\/p>\n<h2><strong>Em alerta<\/strong><\/h2>\n<p>A opera\u00e7\u00e3o da Pol\u00edcia Federal para investigar <strong>candidaturas laranjas do PSL<\/strong> em Pernambuco deve acender o alerta de dirigentes do <strong>Pros<\/strong>, partido que tamb\u00e9m \u00e9 suspeito de irregularidades na campanha de 2018. Com a repercuss\u00e3o nacional, o assunto deve permanecer nos holofotes. O Pros est\u00e1 na mira da pr\u00f3pria PF e da Justi\u00e7a Eleitoral por suposto superfaturamento nas presta\u00e7\u00f5es de contas de diversos concorrentes a deputado distrital no DF, <a href=\"https:\/\/www.correiobraziliense.com.br\/app\/noticia\/cidades\/2019\/02\/24\/interna_cidadesdf,739439\/candidata-a-federal-pelo-pros-se-recusou-a-assinar-prestacao-de-contas.shtml\">conforme revelou o <strong>Correio<\/strong> em fevereiro<\/a>.<\/p>\n<p>A sigla diz ter investido R$ 5,7 milh\u00f5es com os materiais gr\u00e1ficos de campanha de 33 concorrentes a uma vaga na C\u00e2mara Legislativa que n\u00e3o chegaram a mil votos cada. Alguns dos candidatos alegam n\u00e3o ter recebido os valores e afirmam que foram usados, sem consentimento, como laranjas. O esquema teria se repetido em mais estados, como S\u00e3o Paulo e Goi\u00e1s. O partido nega.<\/p>\n<h2><strong>Na moda<\/strong><\/h2>\n<p>A primeira-dama do DF, <strong>Mayara Noronha<\/strong>, esteve ontem na <strong>S\u00e3o Paulo Fashion Week<\/strong>. Convidada por uma joalheria de Bras\u00edlia, a advogada foi ao evento, mas permaneceu no backstage. Ao Correio, ela disse que tem um projeto de reativar o mundo da moda no Distrito Federal e aproveitou a experi\u00eancia para buscar ideias.<\/p>\n<h2><strong>Sem indica\u00e7\u00f5es<\/strong><\/h2>\n<p>O deputado<strong> Iolando<\/strong> (PSC) esperava indicar um substituto na Secretaria Extraordin\u00e1ria da Pessoa com Defici\u00eancia. Mas o governador <strong>Ibaneis Rocha<\/strong> (MDB), por enquanto, nomeou como interino para a pasta o secret\u00e1rio de Justi\u00e7a e Cidadania, Gustavo Rocha. I<a href=\"https:\/\/blogs2.correiobraziliense.com.br\/cbpoder\/professor-israel-na-frente-de-oposicao-a-reforma-administrativa\/\">olando deixou o cargo no governo justamente reclamando de que n\u00e3o estava conseguindo emplacar ningu\u00e9m na estrutura da secretaria<\/a>. O suplente de Iolando, Daniel de Castro, voltou para a administra\u00e7\u00e3o de Vicente Pires.<\/p>\n<h2><strong>Apoio pol\u00edtico<\/strong><\/h2>\n<p>O governador Ibaneis Rocha vai amanh\u00e3 a Santa Maria anunciar o lan\u00e7amento de obras e a\u00e7\u00f5es na cidade, ao lado da deputada distrital Jaqueline Silva (PTB), que tem base eleitoral na regi\u00e3o. O evento ser\u00e1 realizado no Centro Educacional 416, escola que aprovou a implementa\u00e7\u00e3o do modelo de gest\u00e3o compartilhada com a PM. A parlamentar \u00e9 quem tem distribu\u00eddo os convites.<\/p>\n<h2><strong>Parceria<\/strong><\/h2>\n<p>O ex-governador Rodrigo Rollemberg (PSB) se aproximou nos \u00faltimos tempos do economista Eduardo Moreira, ex-banqueiro que se dedica nos \u00faltimos anos a estudar a desigualdade social. No Carpe Diem, Moreira, ex-s\u00f3cio do banco Pactual e fundador das empresas Brasil Plural e Genial, lan\u00e7ou ontem o livro Desigualdade &amp; caminhos para uma sociedade mais justa, com apoio de Rollemberg.<\/p>\n<p>Os dois se tornaram amigos depois de o ex-governador convid\u00e1-lo para uma palestra no Instituto Jo\u00e3o Mangabeiras, entidade de estudos ligada ao PSB. Depois de uma grande mudan\u00e7a de vida, Moreira largou o status de banqueiro, morou em assentamentos do MST e se dedica a palestras e cursos sobre distribui\u00e7\u00e3o de renda, com vi\u00e9s social. Para Rollemberg, a parceria tem sido frut\u00edfera no aprofundamento de debates sobre as reformas no Congresso.<\/p>\n<h2><strong>Emenda para oncologia do Hospital de Base<\/strong><\/h2>\n<p>O senador Jos\u00e9 Ant\u00f4nio Reguffe (Podemos-DF) apresentou uma emenda ao Or\u00e7amento da Uni\u00e3o, com car\u00e1ter impositivo, para amplia\u00e7\u00e3o, reforma e qualifica\u00e7\u00e3o do Centro de Oncologia do Instituto Hospital de Base. S\u00e3o R$ 6.306.992,15. Ser\u00e3o 24 consult\u00f3rios novos, com ar-condicionado, computador e macas (uma por consult\u00f3rio). Al\u00e9m disso, ser\u00e3o comprados equipamentos novos e modernos.<\/p>\n<p>Com a medida, o Hospital de Base poder\u00e1 mais que dobrar o atendimento que \u00e9 feito hoje em oncologia, radioterapia e hematologia. De 2.200 consultas por m\u00eas, passar\u00e1 para 4.500. O tempo entre o diagn\u00f3stico e a primeira consulta cair\u00e1 de 40 dias para 7 dias. O assunto foi tratado por Reguffe com m\u00e9dicos da rede p\u00fablica. \u201cTive uma excelente reuni\u00e3o com os m\u00e9dicos oncologistas do Base\u201d, afirma o senador.<\/p>\n<h2><strong>Palestrando no M\u00e9xico<\/strong><\/h2>\n<p>Diretora da Engenho Comunica\u00e7\u00e3o e presidente do Pr\u00eamio Engenho de Comunica\u00e7\u00e3o, a jornalista K\u00e1tia Cubel vai compartilhar conhecimentos no M\u00e9xico. Nesta sexta-feira, ela representar\u00e1 o Cofeci (Conselho Federal de Corretores de Im\u00f3veis) no 48\u00ba Congresso Internacional da Associa\u00e7\u00e3o Mexicana de Profissionais Imobili\u00e1rios na cidade de San Luis de Potos\u00ed.<\/p>\n<p>Como porta-voz do Brasil, falar\u00e1 sobre internacionaliza\u00e7\u00e3o da marca Brasil. Na segunda, a convite da entidade mexicana Associa\u00e7\u00e3o Nacional de Prefeitos, ser\u00e1 a conferencista do 10\u00ba encontro do Comit\u00ea Nacional de Comunica\u00e7\u00e3o Social da entidade, na Cidade do M\u00e9xico. K\u00e1tia vai falar sobre Marketing Digital e Redes Sociais e poder\u00e1 apresentar sua experi\u00eancia na constru\u00e7\u00e3o de imagem e de reputa\u00e7\u00e3o de entes e causas p\u00fablicas no Brasil.<\/p>\n<h2><strong>Siga o dinheiro<\/strong><\/h2>\n<p>R$ 6.014.928,12<br \/>\nValor estimado para registro de pre\u00e7os para contrata\u00e7\u00e3o de servi\u00e7os de organiza\u00e7\u00e3o para eventos a serem realizados nas depend\u00eancias internas e externas da C\u00e2mara Legislativa.<\/p>\n","protected":false},"excerpt":{"rendered":"<p>Coluna Eixo Capital\/Por Ana Maria Campos O Tribunal de Contas do DF abriu processo para apurar as supostas faltas n\u00e3o justificadas pelo deputado distrital Rob\u00e9rio Negreiros (PSD) que teriam ocorrido em novembro do ano passado, durante viagem do parlamentar \u00e0 Disney com a fam\u00edlia. O pedido partiu do procurador Dem\u00f3stenes Tres Albuquerque, do Minist\u00e9rio P\u00fablico [&hellip;]<\/p>\n","protected":false},"author":9,"featured_media":15873,"comment_status":"open","ping_status":"closed","sticky":false,"template":"","format":"standard","meta":{"wpb_read_more":[],"footnotes":""},"categories":[234],"tags":[665,143],"class_list":["post-16682","post","type-post","status-publish","format-standard","has-post-thumbnail","hentry","category-cb-poder","tag-roberio-negreiros","tag-tcdf"],"_links":{"self":[{"href":"https:\/\/blogs2.correiobraziliense.com.br\/cbpoder\/wp-json\/wp\/v2\/posts\/16682","targetHints":{"allow":["GET"]}}],"collection":[{"href":"https:\/\/blogs2.correiobraziliense.com.br\/cbpoder\/wp-json\/wp\/v2\/posts"}],"about":[{"href":"https:\/\/blogs2.correiobraziliense.com.br\/cbpoder\/wp-json\/wp\/v2\/types\/post"}],"author":[{"embeddable":true,"href":"https:\/\/blogs2.correiobraziliense.com.br\/cbpoder\/wp-json\/wp\/v2\/users\/9"}],"replies":[{"embeddable":true,"href":"https:\/\/blogs2.correiobraziliense.com.br\/cbpoder\/wp-json\/wp\/v2\/comments?post=16682"}],"version-history":[{"count":3,"href":"https:\/\/blogs2.correiobraziliense.com.br\/cbpoder\/wp-json\/wp\/v2\/posts\/16682\/revisions"}],"predecessor-version":[{"id":16687,"href":"https:\/\/blogs2.correiobraziliense.com.br\/cbpoder\/wp-json\/wp\/v2\/posts\/16682\/revisions\/16687"}],"wp:featuredmedia":[{"embeddable":true,"href":"https:\/\/blogs2.correiobraziliense.com.br\/cbpoder\/wp-json\/wp\/v2\/media\/15873"}],"wp:attachment":[{"href":"https:\/\/blogs2.correiobraziliense.com.br\/cbpoder\/wp-json\/wp\/v2\/media?parent=16682"}],"wp:term":[{"taxonomy":"category","embeddable":true,"href":"https:\/\/blogs2.correiobraziliense.com.br\/cbpoder\/wp-json\/wp\/v2\/categories?post=16682"},{"taxonomy":"post_tag","embeddable":true,"href":"https:\/\/blogs2.correiobraziliense.com.br\/cbpoder\/wp-json\/wp\/v2\/tags?post=16682"}],"curies":[{"name":"wp","href":"https:\/\/api.w.org\/{rel}","templated":true}]}}