{"id":16770,"date":"2019-10-30T07:54:16","date_gmt":"2019-10-30T10:54:16","guid":{"rendered":"https:\/\/blogs2.correiobraziliense.com.br\/cbpoder\/?p=16770"},"modified":"2019-10-30T07:54:16","modified_gmt":"2019-10-30T10:54:16","slug":"pros-recorre-ao-stf-em-caso-de-supostos-laranjas-do-df","status":"publish","type":"post","link":"https:\/\/blogs2.correiobraziliense.com.br\/cbpoder\/pros-recorre-ao-stf-em-caso-de-supostos-laranjas-do-df\/","title":{"rendered":"Pros recorre ao STF em caso de supostos laranjas do DF"},"content":{"rendered":"<h6><strong>Coluna Eixo Capital\/Por Alexandre de Paula<\/strong><\/h6>\n<p>Suspeito de superfaturar a presta\u00e7\u00e3o de contas de candidatos do Distrito Federal nas elei\u00e7\u00f5es de 2018, o Pros fez reclama\u00e7\u00e3o ao Supremo Tribunal Federal (STF) contra a atua\u00e7\u00e3o do desembargador que relata o processo de presta\u00e7\u00e3o de contas de Marizete Pereira. Ela \u00e9 uma das concorrentes que negam ter recebido os valores alegados pela legenda. Segundo a sigla, o desembargador ofendeu a autoridade do STF ao negar acesso a elementos de prova j\u00e1 produzidos no processo. O caso est\u00e1 nas m\u00e3os do ministro Gilmar Mendes, que pediu informa\u00e7\u00f5es ao TRE.<\/p>\n<h2>\n<strong>Esquema<\/strong><\/h2>\n<p>Como revelou o<strong> Correio<\/strong> em fevereiro, o Pros \u00e9 suspeito de superfaturar gastos da campanha de 33 candidatos a deputado distrital. Os concorrentes, com vota\u00e7\u00e3o pequena, receberam R$ 5,7 milh\u00f5es do partido, num gasto m\u00e9dio de R$ 172 mil para cada. Os recursos s\u00e3o oriundos de valores do Fundo Partid\u00e1rio e do Fundo Eleitoral. Na presta\u00e7\u00e3o de contas, a legenda alega ter confeccionado, por exemplo, 6 milh\u00f5es de adesivos para os candidatos em gr\u00e1fica da pr\u00f3pria sigla. Parte dos concorrentes, no entanto, negam ter recebido as quantidades especificadas. Os problemas teriam se repetido em estados como Goi\u00e1s, S\u00e3o Paulo e Rio de Janeiro.<\/p>\n<h2>\n<strong>Pol\u00edcia Federal<\/strong><\/h2>\n<p>As poss\u00edveis irregularidades s\u00e3o alvo de investiga\u00e7\u00e3o da Pol\u00edcia Federal, que abriu inqu\u00e9rito para apurar o caso a partir do processo de presta\u00e7\u00e3o de contas da candidata Marizete Pereira. \u00c0 PF, o secret\u00e1rio nacional de Multiculturalismo e Igualdade Racial da legenda, Edmilson Boa Morte, confirmou o suposto esquema e garantiu que os dados especificados nas presta\u00e7\u00f5es de contas n\u00e3o condizem com a realidade. O Pros, por\u00e9m, nega todas as irregularidades e garante que n\u00e3o houve uso indevido de recursos p\u00fablicos.<\/p>\n<h2>\n<strong>Protagonismo<\/strong><\/h2>\n<p>A atua\u00e7\u00e3o do BRB no governo Ibaneis Rocha (MDB) \u00e9 de protagonismo. A institui\u00e7\u00e3o financeira, dirigida por Paulo Henrique Costa, teve participa\u00e7\u00e3o em grande parte dos programas colocados como priorit\u00e1rios pelo Executivo local. O banco assumir\u00e1 a bilhetagem do sistema de transporte <a href=\"https:\/\/blogs2.correiobraziliense.com.br\/cbpoder\/brb-assumira-gestao-da-torre-de-tv-e-investira-r-40-milhoes\/\">e a gest\u00e3o da Torre de TV<\/a>, al\u00e9m da linha de cr\u00e9dito para servidores que quiserem resgatar o valor integral das pec\u00fanias atrasadas. Tamb\u00e9m coube ao BRB garantir o financiamento da Mostra Bras\u00edlia do Festival de Cinema depois de a C\u00e2mara Legislativa desistir do patroc\u00ednio.<\/p>\n<h2>\n<strong>Novo desembargador toma posse no TJDFT<\/strong><\/h2>\n<p>Tomou posse ontem como desembargador do Tribunal de Justi\u00e7a do Distrito Federal e dos Territ\u00f3rios (TJDFT) Robson Vieira Teixeira de Freitas. Ele passa a ocupar a vaga reservada, pelo quinto constitucional, \u00e0 advocacia. Robson foi a escolha do presidente da Rep\u00fablica, Jair Bolsonaro (PSL), na lista tr\u00edplice eleita pelo Pleno do TJDFT. Os tr\u00eas nomes que disputaram o cargo, na etapa final, foram escolhidos ap\u00f3s etapas de consulta a advogados. O magistrado ocupa o lugar de Renato Jaquet Rostirola, morto em mar\u00e7o deste ano.<\/p>\n<h2>\n<strong>Portal da Transpar\u00eancia do DF de cara nova<\/strong><\/h2>\n<p>Ferramenta fundamental para garantia de acesso p\u00fablico a dados e n\u00fameros do governo, o Portal da Transpar\u00eancia do DF ser\u00e1 reformulado. Segundo a Controladoria Geral do DF (CGDF), o site receber\u00e1 layout mais moderno, novas funcionalidades e uma interface mais atrativa e amig\u00e1vel. O lan\u00e7amento da nova vers\u00e3o ocorre hoje, no Pal\u00e1cio do Buriti.<\/p>\n<h2><strong><em>S\u00f3 papos<\/em><\/strong><\/h2>\n<blockquote><p>\n\u201cQuest\u00e3o de arma \u00e9 quest\u00e3o de livre arb\u00edtrio das pessoas, desde que elas se enquadrem no que prev\u00ea a legisla\u00e7\u00e3o. N\u00f3s temos 220 milh\u00f5es de habitantes, um milh\u00e3o de armas est\u00e1 pouco. Tem que ter mais.\u201d<\/p><\/blockquote>\n<p style=\"text-align: right\"><strong>Hamilton Mour\u00e3o, vice-presidente da Rep\u00fablica<\/strong><\/p>\n<blockquote><p>\u201cMour\u00e3o \u00e9 um irrespons\u00e1vel. Esse governo faz apologia \u00e0 morte e n\u00e3o \u00e0 vida. Quanto mais armas em circula\u00e7\u00e3o na sociedade, mais mortes. O certo \u00e9 retirar armas das m\u00e3os dos bandidos e n\u00e3o terceirizar responsabilidade pela seguran\u00e7a.\u201d<\/p><\/blockquote>\n<p style=\"text-align: right\"><strong>Chico Alencar (PSol-RJ), ex-deputado federal<\/strong><\/p>\n","protected":false},"excerpt":{"rendered":"<p>Coluna Eixo Capital\/Por Alexandre de Paula Suspeito de superfaturar a presta\u00e7\u00e3o de contas de candidatos do Distrito Federal nas elei\u00e7\u00f5es de 2018, o Pros fez reclama\u00e7\u00e3o ao Supremo Tribunal Federal (STF) contra a atua\u00e7\u00e3o do desembargador que relata o processo de presta\u00e7\u00e3o de contas de Marizete Pereira. Ela \u00e9 uma das concorrentes que negam ter [&hellip;]<\/p>\n","protected":false},"author":75,"featured_media":16771,"comment_status":"open","ping_status":"closed","sticky":false,"template":"","format":"standard","meta":{"wpb_read_more":[],"footnotes":""},"categories":[234],"tags":[286,917,1218,149],"class_list":["post-16770","post","type-post","status-publish","format-standard","has-post-thumbnail","hentry","category-cb-poder","tag-brb","tag-ibaneis-rocha","tag-pros","tag-stf"],"_links":{"self":[{"href":"https:\/\/blogs2.correiobraziliense.com.br\/cbpoder\/wp-json\/wp\/v2\/posts\/16770","targetHints":{"allow":["GET"]}}],"collection":[{"href":"https:\/\/blogs2.correiobraziliense.com.br\/cbpoder\/wp-json\/wp\/v2\/posts"}],"about":[{"href":"https:\/\/blogs2.correiobraziliense.com.br\/cbpoder\/wp-json\/wp\/v2\/types\/post"}],"author":[{"embeddable":true,"href":"https:\/\/blogs2.correiobraziliense.com.br\/cbpoder\/wp-json\/wp\/v2\/users\/75"}],"replies":[{"embeddable":true,"href":"https:\/\/blogs2.correiobraziliense.com.br\/cbpoder\/wp-json\/wp\/v2\/comments?post=16770"}],"version-history":[{"count":1,"href":"https:\/\/blogs2.correiobraziliense.com.br\/cbpoder\/wp-json\/wp\/v2\/posts\/16770\/revisions"}],"predecessor-version":[{"id":16772,"href":"https:\/\/blogs2.correiobraziliense.com.br\/cbpoder\/wp-json\/wp\/v2\/posts\/16770\/revisions\/16772"}],"wp:featuredmedia":[{"embeddable":true,"href":"https:\/\/blogs2.correiobraziliense.com.br\/cbpoder\/wp-json\/wp\/v2\/media\/16771"}],"wp:attachment":[{"href":"https:\/\/blogs2.correiobraziliense.com.br\/cbpoder\/wp-json\/wp\/v2\/media?parent=16770"}],"wp:term":[{"taxonomy":"category","embeddable":true,"href":"https:\/\/blogs2.correiobraziliense.com.br\/cbpoder\/wp-json\/wp\/v2\/categories?post=16770"},{"taxonomy":"post_tag","embeddable":true,"href":"https:\/\/blogs2.correiobraziliense.com.br\/cbpoder\/wp-json\/wp\/v2\/tags?post=16770"}],"curies":[{"name":"wp","href":"https:\/\/api.w.org\/{rel}","templated":true}]}}