{"id":16773,"date":"2019-10-31T08:14:09","date_gmt":"2019-10-31T11:14:09","guid":{"rendered":"https:\/\/blogs2.correiobraziliense.com.br\/cbpoder\/?p=16773"},"modified":"2019-10-31T08:14:09","modified_gmt":"2019-10-31T11:14:09","slug":"passe-livre-custou-ao-gdf-r-300-milhoes-em-2019","status":"publish","type":"post","link":"https:\/\/blogs2.correiobraziliense.com.br\/cbpoder\/passe-livre-custou-ao-gdf-r-300-milhoes-em-2019\/","title":{"rendered":"Passe livre custou ao GDF R$ 300 milh\u00f5es em 2019"},"content":{"rendered":"<h6><strong>Coluna Eixo Capital\/Por Alexandre de Paula<\/strong><\/h6>\n<p>O GDF gastou, at\u00e9 agora, R$ 300 milh\u00f5es, em valores liquidados, com a concess\u00e3o de passe livre no sistema de transportes da capital. Os n\u00fameros, dispon\u00edveis no Portal da Transpar\u00eancia, j\u00e1 levam em conta parte dos gastos contabilizados em outubro de 2019. O alto custo de manuten\u00e7\u00e3o do benef\u00edcio motivou o governo, no in\u00edcio da gest\u00e3o, a tentar emplacar na C\u00e2mara Legislativa um projeto de lei que restringia a concess\u00e3o da gratuidade a estudantes de escolas p\u00fablicas e a alunos da rede privada com renda familiar de at\u00e9 quatro sal\u00e1rios m\u00ednimos, al\u00e9m de bolsistas e benefici\u00e1rios de programas sociais. A estimativa era de economia de R$ 115 milh\u00f5es anuais com as altera\u00e7\u00f5es. A proposta gerou pol\u00eamica e empacou na Casa. Por fim, o GDF retirou o projeto de tramita\u00e7\u00e3o diante das reclama\u00e7\u00f5es. A ideia de articular alguma sa\u00edda que promova a redu\u00e7\u00e3o desse gasto, no entanto, continua viva no governo.<\/p>\n<h2><strong>Ruptura<\/strong><\/h2>\n<p>Nas \u00faltimas semanas, o governador Ibaneis Rocha (MDB) adotou um discurso pesado contra os antecessores no Pal\u00e1cio do Buriti. Ao falar sobre sa\u00fade, o emedebista fez quest\u00e3o de afirmar que encontrou a \u00e1rea sucateada e chegou a dizer que a popula\u00e7\u00e3o do DF escolheu mal os representantes nas duas elei\u00e7\u00f5es antes dele. Nesta semana, voltou a subir o tom ao discursar para servidores e dizer que o funcionalismo foi abandonado pelas gest\u00f5es passadas. A ideia parece ser a de se afirmar como uma ruptura em rela\u00e7\u00e3o ao passado, discurso que pegou durante as elei\u00e7\u00f5es, e fortalecer a impress\u00e3o de que, em compara\u00e7\u00e3o com os antecessores, o atual governo faz muito.<\/p>\n<h2><strong>Frente parlamentar da constru\u00e7\u00e3o civil<\/strong><\/h2>\n<p>Distritais formar\u00e3o uma frente parlamentar para defender os interesses da constru\u00e7\u00e3o civil e dos profissionais da \u00e1rea na C\u00e2mara Legislativa. A proposta foi protocolada pelo deputado Roosevelt Vilela (PSB). Entidades representativas do setor, como o Sindicato da Ind\u00fastria da Constru\u00e7\u00e3o Civil (Sinduscon-DF), a Associa\u00e7\u00e3o de Empresas do Mercado Imobili\u00e1rio (Ademi-DF) e a Associa\u00e7\u00e3o Brasiliense de Construtores (Asbraco), apoiam a iniciativa, que ser\u00e1 lan\u00e7ada oficialmente nas pr\u00f3ximas semanas.<\/p>\n<h2><strong>Promotor do DF na Anatel<\/strong><\/h2>\n<p>O promotor Paulo Roberto Binicheski, do Minist\u00e9rio P\u00fablico do Distrito Federal e Territ\u00f3rios (MPDFT), foi escolhido pela Ag\u00eancia Nacional de Telecomunica\u00e7\u00f5es (Anatel) para compor o Comit\u00ea de Defesa dos Usu\u00e1rios de Servi\u00e7os de Telecomunica\u00e7\u00f5es (CDUST) da institui\u00e7\u00e3o. Ele \u00e9 titular da 1\u00aa Promotoria de Justi\u00e7a de Defesa do Consumidor (Prodecon) e vice-presidente da Associa\u00e7\u00e3o Nacional do Minist\u00e9rio P\u00fablico do Consumidor (MPCON).<\/p>\n<h2><strong>CPI do Feminic\u00eddio<\/strong><\/h2>\n<p>Depois da press\u00e3o de movimentos de mulheres no Plen\u00e1rio da C\u00e2mara Legislativa, foram escolhidos os nomes que compor\u00e3o a CPI do Feminic\u00eddio, criada para investigar as origens e poss\u00edveis solu\u00e7\u00f5es para o problema no DF. Participam do grupo Arlete Sampaio (PT) e F\u00e1bio Felix (PSol), que propuseram a comiss\u00e3o, Telma Rufino (Pros), Hermeto (MDB) e Cl\u00e1udio Abrantes (PDT).<\/p>\n<h2><strong>Novo tom\u00f3grafo<\/strong><\/h2>\n<p>Emenda impositiva do deputado federal Julio Cesar (Republicanos-DF) garantir\u00e1 um novo tom\u00f3grafo para Hospital de Base. O parlamentar destinou R$ 2,6 milh\u00f5es para a compra do aparelho, que ser\u00e1 utilizado no setor de radioterapia da unidade de sa\u00fade. Atualmente, o Base \u00e9 gerenciado pelo Instituto de Gest\u00e3o Estrat\u00e9gica de Sa\u00fade do Distrito Federal.<\/p>\n<h2><strong>\u201cQuem mandou matar Marielle?\u201d<\/strong><\/h2>\n<p>Manifestantes se re\u00fanem na Rodovi\u00e1ria do Plano Piloto hoje, \u00e0s 16h58, para cobrar respostas nas investiga\u00e7\u00f5es do assassinato da ativista e vereadora do Rio de Janeiro Marielle Franco, morta em mar\u00e7o de 2018. O protesto ocorre em meio \u00e0 pol\u00eamica que envolve o presidente Jair Bolsonaro (PSL). O porteiro de um condom\u00ednio em que Bolsonaro tem casa no Rio de Janeiro afirmou que o presidente teria autorizado a entrada no local de um dos envolvidos no crime no dia do assassinato. Registros da C\u00e2mara dos Deputados, no entanto, mostram que Bolsonaro estava, \u00e0 \u00e9poca, em Bras\u00edlia. Al\u00e9m disso, \u00e1udios comprovam que o funcion\u00e1rio n\u00e3o ligou para a casa de Bolsonaro no dia do crime. O hor\u00e1rio do ato \u2014 16h58 \u2014 faz refer\u00eancia ao n\u00famero da resid\u00eancia de Bolsonaro no condom\u00ednio, 58.<\/p>\n<h2><strong>Mamografia para todas<\/strong><\/h2>\n<p>A senadora Leila Barros (PSB-DF) atuou na articula\u00e7\u00e3o para aprovar, no Senado, um projeto de decreto legislativo que garante a realiza\u00e7\u00e3o de mamografias para mulheres com mais de 40 anos no Sistema \u00danico de Sa\u00fade (SUS). Leila foi relatora do texto na Comiss\u00e3o de Assunto Econ\u00f4micos (CAE). A proposta susta uma portaria do Minist\u00e9rio da Sa\u00fade que determina que o foco desse tipo de procedimento sejam pacientes entre 50 e 69 anos. A mat\u00e9ria segue agora para avalia\u00e7\u00e3o da C\u00e2mara dos Deputados.<\/p>\n<h2><strong>S\u00f3 papos<\/strong><\/h2>\n<blockquote><p>\u201cO desabafo de um Presidente. Inacredit\u00e1vel o cerco a Jair Bolsonaro\u201d<\/p><\/blockquote>\n<p style=\"text-align: right\"><strong>Bia Kicis (PSL-DF), deputada federal, em refer\u00eancia ao v\u00eddeo em que o presidente contesta o envolvimento com suspeitos do assassinato de Marielle Franco<\/strong><\/p>\n<blockquote><p>\u201c\u00c9 assustador o v\u00eddeo gravado por Jair Bolsonaro para responder \u00e0s den\u00fancias. Um show de vitimismo, viol\u00eancia e amea\u00e7as. \u00c9 horroroso ver nosso pa\u00eds governado por esse po\u00e7o de desqualifica\u00e7\u00e3o\u201d<\/p><\/blockquote>\n<p style=\"text-align: right\"><strong>F\u00e1bio F\u00e9lix (PSol-DF), deputado distrital<\/strong><\/p>\n","protected":false},"excerpt":{"rendered":"<p>Coluna Eixo Capital\/Por Alexandre de Paula O GDF gastou, at\u00e9 agora, R$ 300 milh\u00f5es, em valores liquidados, com a concess\u00e3o de passe livre no sistema de transportes da capital. Os n\u00fameros, dispon\u00edveis no Portal da Transpar\u00eancia, j\u00e1 levam em conta parte dos gastos contabilizados em outubro de 2019. O alto custo de manuten\u00e7\u00e3o do benef\u00edcio [&hellip;]<\/p>\n","protected":false},"author":75,"featured_media":3121,"comment_status":"open","ping_status":"closed","sticky":false,"template":"","format":"standard","meta":{"wpb_read_more":[],"footnotes":""},"categories":[234],"tags":[],"class_list":["post-16773","post","type-post","status-publish","format-standard","has-post-thumbnail","hentry","category-cb-poder"],"_links":{"self":[{"href":"https:\/\/blogs2.correiobraziliense.com.br\/cbpoder\/wp-json\/wp\/v2\/posts\/16773","targetHints":{"allow":["GET"]}}],"collection":[{"href":"https:\/\/blogs2.correiobraziliense.com.br\/cbpoder\/wp-json\/wp\/v2\/posts"}],"about":[{"href":"https:\/\/blogs2.correiobraziliense.com.br\/cbpoder\/wp-json\/wp\/v2\/types\/post"}],"author":[{"embeddable":true,"href":"https:\/\/blogs2.correiobraziliense.com.br\/cbpoder\/wp-json\/wp\/v2\/users\/75"}],"replies":[{"embeddable":true,"href":"https:\/\/blogs2.correiobraziliense.com.br\/cbpoder\/wp-json\/wp\/v2\/comments?post=16773"}],"version-history":[{"count":1,"href":"https:\/\/blogs2.correiobraziliense.com.br\/cbpoder\/wp-json\/wp\/v2\/posts\/16773\/revisions"}],"predecessor-version":[{"id":16776,"href":"https:\/\/blogs2.correiobraziliense.com.br\/cbpoder\/wp-json\/wp\/v2\/posts\/16773\/revisions\/16776"}],"wp:featuredmedia":[{"embeddable":true,"href":"https:\/\/blogs2.correiobraziliense.com.br\/cbpoder\/wp-json\/wp\/v2\/media\/3121"}],"wp:attachment":[{"href":"https:\/\/blogs2.correiobraziliense.com.br\/cbpoder\/wp-json\/wp\/v2\/media?parent=16773"}],"wp:term":[{"taxonomy":"category","embeddable":true,"href":"https:\/\/blogs2.correiobraziliense.com.br\/cbpoder\/wp-json\/wp\/v2\/categories?post=16773"},{"taxonomy":"post_tag","embeddable":true,"href":"https:\/\/blogs2.correiobraziliense.com.br\/cbpoder\/wp-json\/wp\/v2\/tags?post=16773"}],"curies":[{"name":"wp","href":"https:\/\/api.w.org\/{rel}","templated":true}]}}