{"id":16795,"date":"2019-11-04T08:14:23","date_gmt":"2019-11-04T11:14:23","guid":{"rendered":"https:\/\/blogs2.correiobraziliense.com.br\/cbpoder\/?p=16795"},"modified":"2019-11-04T08:14:23","modified_gmt":"2019-11-04T11:14:23","slug":"delmasso-defende-reforma-tributaria-no-df-pode-atrair-150-mil-empregos","status":"publish","type":"post","link":"https:\/\/blogs2.correiobraziliense.com.br\/cbpoder\/delmasso-defende-reforma-tributaria-no-df-pode-atrair-150-mil-empregos\/","title":{"rendered":"Delmasso defende reforma tribut\u00e1ria no DF: &#8220;Pode atrair 150 mil empregos&#8221;"},"content":{"rendered":"<h6><strong>\u00c0 QUEIMA-ROUPA<\/strong><\/h6>\n<p><strong>Rodrigo Delmasso, vice-presidente da C\u00e2mara Legislativa<\/strong><\/p>\n<p><strong>O senhor tem defendido muito a necessidade de uma reforma tribut\u00e1ria distrital. Quais s\u00e3o os principais pontos que precisam ser mudados e por qu\u00ea?<\/strong><br \/>\nEstamos trabalhando com a reforma com base em tr\u00eas pilares. O primeiro \u00e9 a desburocratiza\u00e7\u00e3o do sistema tribut\u00e1rio. N\u00f3s queremos torn\u00e1-lo mais \u00e1gil para que o empres\u00e1rio possa resolver os problemas de forma mais r\u00e1pida. O segundo \u00e9 a seguran\u00e7a jur\u00eddica. Do ponto de vista tribut\u00e1rio, queremos tornar o DF um ambiente seguro para atrair novos investimentos, porque hoje o empres\u00e1rio precisa entregar um papel aqui, ali e tem de cumprir v\u00e1rias obriga\u00e7\u00f5es acess\u00f3rias que a gente quer unificar para tornar o ambiente mais seguro juridicamente. O terceiro \u00e9 a redu\u00e7\u00e3o e equipara\u00e7\u00e3o das al\u00edquotas com vizinhos, como Goi\u00e1s, Mato Grosso e Mato Grosso do Sul, para que o DF se torne competitivo e atraia mais empresas com o \u00fanico objetivo de combater o desemprego. S\u00f3 se combate o desemprego valorizando empresas que est\u00e3o aqui e tornando o mercado mais competitivo. N\u00e3o admito que a capital da Rep\u00fablica tenha mais de 300 mil pessoas desempregadas. Se o governo aceitar a proposta que vamos encaminhar, j\u00e1 pode atrair 150 mil empregos no primeiro ano.<\/p>\n<p><strong>A C\u00e2mara abandonou, desde sexta-feira, o uso de papel para tramita\u00e7\u00e3o de documentos e processos. Qual o impacto econ\u00f4mico e de produtividade da medida?<\/strong><br \/>\nIsso acelera todos os processos internos, administrativos e d\u00e1 mais seguran\u00e7a \u00e0 comunica\u00e7\u00e3o. Vai trazer mais economia, porque vamos come\u00e7ar a abandonar as impressoras. A ideia \u00e9 que, a partir do ano que vem, possamos nos comunicar com todos os \u00f3rg\u00e3os do GDF digitalmente. A previs\u00e3o \u00e9 de R$ 200 mil a 300 mil por ano.<\/p>\n<p><strong>O contrato para instala\u00e7\u00e3o do painel para vota\u00e7\u00f5es e controle de presen\u00e7a foi assinado. O que falta para ele come\u00e7ar a ser instalado? Qual a import\u00e2ncia da implementa\u00e7\u00e3o dessa tecnologia?<\/strong><br \/>\nJ\u00e1 foi montada a comiss\u00e3o executora. A empresa esteve aqui na quinta-feira para conhecer o Plen\u00e1rio e deve come\u00e7ar a fazer a infraestrutura ainda na primeira quinzena de novembro. Mas a mesa diretora decidiu que as instala\u00e7\u00f5es f\u00edsicas sejam durante o recesso parlamentar para n\u00e3o atrapalhar as vota\u00e7\u00f5es que precisam ocorrer.<\/p>\n<p>O primeiro ponto da import\u00e2ncia do painel \u00e9 a transpar\u00eancia. A imprensa e a sociedade v\u00e3o saber o que est\u00e1 sendo votado naquele momento, por exemplo. Ele vai evitar fraudes no registro de presen\u00e7as e agilizar o processo de vota\u00e7\u00e3o.<\/p>\n<p><strong>Pode ajudar a resolver o problema frequente de falta de qu\u00f3rum para delibera\u00e7\u00e3o?<\/strong><br \/>\nEu acho que sim. Como o painel vai ficar aberto mostrando quem est\u00e1 presente e quem est\u00e1 ausente, a cobran\u00e7a vai ser maior.<\/p>\n<p><strong>Recentemente, o senhor viajou \u00e0 China para, entre outros pontos, apresentar um projeto de monotrilhos que ligariam o Plano \u00e0s RAs e buscar investimentos. Houve avan\u00e7o nesse sentido?<\/strong><br \/>\nHouve. Eu apresentei uma emenda para incluir o projeto no plano plurianual, como a\u00e7\u00f5es n\u00e3o or\u00e7ament\u00e1rias, porque nossa ideia \u00e9 fazer por meio de PPP. Na China, assinamos um protocolo de inten\u00e7\u00f5es com a C\u00e2mara de Desenvolvimento e Neg\u00f3cios Brasil-China. A nossa ideia \u00e9 rever a legisla\u00e7\u00e3o distrital para facilitar o investimento de recursos e empresas chinesas no DF.<\/p>\n<p><strong>O senhor foi um dos poucos deputados reeleitos na C\u00e2mara. Hoje h\u00e1 um quadro muito diverso no Plen\u00e1rio com distritais de v\u00e1rias vertentes. H\u00e1 conservadores, como o senhor, mas tamb\u00e9m h\u00e1 quem tenha minorias e direitos humanos como bandeira, como \u00e9 o caso de F\u00e1bio F\u00e9lix (PSol). Como est\u00e1 a rela\u00e7\u00e3o na Casa?<\/strong><br \/>\n\u00c9 uma rela\u00e7\u00e3o de respeito. Cada um defende a sua bandeira. Na hora do voto, a gente se expressa com base naquilo que nos trouxe at\u00e9 a Casa. Essas diferen\u00e7as s\u00e3o boas, porque fortalecem a democracia e o debate. Tenho uma diverg\u00eancia ideol\u00f3gica com o F\u00e1bio F\u00e9lix, por exemplo, mas n\u00e3o tenho direito de desrespeit\u00e1-lo como deputado, como representante da popula\u00e7\u00e3o. Acredito que a Casa hoje esteja mais madura e mais representativa do conjunto social do que \u00e9 o DF. A popula\u00e7\u00e3o elegeu a C\u00e2mara com a cara da cidade. Temos conservadores, empres\u00e1rio, representante dos trabalhadores, das minorias. Os segmentos est\u00e3o bem representados.<\/p>\n","protected":false},"excerpt":{"rendered":"<p>\u00c0 QUEIMA-ROUPA Rodrigo Delmasso, vice-presidente da C\u00e2mara Legislativa O senhor tem defendido muito a necessidade de uma reforma tribut\u00e1ria distrital. Quais s\u00e3o os principais pontos que precisam ser mudados e por qu\u00ea? Estamos trabalhando com a reforma com base em tr\u00eas pilares. O primeiro \u00e9 a desburocratiza\u00e7\u00e3o do sistema tribut\u00e1rio. N\u00f3s queremos torn\u00e1-lo mais \u00e1gil [&hellip;]<\/p>\n","protected":false},"author":75,"featured_media":14753,"comment_status":"open","ping_status":"closed","sticky":false,"template":"","format":"standard","meta":{"wpb_read_more":[],"footnotes":""},"categories":[234],"tags":[],"class_list":["post-16795","post","type-post","status-publish","format-standard","has-post-thumbnail","hentry","category-cb-poder"],"_links":{"self":[{"href":"https:\/\/blogs2.correiobraziliense.com.br\/cbpoder\/wp-json\/wp\/v2\/posts\/16795","targetHints":{"allow":["GET"]}}],"collection":[{"href":"https:\/\/blogs2.correiobraziliense.com.br\/cbpoder\/wp-json\/wp\/v2\/posts"}],"about":[{"href":"https:\/\/blogs2.correiobraziliense.com.br\/cbpoder\/wp-json\/wp\/v2\/types\/post"}],"author":[{"embeddable":true,"href":"https:\/\/blogs2.correiobraziliense.com.br\/cbpoder\/wp-json\/wp\/v2\/users\/75"}],"replies":[{"embeddable":true,"href":"https:\/\/blogs2.correiobraziliense.com.br\/cbpoder\/wp-json\/wp\/v2\/comments?post=16795"}],"version-history":[{"count":1,"href":"https:\/\/blogs2.correiobraziliense.com.br\/cbpoder\/wp-json\/wp\/v2\/posts\/16795\/revisions"}],"predecessor-version":[{"id":16796,"href":"https:\/\/blogs2.correiobraziliense.com.br\/cbpoder\/wp-json\/wp\/v2\/posts\/16795\/revisions\/16796"}],"wp:featuredmedia":[{"embeddable":true,"href":"https:\/\/blogs2.correiobraziliense.com.br\/cbpoder\/wp-json\/wp\/v2\/media\/14753"}],"wp:attachment":[{"href":"https:\/\/blogs2.correiobraziliense.com.br\/cbpoder\/wp-json\/wp\/v2\/media?parent=16795"}],"wp:term":[{"taxonomy":"category","embeddable":true,"href":"https:\/\/blogs2.correiobraziliense.com.br\/cbpoder\/wp-json\/wp\/v2\/categories?post=16795"},{"taxonomy":"post_tag","embeddable":true,"href":"https:\/\/blogs2.correiobraziliense.com.br\/cbpoder\/wp-json\/wp\/v2\/tags?post=16795"}],"curies":[{"name":"wp","href":"https:\/\/api.w.org\/{rel}","templated":true}]}}