{"id":16836,"date":"2019-11-06T08:19:22","date_gmt":"2019-11-06T11:19:22","guid":{"rendered":"https:\/\/blogs2.correiobraziliense.com.br\/cbpoder\/?p=16836"},"modified":"2019-11-06T08:19:22","modified_gmt":"2019-11-06T11:19:22","slug":"luiz-estevao-obras-de-arte-reforcam-patrimonio-que-pode-quitar-pena","status":"publish","type":"post","link":"https:\/\/blogs2.correiobraziliense.com.br\/cbpoder\/luiz-estevao-obras-de-arte-reforcam-patrimonio-que-pode-quitar-pena\/","title":{"rendered":"Luiz Estev\u00e3o: Obras de arte refor\u00e7am patrim\u00f4nio que pode quitar pena"},"content":{"rendered":"<h6>Coluna Eixo Capital\/Por Ana Maria Campos<\/h6>\n<p>A Procuradoria Regional da Rep\u00fablica da 3\u00aa Regi\u00e3o divulgou nota ontem para contestar vers\u00e3o do ex-senador Luiz Estev\u00e3o de que n\u00e3o teria condi\u00e7\u00f5es de pagar o valor correspondente \u00e0 pena de multa, de R$ 8.215.626,70, como parte de sua condena\u00e7\u00e3o pelos crimes cometidos durante a constru\u00e7\u00e3o do F\u00f3rum Trabalhista de S\u00e3o Paulo.<\/p>\n<p>Segundo o Minist\u00e9rio P\u00fablico Federal, o Minist\u00e9rio P\u00fablico do DF vem tentando cobrar esse montante, mas o empres\u00e1rio pediu em ju\u00edzo que o pagamento ocorra em 120 parcelas, uma vez que ele n\u00e3o poderia arcar com a pena de uma s\u00f3 vez. Na nota, o MP ressalta que recentes investiga\u00e7\u00f5es da Opera\u00e7\u00e3o Lava-Jato em Curitiba desvenderam o envolvimento de Luiz Estev\u00e3o em transa\u00e7\u00f5es com obras de arte no valor de R$ 65 milh\u00f5es, sem emiss\u00e3o de nota fiscal. Pelo menos parte do acervo estaria na casa do empres\u00e1rio no Lago Sul.<\/p>\n<h2>\n<strong>Corrup\u00e7\u00e3o e lavagem<\/strong><\/h2>\n<p>A descoberta das obras de arte ocorreu durante a Opera\u00e7\u00e3o Galeria, 65\u00aa fase da Opera\u00e7\u00e3o Lava-Jato, que resultou em den\u00fancia oferecida pela for\u00e7a-tarefa em Curitiba, contra o ex-senador e ex-ministro das Minas e Energia Edison Lob\u00e3o (MDB-RN) e o filho dele, M\u00e1rcio Lob\u00e3o, pela pr\u00e1tica de crimes de corrup\u00e7\u00e3o passiva e lavagem de dinheiro para encobrir recebimento de propina em contratos com a Transpetro, empresa subsidi\u00e1ria da Petrobras.<\/p>\n<h2>\n<strong>Di Calvanti, Volpi, Tarsila&#8230;<\/strong><\/h2>\n<p>Na cole\u00e7\u00e3o de Luiz Estev\u00e3o, h\u00e1 sete obras de Ant\u00f4nio Bandeira, sete de Alfredo Volpi, uma de Di Cavalcanti, duas de Alberto da Veiga Guignard, uma de Jos\u00e9 Pancetti, uma de Ismael Nery e uma de Tarsila do Amaral. O quadro mais valioso listado na den\u00fancia \u00e9 um Bandeira avaliado em R$ 11 milh\u00f5es.<\/p>\n","protected":false},"excerpt":{"rendered":"<p>Coluna Eixo Capital\/Por Ana Maria Campos A Procuradoria Regional da Rep\u00fablica da 3\u00aa Regi\u00e3o divulgou nota ontem para contestar vers\u00e3o do ex-senador Luiz Estev\u00e3o de que n\u00e3o teria condi\u00e7\u00f5es de pagar o valor correspondente \u00e0 pena de multa, de R$ 8.215.626,70, como parte de sua condena\u00e7\u00e3o pelos crimes cometidos durante a constru\u00e7\u00e3o do F\u00f3rum Trabalhista [&hellip;]<\/p>\n","protected":false},"author":9,"featured_media":13281,"comment_status":"open","ping_status":"closed","sticky":false,"template":"","format":"standard","meta":{"wpb_read_more":[],"footnotes":""},"categories":[234],"tags":[],"class_list":["post-16836","post","type-post","status-publish","format-standard","has-post-thumbnail","hentry","category-cb-poder"],"_links":{"self":[{"href":"https:\/\/blogs2.correiobraziliense.com.br\/cbpoder\/wp-json\/wp\/v2\/posts\/16836","targetHints":{"allow":["GET"]}}],"collection":[{"href":"https:\/\/blogs2.correiobraziliense.com.br\/cbpoder\/wp-json\/wp\/v2\/posts"}],"about":[{"href":"https:\/\/blogs2.correiobraziliense.com.br\/cbpoder\/wp-json\/wp\/v2\/types\/post"}],"author":[{"embeddable":true,"href":"https:\/\/blogs2.correiobraziliense.com.br\/cbpoder\/wp-json\/wp\/v2\/users\/9"}],"replies":[{"embeddable":true,"href":"https:\/\/blogs2.correiobraziliense.com.br\/cbpoder\/wp-json\/wp\/v2\/comments?post=16836"}],"version-history":[{"count":1,"href":"https:\/\/blogs2.correiobraziliense.com.br\/cbpoder\/wp-json\/wp\/v2\/posts\/16836\/revisions"}],"predecessor-version":[{"id":16838,"href":"https:\/\/blogs2.correiobraziliense.com.br\/cbpoder\/wp-json\/wp\/v2\/posts\/16836\/revisions\/16838"}],"wp:featuredmedia":[{"embeddable":true,"href":"https:\/\/blogs2.correiobraziliense.com.br\/cbpoder\/wp-json\/wp\/v2\/media\/13281"}],"wp:attachment":[{"href":"https:\/\/blogs2.correiobraziliense.com.br\/cbpoder\/wp-json\/wp\/v2\/media?parent=16836"}],"wp:term":[{"taxonomy":"category","embeddable":true,"href":"https:\/\/blogs2.correiobraziliense.com.br\/cbpoder\/wp-json\/wp\/v2\/categories?post=16836"},{"taxonomy":"post_tag","embeddable":true,"href":"https:\/\/blogs2.correiobraziliense.com.br\/cbpoder\/wp-json\/wp\/v2\/tags?post=16836"}],"curies":[{"name":"wp","href":"https:\/\/api.w.org\/{rel}","templated":true}]}}