{"id":16884,"date":"2019-11-13T07:39:43","date_gmt":"2019-11-13T10:39:43","guid":{"rendered":"https:\/\/blogs2.correiobraziliense.com.br\/cbpoder\/?p=16884"},"modified":"2019-11-13T07:39:43","modified_gmt":"2019-11-13T10:39:43","slug":"ibaneis-confirma-presenca-em-evento-de-prefeito-do-mdb-em-cuiaba","status":"publish","type":"post","link":"https:\/\/blogs2.correiobraziliense.com.br\/cbpoder\/ibaneis-confirma-presenca-em-evento-de-prefeito-do-mdb-em-cuiaba\/","title":{"rendered":"Ibaneis confirma presen\u00e7a em evento de prefeito do MDB em Cuiab\u00e1"},"content":{"rendered":"<h6><strong>Coluna Eixo Capital\/Por Ana Maria Campos<\/strong><\/h6>\n<p>Na onda de rodar o pa\u00eds \u00e0s v\u00e9speras das elei\u00e7\u00f5es municipais, o governador Ibaneis Rocha (MDB) confirmou presen\u00e7a em Cuiab\u00e1, na pr\u00f3xima semana, onde o prefeito, Emanuel Pinheiro (MDB), vai inaugurar a \u00faltima etapa do Hospital Municipal. O dinheiro para obra foi liberado quando o atual presidente da Terracap, Gilberto Occhi, era ministro da Sa\u00fade. V\u00e1rios integrantes da c\u00fapula do MDB devem desembarcar em Cuiab\u00e1 para o evento, entre os quais o presidente nacional, deputado federal Baleia Rossi (SP). <a href=\"https:\/\/blogs2.correiobraziliense.com.br\/cbpoder\/ibaneis-entra-na-campanha-municipal-com-discurso-de-centro\/\">Ibaneis trabalha para fortalecer o partido no pr\u00f3ximo ano de olho em 2022<\/a>.<\/p>\n<h2>\n<strong>Na torcida<\/strong><\/h2>\n<p>Desse compromisso Ibaneis n\u00e3o abre m\u00e3o: em 23 de novembro, estar\u00e1 em Lima, na final da Libertadores, para assistir \u00e0 partida entre Flamengo e River Plate. \u00c9 uma promessa ao filho Jo\u00e3o Pedro.<\/p>\n<h2>\n<strong>Bancada contra a militariza\u00e7\u00e3o nas escolas<\/strong><\/h2>\n<p>O deputado Reginaldo Veras (PDT) exibiu ontem no plen\u00e1rio da C\u00e2mara Legislativa <a href=\"https:\/\/www.correiobraziliense.com.br\/app\/noticia\/cidades\/2019\/11\/13\/interna_cidadesdf,805962\/audio-professora-e-pm-discutem-dentro-de-sala-de-aula-em-escola.shtml\">uma grava\u00e7\u00e3o em que uma professora reclama da interfer\u00eancia de um policial militar na disciplina da sala de aula no CED 07, em Ceil\u00e2ndia<\/a>.<\/p>\n<p>\u201cAcabou de me desautorizar perante a minha turma. Eu falei para ele que a turma \u00e9 minha. A sala \u00e9 minha enquanto eu estiver aqui dentro e ele est\u00e1 sorrindo, fazendo chacotas, sendo ir\u00f4nico\u201d, afirmou a professora a respeito de um sargento da PM.<\/p>\n<p>Veras repudiou a atitude do policial, criticou a militariza\u00e7\u00e3o das escolas e teve o apoio dos deputados Arlete Sampaio (PT) e Leandro Grass (Rede). Integrantes do Sindicato dos Professores (Sinpro) foram \u00e0 escola acompanhados de um advogado.<\/p>\n<h2>\n<strong>Em guerra ao tabaco<\/strong><\/h2>\n<p>O Senado aprovou ontem relat\u00f3rio favor\u00e1vel da senadora Leila Barros (PSB-DF) ao projeto que pro\u00edbe a importa\u00e7\u00e3o e comercializa\u00e7\u00e3o de todo produto derivado do tabaco que contenha qualquer subst\u00e2ncia que possa modificar ou real\u00e7ar sabor e aroma do cigarro. O texto aprovado tamb\u00e9m veda a exposi\u00e7\u00e3o dos produtos derivados do tabaco nos pontos de venda.<\/p>\n<p>Estudo financiado pelo Instituto Nacional de C\u00e2ncer e pela Organiza\u00e7\u00e3o Panamericana de Sa\u00fade, divulgado em 2017, d\u00e1 conta de que 12,6% das mortes no Brasil s\u00e3o atribu\u00edveis ao tabagismo. Em seu relat\u00f3rio, a senadora lembra que, em n\u00fameros absolutos, s\u00e3o 156.216 \u00f3bitos por ano. Al\u00e9m disso, configura infra\u00e7\u00e3o de tr\u00e2nsito o ato de fumar em ve\u00edculos quando houver passageiros menores de 18 anos.<\/p>\n<h2>\n<strong>R\u00e9u por estelionato<\/strong><\/h2>\n<p><a href=\"https:\/\/blogs2.correiobraziliense.com.br\/cbpoder\/luis-miranda-justica-aceita-denuncia-e-deputado-vira-reu-por-estelionato\/\">O deputado Lu\u00eds Miranda (DEM-DF) virou r\u00e9u em den\u00fancia por estelionato<\/a>. A a\u00e7\u00e3o penal foi proposta em outubro pelo Minist\u00e9rio P\u00fablico do Distrito Federal e Territ\u00f3rios. A acusa\u00e7\u00e3o \u00e9 de que Miranda e as outras duas pessoas apresentaram um cheque falso para pagar d\u00e9bitos do aluguel de um im\u00f3vel. Miranda era fiador do contrato de loca\u00e7\u00e3o. Segundo o MP, o pagamento da d\u00edvida foi feito com dois cheques, um deles seria objeto de fraude e o segundo devolvido por falta de fundos.<\/p>\n<p>A defesa do parlamentar alegou que Miranda n\u00e3o teria rela\u00e7\u00e3o com o cheque fraudado. Os advogados do deputado tamb\u00e9m afirmaram que o pagamento foi quitado posteriormente. A den\u00fancia foi proposta na primeira inst\u00e2ncia devido \u00e0 jurisprud\u00eancia no STF segundo a qual parlamentares n\u00e3o t\u00eam mais foro especial em caso de crimes que tenham sido cometidos antes do exerc\u00edcio do mandato e que n\u00e3o tenham rela\u00e7\u00e3o com o cargo.<\/p>\n<h2>\n<strong>A pergunta que n\u00e3o quer calar<\/strong><\/h2>\n<p>Projeto de lei em tramita\u00e7\u00e3o na C\u00e2mara dos Deputados, com pedido de tramita\u00e7\u00e3o em regime de urg\u00eancia, amplia a quarentena eleitoral para quem deixou a magistratura e quer se candidatar a cargo p\u00fablico. Se o ministro S\u00e9rgio Moro n\u00e3o tivesse chance de vencer as elei\u00e7\u00f5es, a medida seria cogitada?<\/p>\n","protected":false},"excerpt":{"rendered":"<p>Coluna Eixo Capital\/Por Ana Maria Campos Na onda de rodar o pa\u00eds \u00e0s v\u00e9speras das elei\u00e7\u00f5es municipais, o governador Ibaneis Rocha (MDB) confirmou presen\u00e7a em Cuiab\u00e1, na pr\u00f3xima semana, onde o prefeito, Emanuel Pinheiro (MDB), vai inaugurar a \u00faltima etapa do Hospital Municipal. O dinheiro para obra foi liberado quando o atual presidente da Terracap, [&hellip;]<\/p>\n","protected":false},"author":9,"featured_media":15085,"comment_status":"open","ping_status":"closed","sticky":false,"template":"","format":"standard","meta":{"wpb_read_more":[],"footnotes":""},"categories":[234],"tags":[],"class_list":["post-16884","post","type-post","status-publish","format-standard","has-post-thumbnail","hentry","category-cb-poder"],"_links":{"self":[{"href":"https:\/\/blogs2.correiobraziliense.com.br\/cbpoder\/wp-json\/wp\/v2\/posts\/16884","targetHints":{"allow":["GET"]}}],"collection":[{"href":"https:\/\/blogs2.correiobraziliense.com.br\/cbpoder\/wp-json\/wp\/v2\/posts"}],"about":[{"href":"https:\/\/blogs2.correiobraziliense.com.br\/cbpoder\/wp-json\/wp\/v2\/types\/post"}],"author":[{"embeddable":true,"href":"https:\/\/blogs2.correiobraziliense.com.br\/cbpoder\/wp-json\/wp\/v2\/users\/9"}],"replies":[{"embeddable":true,"href":"https:\/\/blogs2.correiobraziliense.com.br\/cbpoder\/wp-json\/wp\/v2\/comments?post=16884"}],"version-history":[{"count":1,"href":"https:\/\/blogs2.correiobraziliense.com.br\/cbpoder\/wp-json\/wp\/v2\/posts\/16884\/revisions"}],"predecessor-version":[{"id":16885,"href":"https:\/\/blogs2.correiobraziliense.com.br\/cbpoder\/wp-json\/wp\/v2\/posts\/16884\/revisions\/16885"}],"wp:featuredmedia":[{"embeddable":true,"href":"https:\/\/blogs2.correiobraziliense.com.br\/cbpoder\/wp-json\/wp\/v2\/media\/15085"}],"wp:attachment":[{"href":"https:\/\/blogs2.correiobraziliense.com.br\/cbpoder\/wp-json\/wp\/v2\/media?parent=16884"}],"wp:term":[{"taxonomy":"category","embeddable":true,"href":"https:\/\/blogs2.correiobraziliense.com.br\/cbpoder\/wp-json\/wp\/v2\/categories?post=16884"},{"taxonomy":"post_tag","embeddable":true,"href":"https:\/\/blogs2.correiobraziliense.com.br\/cbpoder\/wp-json\/wp\/v2\/tags?post=16884"}],"curies":[{"name":"wp","href":"https:\/\/api.w.org\/{rel}","templated":true}]}}