{"id":16886,"date":"2019-11-13T07:44:54","date_gmt":"2019-11-13T10:44:54","guid":{"rendered":"https:\/\/blogs2.correiobraziliense.com.br\/cbpoder\/?p=16886"},"modified":"2019-11-13T07:44:54","modified_gmt":"2019-11-13T10:44:54","slug":"delegado-fernando-fernandes-deixa-administracao-de-ceilandia-e-volta-a-camara","status":"publish","type":"post","link":"https:\/\/blogs2.correiobraziliense.com.br\/cbpoder\/delegado-fernando-fernandes-deixa-administracao-de-ceilandia-e-volta-a-camara\/","title":{"rendered":"Delegado Fernando Fernandes deixa administra\u00e7\u00e3o de Ceil\u00e2ndia e volta \u00e0 C\u00e2mara"},"content":{"rendered":"<h6><strong>Coluna Eixo Capital\/Por Ana Maria Campos<\/strong><\/h6>\n<p>Licenciado do cargo de deputado distrital para comandar a administra\u00e7\u00e3o regional de Ceil\u00e2ndia, o delegado Fernando Fernandes (Pros) volta \u00e0 C\u00e2mara Legislativa hoje para reassumir o mandato e votar a Lei Or\u00e7ament\u00e1ria de 2020. O retorno mexe com a composi\u00e7\u00e3o da CPI do Feminic\u00eddio. Suplente do Pros, a presidente da comiss\u00e3o, Telma Rufino, ter\u00e1 de devolver a cadeira para Fernandes, que deve substitu\u00ed-la tamb\u00e9m \u00e0 frente da CPI.<\/p>\n<h2>\n<strong>Cota pessoal do governador em Ceil\u00e2ndia<\/strong><\/h2>\n<p>No lugar de Fernando Fernandes na administra\u00e7\u00e3o de Ceil\u00e2ndia, o governador Ibaneis Rocha (MDB) escolheu algu\u00e9m de sua confian\u00e7a: o advogado Marcelo Piau\u00ed. Fernandes queria indicar o sucessor, mas Ibaneis deixou claro que ele poderia permanecer o tempo que quisesse, mas n\u00e3o poderia ser o dono do peda\u00e7o. Piau\u00ed \u00e9 um dos amigos mais pr\u00f3ximos do governador.<\/p>\n","protected":false},"excerpt":{"rendered":"<p>Coluna Eixo Capital\/Por Ana Maria Campos Licenciado do cargo de deputado distrital para comandar a administra\u00e7\u00e3o regional de Ceil\u00e2ndia, o delegado Fernando Fernandes (Pros) volta \u00e0 C\u00e2mara Legislativa hoje para reassumir o mandato e votar a Lei Or\u00e7ament\u00e1ria de 2020. O retorno mexe com a composi\u00e7\u00e3o da CPI do Feminic\u00eddio. Suplente do Pros, a presidente [&hellip;]<\/p>\n","protected":false},"author":9,"featured_media":14571,"comment_status":"open","ping_status":"closed","sticky":false,"template":"","format":"standard","meta":{"wpb_read_more":[],"footnotes":""},"categories":[234],"tags":[],"class_list":["post-16886","post","type-post","status-publish","format-standard","has-post-thumbnail","hentry","category-cb-poder"],"_links":{"self":[{"href":"https:\/\/blogs2.correiobraziliense.com.br\/cbpoder\/wp-json\/wp\/v2\/posts\/16886","targetHints":{"allow":["GET"]}}],"collection":[{"href":"https:\/\/blogs2.correiobraziliense.com.br\/cbpoder\/wp-json\/wp\/v2\/posts"}],"about":[{"href":"https:\/\/blogs2.correiobraziliense.com.br\/cbpoder\/wp-json\/wp\/v2\/types\/post"}],"author":[{"embeddable":true,"href":"https:\/\/blogs2.correiobraziliense.com.br\/cbpoder\/wp-json\/wp\/v2\/users\/9"}],"replies":[{"embeddable":true,"href":"https:\/\/blogs2.correiobraziliense.com.br\/cbpoder\/wp-json\/wp\/v2\/comments?post=16886"}],"version-history":[{"count":1,"href":"https:\/\/blogs2.correiobraziliense.com.br\/cbpoder\/wp-json\/wp\/v2\/posts\/16886\/revisions"}],"predecessor-version":[{"id":16887,"href":"https:\/\/blogs2.correiobraziliense.com.br\/cbpoder\/wp-json\/wp\/v2\/posts\/16886\/revisions\/16887"}],"wp:featuredmedia":[{"embeddable":true,"href":"https:\/\/blogs2.correiobraziliense.com.br\/cbpoder\/wp-json\/wp\/v2\/media\/14571"}],"wp:attachment":[{"href":"https:\/\/blogs2.correiobraziliense.com.br\/cbpoder\/wp-json\/wp\/v2\/media?parent=16886"}],"wp:term":[{"taxonomy":"category","embeddable":true,"href":"https:\/\/blogs2.correiobraziliense.com.br\/cbpoder\/wp-json\/wp\/v2\/categories?post=16886"},{"taxonomy":"post_tag","embeddable":true,"href":"https:\/\/blogs2.correiobraziliense.com.br\/cbpoder\/wp-json\/wp\/v2\/tags?post=16886"}],"curies":[{"name":"wp","href":"https:\/\/api.w.org\/{rel}","templated":true}]}}