{"id":16888,"date":"2019-11-13T14:09:12","date_gmt":"2019-11-13T17:09:12","guid":{"rendered":"https:\/\/blogs2.correiobraziliense.com.br\/cbpoder\/?p=16888"},"modified":"2019-11-13T14:14:52","modified_gmt":"2019-11-13T17:14:52","slug":"laerte-bessa-agride-porteiro","status":"publish","type":"post","link":"https:\/\/blogs2.correiobraziliense.com.br\/cbpoder\/laerte-bessa-agride-porteiro\/","title":{"rendered":"V\u00eddeo: Ex-deputado federal Laerte Bessa agride porteiro em \u00c1guas Claras"},"content":{"rendered":"<p>Um v\u00eddeo gravado na noite da ter\u00e7a-feira (13\/11) mostra o ex-deputado federal <a href=\"https:\/\/blogs2.correiobraziliense.com.br\/cbpoder\/gdf-pede-punicao-disciplinar-contra-bessa-por-agressao-assessor-de-rollemberg\/\">Laerte Bessa<\/a> amea\u00e7ando e agredindo o porteiro do pr\u00e9dio em que mora em \u00c1guas Claras.<\/p>\n<p>A confus\u00e3o foi motivada pela entrega de um pedido feito por delivery pelo ex-deputado. O porteiro n\u00e3o permitiu que o motoboy subisse para deixar a comida com o pol\u00edtico.<\/p>\n<p>Durante a confus\u00e3o, o ex-parlamentar chegou a amea\u00e7ar o funcion\u00e1rio. \u201cVoc\u00ea quer morrer? Eu te mato aqui agora\u201d, disse Bessa depois de chut\u00e1-lo.<\/p>\n<p>https:\/\/www.youtube.com\/watch?v=4RmcSI72cGc&#038;feature=emb_title<\/p>\n<p>Bessa alega que n\u00e3o sabia de uma norma do pr\u00e9dio que pro\u00edbe entrega ap\u00f3s as 23h. \u201cFoi um momento de explos\u00e3o. Achei que era algo contra mim. Por que n\u00e3o receber a comida?\u201d, disse ao <strong>Correio<\/strong>.<\/p>\n<p>O ex-parlamentar, no entanto, diz que o incidente foi um momento de explos\u00e3o e afirma que pedir\u00e1 desculpas. \u201cEstou consciente de que me excedi e, na hora oportuna, vou pedir desculpas\u201d, afirmou.<\/p>\n<p>Policial civil aposentado, Bessa deixou a <a href=\"https:\/\/www.correiobraziliense.com.br\/app\/noticia\/cidades\/2018\/11\/12\/interna_cidadesdf,719143\/alberto-fraga-e-laerte-bessa-brigam-no-plenario-da-camara.shtml\">C\u00e2mara dos Deputados em 2018<\/a>. Nas \u00faltimas elei\u00e7\u00f5es, tentou se reeleger pelo PL, mas ficou de fora das vagas de deputado federal com 28,5 mil votos.<\/p>\n","protected":false},"excerpt":{"rendered":"<p>Um v\u00eddeo gravado na noite da ter\u00e7a-feira (13\/11) mostra o ex-deputado federal Laerte Bessa amea\u00e7ando e agredindo o porteiro do pr\u00e9dio em que mora em \u00c1guas Claras. A confus\u00e3o foi motivada pela entrega de um pedido feito por delivery pelo ex-deputado. O porteiro n\u00e3o permitiu que o motoboy subisse para deixar a comida com o [&hellip;]<\/p>\n","protected":false},"author":75,"featured_media":8790,"comment_status":"open","ping_status":"closed","sticky":false,"template":"","format":"standard","meta":{"wpb_read_more":[],"footnotes":""},"categories":[6],"tags":[1275,2003,3,23],"class_list":["post-16888","post","type-post","status-publish","format-standard","has-post-thumbnail","hentry","category-noticias","tag-agressao","tag-ameaca","tag-laerte-bessa","tag-politica"],"_links":{"self":[{"href":"https:\/\/blogs2.correiobraziliense.com.br\/cbpoder\/wp-json\/wp\/v2\/posts\/16888","targetHints":{"allow":["GET"]}}],"collection":[{"href":"https:\/\/blogs2.correiobraziliense.com.br\/cbpoder\/wp-json\/wp\/v2\/posts"}],"about":[{"href":"https:\/\/blogs2.correiobraziliense.com.br\/cbpoder\/wp-json\/wp\/v2\/types\/post"}],"author":[{"embeddable":true,"href":"https:\/\/blogs2.correiobraziliense.com.br\/cbpoder\/wp-json\/wp\/v2\/users\/75"}],"replies":[{"embeddable":true,"href":"https:\/\/blogs2.correiobraziliense.com.br\/cbpoder\/wp-json\/wp\/v2\/comments?post=16888"}],"version-history":[{"count":2,"href":"https:\/\/blogs2.correiobraziliense.com.br\/cbpoder\/wp-json\/wp\/v2\/posts\/16888\/revisions"}],"predecessor-version":[{"id":16890,"href":"https:\/\/blogs2.correiobraziliense.com.br\/cbpoder\/wp-json\/wp\/v2\/posts\/16888\/revisions\/16890"}],"wp:featuredmedia":[{"embeddable":true,"href":"https:\/\/blogs2.correiobraziliense.com.br\/cbpoder\/wp-json\/wp\/v2\/media\/8790"}],"wp:attachment":[{"href":"https:\/\/blogs2.correiobraziliense.com.br\/cbpoder\/wp-json\/wp\/v2\/media?parent=16888"}],"wp:term":[{"taxonomy":"category","embeddable":true,"href":"https:\/\/blogs2.correiobraziliense.com.br\/cbpoder\/wp-json\/wp\/v2\/categories?post=16888"},{"taxonomy":"post_tag","embeddable":true,"href":"https:\/\/blogs2.correiobraziliense.com.br\/cbpoder\/wp-json\/wp\/v2\/tags?post=16888"}],"curies":[{"name":"wp","href":"https:\/\/api.w.org\/{rel}","templated":true}]}}