{"id":16902,"date":"2019-11-15T09:02:33","date_gmt":"2019-11-15T12:02:33","guid":{"rendered":"https:\/\/blogs2.correiobraziliense.com.br\/cbpoder\/?p=16902"},"modified":"2019-11-15T09:02:33","modified_gmt":"2019-11-15T12:02:33","slug":"com-discurso-moderado-presidente-do-sindicato-dos-delegados-e-reeleito","status":"publish","type":"post","link":"https:\/\/blogs2.correiobraziliense.com.br\/cbpoder\/com-discurso-moderado-presidente-do-sindicato-dos-delegados-e-reeleito\/","title":{"rendered":"Com discurso moderado, presidente do Sindicato dos Delegados \u00e9 reeleito"},"content":{"rendered":"<h6><strong>Coluna Eixo Capital\/Por Ana Maria Campos<\/strong><\/h6>\n<p>O delegado Rafael Sampaio foi reeleito para a presid\u00eancia do Sindicato dos Delegados da Pol\u00edcia Civil do DF (Sindepo-DF), na noite desta quarta-feira, e permanecer\u00e1 \u00e0 frente da institui\u00e7\u00e3o pelos pr\u00f3ximos tr\u00eas anos. Ele recebeu 309 votos v\u00e1lidos, contra 215 de seu advers\u00e1rio, Waldek Fachinelli Cavalcante (chapa 1). O vice-presidente da entidade ser\u00e1 o delegado Marcelo Portela.<\/p>\n<p>Rafael defende um discurso mais moderado em rela\u00e7\u00e3o ao governo de Ibaneis Rocha, enquanto o delegado Waldek era favor\u00e1vel a engrossar o tom em rela\u00e7\u00e3o \u00e0 demora no pagamento da paridade de sal\u00e1rios da Pol\u00edcia Civil aos da Pol\u00edcia Federal. A disputa para a presid\u00eancia da Adepol terrminou com a elei\u00e7\u00e3o do delegado Amarildo Fernandes, da mesma chapa que Rafael Sampaio. Ele recebeu 269 votos, contra 265 obtidos pelo delegado Rodrigo Larizzatti. O delegado Gustavo Ara\u00fajo ser\u00e1 o vice-presidente.<\/p>\n<p><strong><em>\u00c0 QUEIMA-ROUPA<\/em><\/strong><\/p>\n<p>Delegado Rafael Sampaio<\/p>\n<p>Presidente do Sindepo-DF<\/p>\n<p><strong>Qual foi o discurso da campanha que convenceu a maioria dos delegados a apoiar a sua reelei\u00e7\u00e3o?<\/strong><br \/>\nN\u00f3s trouxemos a realidade do que vivemos hoje. Somos muito mais ouvidos pelo governo. \u00c9 um governo que respeita a Pol\u00edcia Civil. Temos tr\u00eas anos pela frente de boas perspectivas, com discurso moderado. N\u00e3o \u00e9 o momento de um discurso agressivo, como o outro candidato defendia.<\/p>\n<p><strong>Os delegados acreditam que a paridade vai sair?<\/strong><br \/>\nA maioria est\u00e1 confiante. No nosso ponto de vista, o governo est\u00e1 empenhado. Agora que ser\u00e1 enviado o reajuste dos militares e n\u00e3o haver\u00e1 mais nenhum \u00f3bice para que a Presid\u00eancia da Rep\u00fablica edite as medidas provis\u00f3rias com os aumentos.<\/p>\n<p><strong>Tem dinheiro no caixa do GDF para o reajuste de todas as for\u00e7as de seguran\u00e7a?<\/strong><br \/>\nAcredito que tem. O governo n\u00e3o seria irrespons\u00e1vel de fazer essas propostas sem uma perspectiva de incremento do Fundo Constitucional do DF. O impacto do nosso reajuste, ao final de toda a recomposi\u00e7\u00e3o, ser\u00e1 de R$ 600 milh\u00f5es ao ano. O valor \u00e9 menor do que o aumento do Fundo Constitucional. Chegou-se at\u00e9 a se cogitar um percentual maior de aumento. Mas precisamos conversar com o governo de novo.<\/p>\n<p><strong>A vida dos delegados melhorou no governo Ibaneis?<\/strong><br \/>\nSem d\u00favida. N\u00f3s nos sentimos valorizados. Foi encaminhado o reajuste, houve mais contrata\u00e7\u00f5es, aquisi\u00e7\u00e3o de viaturas. A institui\u00e7\u00e3o melhorou.<\/p>\n<p><strong>Qual \u00e9 a sua avalia\u00e7\u00e3o sobre o comando da PCDF at\u00e9 agora?<\/strong><br \/>\nTem sido feito um trabalho bom. O Robson (C\u00e2ndido) tem conseguido que passivos sejam quitados. A quest\u00e3o dos volunt\u00e1rios saiu do papel, t\u00ednhamos uma frota envelhecida, e praticamente se resolveu. A maior parte j\u00e1 foi substitu\u00edda. Licen\u00e7as em pec\u00fania foram pagas. Agora estamos ansiosos com rela\u00e7\u00e3o ao plano de sa\u00fade do DF. Esse \u00e9 um pleito muito esperado pelos policiais civis.<\/p>\n<p><strong>Olhando para tr\u00e1s, para o governo anterior, acha que houve falhas nas negocia\u00e7\u00f5es do sindicato com Rollemberg?<\/strong><br \/>\nFui voto vencido na assembleia sobre o reajuste proposto em ju\u00edzo. Hoje os colegas concordam que se equivocaram. Mas essas avalia\u00e7\u00f5es s\u00e3o dif\u00edceis de se fazer na hora. Em retrospectiva, \u00e9 mais f\u00e1cil avaliar o que ocorreu. Houve alguns equ\u00edvocos. N\u00e3o d\u00e1 para acertar sempre, mas as op\u00e7\u00f5es que foram feitas desde o ano passado levam a um resgaste da Pol\u00edcia Civil.<\/p>\n<p><strong>Qual \u00e9 o foco do Sindepo agora?<\/strong><br \/>\nImediatamente \u00e9 a recomposi\u00e7\u00e3o salarial. Entendo que \u00e9 fundamental. A quest\u00e3o da sa\u00fade do servidor tamb\u00e9m. Al\u00e9m disso, precisamos tratar de mudan\u00e7as administrativas internas, como crit\u00e9rios objetivos de lota\u00e7\u00e3o e de remo\u00e7\u00e3o.<\/p>\n","protected":false},"excerpt":{"rendered":"<p>Coluna Eixo Capital\/Por Ana Maria Campos O delegado Rafael Sampaio foi reeleito para a presid\u00eancia do Sindicato dos Delegados da Pol\u00edcia Civil do DF (Sindepo-DF), na noite desta quarta-feira, e permanecer\u00e1 \u00e0 frente da institui\u00e7\u00e3o pelos pr\u00f3ximos tr\u00eas anos. Ele recebeu 309 votos v\u00e1lidos, contra 215 de seu advers\u00e1rio, Waldek Fachinelli Cavalcante (chapa 1). O [&hellip;]<\/p>\n","protected":false},"author":9,"featured_media":16903,"comment_status":"open","ping_status":"closed","sticky":false,"template":"","format":"standard","meta":{"wpb_read_more":[],"footnotes":""},"categories":[234],"tags":[],"class_list":["post-16902","post","type-post","status-publish","format-standard","has-post-thumbnail","hentry","category-cb-poder"],"_links":{"self":[{"href":"https:\/\/blogs2.correiobraziliense.com.br\/cbpoder\/wp-json\/wp\/v2\/posts\/16902","targetHints":{"allow":["GET"]}}],"collection":[{"href":"https:\/\/blogs2.correiobraziliense.com.br\/cbpoder\/wp-json\/wp\/v2\/posts"}],"about":[{"href":"https:\/\/blogs2.correiobraziliense.com.br\/cbpoder\/wp-json\/wp\/v2\/types\/post"}],"author":[{"embeddable":true,"href":"https:\/\/blogs2.correiobraziliense.com.br\/cbpoder\/wp-json\/wp\/v2\/users\/9"}],"replies":[{"embeddable":true,"href":"https:\/\/blogs2.correiobraziliense.com.br\/cbpoder\/wp-json\/wp\/v2\/comments?post=16902"}],"version-history":[{"count":1,"href":"https:\/\/blogs2.correiobraziliense.com.br\/cbpoder\/wp-json\/wp\/v2\/posts\/16902\/revisions"}],"predecessor-version":[{"id":16904,"href":"https:\/\/blogs2.correiobraziliense.com.br\/cbpoder\/wp-json\/wp\/v2\/posts\/16902\/revisions\/16904"}],"wp:featuredmedia":[{"embeddable":true,"href":"https:\/\/blogs2.correiobraziliense.com.br\/cbpoder\/wp-json\/wp\/v2\/media\/16903"}],"wp:attachment":[{"href":"https:\/\/blogs2.correiobraziliense.com.br\/cbpoder\/wp-json\/wp\/v2\/media?parent=16902"}],"wp:term":[{"taxonomy":"category","embeddable":true,"href":"https:\/\/blogs2.correiobraziliense.com.br\/cbpoder\/wp-json\/wp\/v2\/categories?post=16902"},{"taxonomy":"post_tag","embeddable":true,"href":"https:\/\/blogs2.correiobraziliense.com.br\/cbpoder\/wp-json\/wp\/v2\/tags?post=16902"}],"curies":[{"name":"wp","href":"https:\/\/api.w.org\/{rel}","templated":true}]}}