{"id":16929,"date":"2019-11-21T08:14:48","date_gmt":"2019-11-21T11:14:48","guid":{"rendered":"https:\/\/blogs2.correiobraziliense.com.br\/cbpoder\/?p=16929"},"modified":"2019-11-21T08:14:48","modified_gmt":"2019-11-21T11:14:48","slug":"prejuizo-causado-ao-bndes-dos-governos-petistas-foi-muito-maior-do-que-eu-imaginava-diz-paula-belmonte","status":"publish","type":"post","link":"https:\/\/blogs2.correiobraziliense.com.br\/cbpoder\/prejuizo-causado-ao-bndes-dos-governos-petistas-foi-muito-maior-do-que-eu-imaginava-diz-paula-belmonte\/","title":{"rendered":"&#8220;Preju\u00edzo causado ao BNDES nos governos petistas foi muito maior do que eu imaginava&#8221;, diz Paula Belmonte"},"content":{"rendered":"<h6><strong>Coluna Eixo Capital\/Por Ana Maria Campos<\/strong><\/h6>\n<p><strong><em>\u00c0 QUEIMA-ROUPA<\/em><\/strong><\/p>\n<p>Deputada Paula Belmonte (Cidadania-DF)<\/p>\n<p><strong>Qual balan\u00e7o a senhora faz desse primeiro ano de mandato na sua estreia na pol\u00edtica?<\/strong><br \/>\nFa\u00e7o um balan\u00e7o bastante positivo. Apresentei 161 proposi\u00e7\u00f5es, fui vice-presidente da CPI do BNDES, titular de v\u00e1rias comiss\u00f5es e criei e coordeno a Comiss\u00e3o Externa de Pol\u00edticas para a Primeira Inf\u00e2ncia. Consegui ainda o apoio de 188 deputados e protocolei a Proposta de Emenda Constitucional (PEC) que acaba com as f\u00e9rias de 60 dias para qualquer servidor p\u00fablico, inclusive do Judici\u00e1rio. Temos que acabar com esse privil\u00e9gio inconceb\u00edvel nos dias atuais. Tamb\u00e9m protocolei a PEC que determina a cobran\u00e7a de IPTU de im\u00f3veis p\u00fablicos, que hoje s\u00e3o isentos.<\/p>\n<p><strong>Qual foi a sua principal atua\u00e7\u00e3o?<\/strong><br \/>\nMinha principal atua\u00e7\u00e3o foi na defesa das crian\u00e7as e jovens. Apresentei 31 proposi\u00e7\u00f5es legislativas voltadas para a primeira inf\u00e2ncia e obtive uma grande conquista, que foi aprovar o projeto de lei que prorroga o in\u00edcio da licen\u00e7a-maternidade quando ap\u00f3s o parto m\u00e3e ou filho permanecem internados.<\/p>\n<p><strong>A pol\u00edtica \u00e9 o que a senhora esperava?<\/strong><br \/>\nEu cheguei achando que estava tudo errado, mas confesso que tive grandes surpresas no Congresso. H\u00e1 uma parcela que s\u00f3 atua em favor dos pr\u00f3prios interesses, mas h\u00e1 muita gente de bem e que quer trabalhar honestamente pelo desenvolvimento do pa\u00eds.<\/p>\n<p><strong>Qual foi a maior surpresa na CPI do BNDES?<\/strong><br \/>\nO preju\u00edzo causado ao banco pela corrup\u00e7\u00e3o dos governos petistas foi muito maior do que eu imaginava. Investigamos apenas a ponta do iceberg. Os contratos investigados pela CPI equivalem a apenas 1,3% dos recursos investidos pelo banco. Tamb\u00e9m me surpreendeu a atitude da oposi\u00e7\u00e3o. Eu j\u00e1 sabia que eles fariam de tudo para prejudicar os trabalhos da CPI, mas chegar ao ponto de me atacar por defender a pauta da educa\u00e7\u00e3o foi algo que me surpreendeu negativamente.<\/p>\n<p><strong>Acredita que a bancada do DF ajudou a cidade neste primeiro ano?<\/strong><\/p>\n<p>Parcialmente. Acho que faltou mais uni\u00e3o e desprendimento.<\/p>\n<p><strong>Pretende concorrer a qual cargo?<\/strong><br \/>\nEstou focada em fazer um bom mandato e aprovar projetos em favor das crian\u00e7as e adolescentes. Por uma iniciativa minha, a C\u00e2mara instituiu o Bi\u00eanio da Primeira Inf\u00e2ncia e nos pr\u00f3ximos dois anos teremos como prioridade promover o desenvolvimento infantil nos primeiros anos de vida. Quero ainda promover o empreendedorismo, porque emprego significa dignidade.<\/p>\n<p><strong>Quem integra seu grupo pol\u00edtico?<\/strong><br \/>\nTem muito pol\u00edtico espalhando por a\u00ed que eu fa\u00e7o parte do seu grupo sem nunca ter me consultado. Tenho \u00f3tima rela\u00e7\u00e3o com v\u00e1rios parlamentares do DF, uma rela\u00e7\u00e3o respeitosa com a oposi\u00e7\u00e3o, mas n\u00e3o pauto minha atua\u00e7\u00e3o no Legislativo em decorr\u00eancia dos interesses de determinado grupo pol\u00edtico. Sou independente.<\/p>\n","protected":false},"excerpt":{"rendered":"<p>Coluna Eixo Capital\/Por Ana Maria Campos \u00c0 QUEIMA-ROUPA Deputada Paula Belmonte (Cidadania-DF) Qual balan\u00e7o a senhora faz desse primeiro ano de mandato na sua estreia na pol\u00edtica? Fa\u00e7o um balan\u00e7o bastante positivo. Apresentei 161 proposi\u00e7\u00f5es, fui vice-presidente da CPI do BNDES, titular de v\u00e1rias comiss\u00f5es e criei e coordeno a Comiss\u00e3o Externa de Pol\u00edticas para [&hellip;]<\/p>\n","protected":false},"author":9,"featured_media":15003,"comment_status":"open","ping_status":"closed","sticky":false,"template":"","format":"standard","meta":{"wpb_read_more":[],"footnotes":""},"categories":[234],"tags":[],"class_list":["post-16929","post","type-post","status-publish","format-standard","has-post-thumbnail","hentry","category-cb-poder"],"_links":{"self":[{"href":"https:\/\/blogs2.correiobraziliense.com.br\/cbpoder\/wp-json\/wp\/v2\/posts\/16929","targetHints":{"allow":["GET"]}}],"collection":[{"href":"https:\/\/blogs2.correiobraziliense.com.br\/cbpoder\/wp-json\/wp\/v2\/posts"}],"about":[{"href":"https:\/\/blogs2.correiobraziliense.com.br\/cbpoder\/wp-json\/wp\/v2\/types\/post"}],"author":[{"embeddable":true,"href":"https:\/\/blogs2.correiobraziliense.com.br\/cbpoder\/wp-json\/wp\/v2\/users\/9"}],"replies":[{"embeddable":true,"href":"https:\/\/blogs2.correiobraziliense.com.br\/cbpoder\/wp-json\/wp\/v2\/comments?post=16929"}],"version-history":[{"count":1,"href":"https:\/\/blogs2.correiobraziliense.com.br\/cbpoder\/wp-json\/wp\/v2\/posts\/16929\/revisions"}],"predecessor-version":[{"id":16932,"href":"https:\/\/blogs2.correiobraziliense.com.br\/cbpoder\/wp-json\/wp\/v2\/posts\/16929\/revisions\/16932"}],"wp:featuredmedia":[{"embeddable":true,"href":"https:\/\/blogs2.correiobraziliense.com.br\/cbpoder\/wp-json\/wp\/v2\/media\/15003"}],"wp:attachment":[{"href":"https:\/\/blogs2.correiobraziliense.com.br\/cbpoder\/wp-json\/wp\/v2\/media?parent=16929"}],"wp:term":[{"taxonomy":"category","embeddable":true,"href":"https:\/\/blogs2.correiobraziliense.com.br\/cbpoder\/wp-json\/wp\/v2\/categories?post=16929"},{"taxonomy":"post_tag","embeddable":true,"href":"https:\/\/blogs2.correiobraziliense.com.br\/cbpoder\/wp-json\/wp\/v2\/tags?post=16929"}],"curies":[{"name":"wp","href":"https:\/\/api.w.org\/{rel}","templated":true}]}}