{"id":16942,"date":"2019-11-25T09:25:52","date_gmt":"2019-11-25T12:25:52","guid":{"rendered":"https:\/\/blogs2.correiobraziliense.com.br\/cbpoder\/?p=16942"},"modified":"2019-11-25T10:10:11","modified_gmt":"2019-11-25T13:10:11","slug":"casal-belmonte-planeja-governar-o-df","status":"publish","type":"post","link":"https:\/\/blogs2.correiobraziliense.com.br\/cbpoder\/casal-belmonte-planeja-governar-o-df\/","title":{"rendered":"Casal Belmonte planeja governar o DF"},"content":{"rendered":"<h6><strong>Coluna Eixo Capital\/Por Ana Maria Campos<\/strong><\/h6>\n<p>Na pol\u00edtica do Distrito Federal, os dois principais aliados do presidente Jair Bolsonaro s\u00e3o a deputada <strong>Bia Kicis<\/strong> (PSL-DF) e o ex-deputado <strong>Alberto Fraga<\/strong> (DEM-DF). Mas o advogado <strong>Lu\u00eds Felipe Belmonte<\/strong>, primeiro suplente do senador <strong>Izalci Lucas<\/strong> (PSDB-DF), \u00e9 quem deve exercer o posto mais alto na hierarquia do partido a ser criado para receber Bolsonaro, o <strong>Alian\u00e7a pelo Brasil<\/strong>.<\/p>\n<p>Belmonte tem ajudado o presidente no projeto de implanta\u00e7\u00e3o de uma nova legenda que vai abrigar os verdadeiros disc\u00edpulos do presidente. E tamb\u00e9m \u00e9 um financiador. <a href=\"https:\/\/www.correiobraziliense.com.br\/app\/noticia\/politica\/2019\/11\/22\/interna_politica,808387\/marido-de-paula-belmonte-pagou-local-do-evento-de-partido-de-bolsonaro.shtml\">Foi ele que pagou parte da conta do evento, ocorrido na semana passada, no Golden Tulip, para lan\u00e7ar a nova sigla que deve usar o n\u00famero 38 nas urnas<\/a>.<\/p>\n<h3>Milion\u00e1rio na pol\u00edtica<\/h3>\n<p>Lu\u00eds Felipe Belmonte \u00e9 um milion\u00e1rio que vivia com a fam\u00edlia na Inglaterra nos \u00faltimos anos at\u00e9 retornar a Bras\u00edlia no primeiro semestre de 2018, com a disposi\u00e7\u00e3o de mergulhar na pol\u00edtica. Ele entrou na chapa de Izalci Lucas, como suplente, bancou v\u00e1rias candidaturas e conseguiu ajudar a eleger a mulher, Paula Belmonte, deputada federal pelo PPS, hoje Cidadania.<\/p>\n<h3>No Cidadania<\/h3>\n<p>Por enquanto, a deputada Paula Belmonte deve permanecer no Cidadania. Embora n\u00e3o seja uma entusiasta da alian\u00e7a de seu partido com o governo de Ibaneis Rocha (MDB), a parlamentar n\u00e3o tem projeto para migrar para outra legenda. Pelo menos a curto prazo.<\/p>\n<p><strong>Planos ambiciosos<\/strong><\/p>\n<p>Os planos do casal Belmonte n\u00e3o s\u00e3o restritos a voos baixos. Eles sonham com o Pal\u00e1cio do Buriti. Uma forma de Lu\u00eds Felipe Belmonte virar senador seria ajudar a eleger Izalci Lucas (PSDB-DF) governador em 2022, mas eles est\u00e3o mesmo \u00e9 de olho na cadeira de Ibaneis.<\/p>\n<h2>\n<strong>Muitos padrinhos e pouca solu\u00e7\u00e3o<\/strong><\/h2>\n<p>Em meio \u00e0 confus\u00e3o sobre os reajustes para as for\u00e7as de seguran\u00e7a, o senador Izalci Lucas (PSDB-DF) se apresentou como o suposto salvador da p\u00e1tria. Ele tem defendido a tabela apresentada pelas associa\u00e7\u00f5es de policiais e bombeiros militares e surfa no tema. Mas a palavra final cabe ao governador Ibaneis Rocha (MDB), que paga o aumento, e ao presidente Jair Bolsonaro, que manda o pedido de autoriza\u00e7\u00e3o ao Congresso.<\/p>\n<h2>\n<strong>Mandou bem<\/strong><\/h2>\n<p>A ju\u00edza Maria Ivatonia Barbosa dos Santos foi eleita <a href=\"https:\/\/blogs2.correiobraziliense.com.br\/cbpoder\/tribunal-de-justica-do-df-tem-primeira-desembargadora-negra\/\">a primeira desembargadora negra do Tribunal de Justi\u00e7a do Distrito Federal e Territ\u00f3rios (TJDFT)<\/a>. A posse foi marcada para 12 de dezembro.<\/p>\n<h2>\n<strong>Mandou mal<\/strong><\/h2>\n<p>63% das passageiras de \u00f4nibus consideram a seguran\u00e7a contra situa\u00e7\u00f5es de ass\u00e9dio sexual e moral ruim ou p\u00e9ssima no transporte p\u00fablico do DF, segundo indicou uma auditoria do Minist\u00e9rio P\u00fablico do DF.<\/p>\n<h2>\n<strong>Siga o dinheiro<\/strong><\/h2>\n<p>R$ 3.280.587,07<br \/>\nFoi o montante destinado pelo Detran-DF at\u00e9 o momento em 2019 para programas de educa\u00e7\u00e3o no tr\u00e2nsito. Representa 31% da dota\u00e7\u00e3o or\u00e7ament\u00e1ria autorizada para o ano inteiro, segundo levantamento do gabinete do deputado Chico Vigilante (PT).<\/p>\n<h2>\n<strong>Enquanto isso&#8230; Na sala de Justi\u00e7a<\/strong><\/h2>\n<p>Nesta semana, a Opera\u00e7\u00e3o Caixa de Pandora completa 10 anos. Foi um tsunami que passou em Bras\u00edlia e derrubou uma gera\u00e7\u00e3o de pol\u00edticos. A principal consequ\u00eancia at\u00e9 hoje \u00e9 a inelegibilidade do ex-governador Jos\u00e9 Roberto Arruda, fato que embaralhou o cen\u00e1rio pol\u00edtico do DF e abriu espa\u00e7o para o surgimento de novos nomes no cen\u00e1rio local.<\/p>\n<h2>\n<strong>Dobradinha<\/strong><\/h2>\n<p>O ex-deputado Rog\u00e9rio Rosso (PSD) deixou a pol\u00edtica e agora \u00e9 diretor internacional da Uni\u00e3o Qu\u00edmica, ind\u00fastria farmac\u00eautica do empres\u00e1rio Fernando Marques. Uma dobradinha que come\u00e7ou na campanha, quando Rosso foi candidato ao Buriti e Marques, ao Senado.<\/p>\n<h2>\n<strong>Preju sem sol<\/strong><\/h2>\n<p>No Rio, ambulantes reclamam da decis\u00e3o de Bolsonaro de extinguir o hor\u00e1rio de ver\u00e3o. \u00c9 que a praia perdeu uma hora de sol, e isso representa preju\u00edzo nas vendas.<\/p>\n<h2>\n<strong>Pronto para gastar<\/strong><\/h2>\n<p>O GDF tem uma bolada para investir em projetos culturais. No Fundo de Apoio \u00e0 Cultura do DF, h\u00e1 R$ 20.315.201,98 parados.<\/p>\n<h2>\n<strong>S\u00f3 papos<\/strong><\/h2>\n<blockquote><p>\n\u201cEu acho um bom n\u00famero, t\u00ednhamos poucas op\u00e7\u00f5es, mas acho que o 38 \u00e9 um n\u00famero mais f\u00e1cil de gravar&#8221;<\/p><\/blockquote>\n<p style=\"text-align: right\">\n<strong>Presidente Jair Bolsonaro, sobre o n\u00famero que pretende usar no seu novo partido, o mesmo do calibre das armas mais usadas no Brasil<\/strong><\/p>\n","protected":false},"excerpt":{"rendered":"<p>o advogado Lu\u00eds Felipe Belmonte, primeiro suplente do senador Izalci Lucas (PSDB-DF), \u00e9 quem deve exercer o posto mais alto na hierarquia do partido a ser criado para receber Bolsonaro, o Alian\u00e7a pelo Brasil<\/p>\n","protected":false},"author":9,"featured_media":16946,"comment_status":"open","ping_status":"closed","sticky":false,"template":"","format":"standard","meta":{"wpb_read_more":[],"footnotes":""},"categories":[234],"tags":[2007,2008,1143,966,2009,1763],"class_list":["post-16942","post","type-post","status-publish","format-standard","has-post-thumbnail","hentry","category-cb-poder","tag-alianca-pelo-brasil","tag-belmonte","tag-bolsonaro","tag-ibaneis","tag-luis-felipe-belmonte","tag-paula-belmonte"],"_links":{"self":[{"href":"https:\/\/blogs2.correiobraziliense.com.br\/cbpoder\/wp-json\/wp\/v2\/posts\/16942","targetHints":{"allow":["GET"]}}],"collection":[{"href":"https:\/\/blogs2.correiobraziliense.com.br\/cbpoder\/wp-json\/wp\/v2\/posts"}],"about":[{"href":"https:\/\/blogs2.correiobraziliense.com.br\/cbpoder\/wp-json\/wp\/v2\/types\/post"}],"author":[{"embeddable":true,"href":"https:\/\/blogs2.correiobraziliense.com.br\/cbpoder\/wp-json\/wp\/v2\/users\/9"}],"replies":[{"embeddable":true,"href":"https:\/\/blogs2.correiobraziliense.com.br\/cbpoder\/wp-json\/wp\/v2\/comments?post=16942"}],"version-history":[{"count":4,"href":"https:\/\/blogs2.correiobraziliense.com.br\/cbpoder\/wp-json\/wp\/v2\/posts\/16942\/revisions"}],"predecessor-version":[{"id":16949,"href":"https:\/\/blogs2.correiobraziliense.com.br\/cbpoder\/wp-json\/wp\/v2\/posts\/16942\/revisions\/16949"}],"wp:featuredmedia":[{"embeddable":true,"href":"https:\/\/blogs2.correiobraziliense.com.br\/cbpoder\/wp-json\/wp\/v2\/media\/16946"}],"wp:attachment":[{"href":"https:\/\/blogs2.correiobraziliense.com.br\/cbpoder\/wp-json\/wp\/v2\/media?parent=16942"}],"wp:term":[{"taxonomy":"category","embeddable":true,"href":"https:\/\/blogs2.correiobraziliense.com.br\/cbpoder\/wp-json\/wp\/v2\/categories?post=16942"},{"taxonomy":"post_tag","embeddable":true,"href":"https:\/\/blogs2.correiobraziliense.com.br\/cbpoder\/wp-json\/wp\/v2\/tags?post=16942"}],"curies":[{"name":"wp","href":"https:\/\/api.w.org\/{rel}","templated":true}]}}