{"id":16955,"date":"2019-11-26T10:46:24","date_gmt":"2019-11-26T13:46:24","guid":{"rendered":"https:\/\/blogs2.correiobraziliense.com.br\/cbpoder\/?p=16955"},"modified":"2019-11-26T10:49:48","modified_gmt":"2019-11-26T13:49:48","slug":"voce-acharia-justo-diz-presidente-da-associacao-dos-militares-sobre-rejeicao-ao-aumento-proposto-pelo-gdf","status":"publish","type":"post","link":"https:\/\/blogs2.correiobraziliense.com.br\/cbpoder\/voce-acharia-justo-diz-presidente-da-associacao-dos-militares-sobre-rejeicao-ao-aumento-proposto-pelo-gdf\/","title":{"rendered":"&#8220;Voc\u00ea acharia justo?&#8221;, diz presidente da Associa\u00e7\u00e3o dos Militares sobre rejei\u00e7\u00e3o ao aumento proposto pelo GDF"},"content":{"rendered":"<h6><strong>Coluna Eixo Capital\/Por Ana Maria Campos<\/strong><\/h6>\n<h2><em><strong>\u00c0 QUEIMA-ROUPA<\/strong><\/em><\/h2>\n<p>Coronel na reserva Wellington Corsino, presidente da Associa\u00e7\u00e3o dos Militares Estaduais do Brasil (AME)<\/p>\n<p><strong>Por que a proposta do GDF para a PM e Bombeiros n\u00e3o foi aceita?<\/strong><br \/>\nVoc\u00ea acharia justo um aumento em que a primeira parcela do reajuste em seis parcelas, prevista para junho de 2020, acarretar\u00e1 um decr\u00e9scimo de 2% no seu sal\u00e1rio l\u00edquido de hoje, novembro de 2019? O aumento bruto foi de 32,48%, mas a engenharia usada pelo GDF fez a tributa\u00e7\u00e3o dos nossos sal\u00e1rios aumentarem 20,1%. E o aumento real ser\u00e1 s\u00f3 de 17,4% no fim de 2020.<\/p>\n<p><strong>A Pol\u00edcia Civil est\u00e1 h\u00e1 mais tempo sem aumento. \u00c9 justa essa batalha para beneficiar tamb\u00e9m os militares?<\/strong><br \/>\nO Fundo Constitucional para o ano que vem sofrer\u00e1 um incremento de R$ 1,4 bilh\u00e3o devido ao aumento nas receitas correntes l\u00edquidas da uni\u00e3o neste ano de 2019. S\u00f3 isso daria para dar o aumento igualando as remunera\u00e7\u00f5es dos \u00f3rg\u00e3os da seguran\u00e7a p\u00fablica. N\u00f3s, das associa\u00e7\u00f5es da PM e do CB Militares do Distrito Federal, encaminhamos via bancada do DF nossa proposta de reajuste que iguala todos os sal\u00e1rios do setor. Por que ela n\u00e3o foi nem considerada?<\/p>\n","protected":false},"excerpt":{"rendered":"<p>Coluna Eixo Capital\/Por Ana Maria Campos \u00c0 QUEIMA-ROUPA Coronel na reserva Wellington Corsino, presidente da Associa\u00e7\u00e3o dos Militares Estaduais do Brasil (AME) Por que a proposta do GDF para a PM e Bombeiros n\u00e3o foi aceita? Voc\u00ea acharia justo um aumento em que a primeira parcela do reajuste em seis parcelas, prevista para junho de [&hellip;]<\/p>\n","protected":false},"author":9,"featured_media":16956,"comment_status":"open","ping_status":"closed","sticky":false,"template":"","format":"standard","meta":{"wpb_read_more":[],"footnotes":""},"categories":[234],"tags":[],"class_list":["post-16955","post","type-post","status-publish","format-standard","has-post-thumbnail","hentry","category-cb-poder"],"_links":{"self":[{"href":"https:\/\/blogs2.correiobraziliense.com.br\/cbpoder\/wp-json\/wp\/v2\/posts\/16955","targetHints":{"allow":["GET"]}}],"collection":[{"href":"https:\/\/blogs2.correiobraziliense.com.br\/cbpoder\/wp-json\/wp\/v2\/posts"}],"about":[{"href":"https:\/\/blogs2.correiobraziliense.com.br\/cbpoder\/wp-json\/wp\/v2\/types\/post"}],"author":[{"embeddable":true,"href":"https:\/\/blogs2.correiobraziliense.com.br\/cbpoder\/wp-json\/wp\/v2\/users\/9"}],"replies":[{"embeddable":true,"href":"https:\/\/blogs2.correiobraziliense.com.br\/cbpoder\/wp-json\/wp\/v2\/comments?post=16955"}],"version-history":[{"count":3,"href":"https:\/\/blogs2.correiobraziliense.com.br\/cbpoder\/wp-json\/wp\/v2\/posts\/16955\/revisions"}],"predecessor-version":[{"id":16959,"href":"https:\/\/blogs2.correiobraziliense.com.br\/cbpoder\/wp-json\/wp\/v2\/posts\/16955\/revisions\/16959"}],"wp:featuredmedia":[{"embeddable":true,"href":"https:\/\/blogs2.correiobraziliense.com.br\/cbpoder\/wp-json\/wp\/v2\/media\/16956"}],"wp:attachment":[{"href":"https:\/\/blogs2.correiobraziliense.com.br\/cbpoder\/wp-json\/wp\/v2\/media?parent=16955"}],"wp:term":[{"taxonomy":"category","embeddable":true,"href":"https:\/\/blogs2.correiobraziliense.com.br\/cbpoder\/wp-json\/wp\/v2\/categories?post=16955"},{"taxonomy":"post_tag","embeddable":true,"href":"https:\/\/blogs2.correiobraziliense.com.br\/cbpoder\/wp-json\/wp\/v2\/tags?post=16955"}],"curies":[{"name":"wp","href":"https:\/\/api.w.org\/{rel}","templated":true}]}}