{"id":16968,"date":"2019-11-28T08:04:01","date_gmt":"2019-11-28T11:04:01","guid":{"rendered":"https:\/\/blogs2.correiobraziliense.com.br\/cbpoder\/?p=16968"},"modified":"2019-11-28T08:04:01","modified_gmt":"2019-11-28T11:04:01","slug":"ibaneis-rocha-vai-se-casar-nesta-sexta","status":"publish","type":"post","link":"https:\/\/blogs2.correiobraziliense.com.br\/cbpoder\/ibaneis-rocha-vai-se-casar-nesta-sexta\/","title":{"rendered":"Ibaneis Rocha vai se casar nesta sexta"},"content":{"rendered":"<h6><strong>Coluna Eixo Capital\/Por Ana Maria Campos<\/strong><\/h6>\n<p>O governador Ibaneis Rocha (MDB) vai se casar amanh\u00e3. Na verdade, como ele mesmo diz, regularizar a sua situa\u00e7\u00e3o com a mulher, a advogada Mayara Noronha. Ser\u00e1 um evento petit comit\u00e9 na pr\u00f3pria resid\u00eancia do casal, <a href=\"https:\/\/blogs2.correiobraziliense.com.br\/cbpoder\/ibaneis-aviao-mansao-lago-sul\/\">numa ch\u00e1cara do Lago Sul<\/a>. Depois, eles viajam a Roma para o batizado do filho de um ano, o Mateus. <a href=\"https:\/\/blogs2.correiobraziliense.com.br\/cbpoder\/rafael-prudente-articula-primeira-reeleicao-da-historia-da-cldf\/\">O governador manteve o compromisso com o evento religioso na It\u00e1lia<\/a>.<\/p>\n<h2>\n<strong>Simplesmente amor<\/strong><\/h2>\n<p>O presidente da Associa\u00e7\u00e3o dos Magistrados do DF, F\u00e1bio Esteves, tamb\u00e9m se casou, no civil, no fim de semana. No Instagram, o juiz fez uma bela declara\u00e7\u00e3o para o noivo, Nelson Muniz. \u201cAno que vem tem parte 2, o religioso\u201d, contou. \u201cO certo \u00e9 que ele, o amor, \u00e9 Nelson\u201d, escreveu o magistrado.<\/p>\n<figure id=\"attachment_16972\" aria-describedby=\"caption-attachment-16972\" style=\"width: 237px\" class=\"wp-caption aligncenter\"><a href=\"https:\/\/blogs2.correiobraziliense.com.br\/cbpoder\/wp-content\/uploads\/sites\/5\/2019\/11\/CBNFOT271120190549.jpg\"><img loading=\"lazy\" decoding=\"async\" class=\"wp-image-16972 size-medium\" src=\"https:\/\/blogs2.correiobraziliense.com.br\/cbpoder\/wp-content\/uploads\/sites\/5\/2019\/11\/CBNFOT271120190549-237x300.jpg\" alt=\"Casamento do presidente da Amagis, F\u00e1bio Esteves, com Nelson Muniz\" width=\"237\" height=\"300\" srcset=\"https:\/\/blogs2.correiobraziliense.com.br\/cbpoder\/wp-content\/uploads\/sites\/5\/2019\/11\/CBNFOT271120190549-237x300.jpg 237w, https:\/\/blogs2.correiobraziliense.com.br\/cbpoder\/wp-content\/uploads\/sites\/5\/2019\/11\/CBNFOT271120190549-768x971.jpg 768w, https:\/\/blogs2.correiobraziliense.com.br\/cbpoder\/wp-content\/uploads\/sites\/5\/2019\/11\/CBNFOT271120190549-277x350.jpg 277w, https:\/\/blogs2.correiobraziliense.com.br\/cbpoder\/wp-content\/uploads\/sites\/5\/2019\/11\/CBNFOT271120190549-550x695.jpg 550w, https:\/\/blogs2.correiobraziliense.com.br\/cbpoder\/wp-content\/uploads\/sites\/5\/2019\/11\/CBNFOT271120190549-230x291.jpg 230w, https:\/\/blogs2.correiobraziliense.com.br\/cbpoder\/wp-content\/uploads\/sites\/5\/2019\/11\/CBNFOT271120190549.jpg 800w\" sizes=\"auto, (max-width: 237px) 100vw, 237px\" \/><\/a><figcaption id=\"caption-attachment-16972\" class=\"wp-caption-text\">Reprodu\u00e7\u00e3o\/Instagram<\/figcaption><\/figure>\n<p>&nbsp;<\/p>\n","protected":false},"excerpt":{"rendered":"<p>Coluna Eixo Capital\/Por Ana Maria Campos O governador Ibaneis Rocha (MDB) vai se casar amanh\u00e3. Na verdade, como ele mesmo diz, regularizar a sua situa\u00e7\u00e3o com a mulher, a advogada Mayara Noronha. Ser\u00e1 um evento petit comit\u00e9 na pr\u00f3pria resid\u00eancia do casal, numa ch\u00e1cara do Lago Sul. Depois, eles viajam a Roma para o batizado [&hellip;]<\/p>\n","protected":false},"author":9,"featured_media":16971,"comment_status":"open","ping_status":"closed","sticky":false,"template":"","format":"standard","meta":{"wpb_read_more":[],"footnotes":""},"categories":[234],"tags":[],"class_list":["post-16968","post","type-post","status-publish","format-standard","has-post-thumbnail","hentry","category-cb-poder"],"_links":{"self":[{"href":"https:\/\/blogs2.correiobraziliense.com.br\/cbpoder\/wp-json\/wp\/v2\/posts\/16968","targetHints":{"allow":["GET"]}}],"collection":[{"href":"https:\/\/blogs2.correiobraziliense.com.br\/cbpoder\/wp-json\/wp\/v2\/posts"}],"about":[{"href":"https:\/\/blogs2.correiobraziliense.com.br\/cbpoder\/wp-json\/wp\/v2\/types\/post"}],"author":[{"embeddable":true,"href":"https:\/\/blogs2.correiobraziliense.com.br\/cbpoder\/wp-json\/wp\/v2\/users\/9"}],"replies":[{"embeddable":true,"href":"https:\/\/blogs2.correiobraziliense.com.br\/cbpoder\/wp-json\/wp\/v2\/comments?post=16968"}],"version-history":[{"count":1,"href":"https:\/\/blogs2.correiobraziliense.com.br\/cbpoder\/wp-json\/wp\/v2\/posts\/16968\/revisions"}],"predecessor-version":[{"id":16973,"href":"https:\/\/blogs2.correiobraziliense.com.br\/cbpoder\/wp-json\/wp\/v2\/posts\/16968\/revisions\/16973"}],"wp:featuredmedia":[{"embeddable":true,"href":"https:\/\/blogs2.correiobraziliense.com.br\/cbpoder\/wp-json\/wp\/v2\/media\/16971"}],"wp:attachment":[{"href":"https:\/\/blogs2.correiobraziliense.com.br\/cbpoder\/wp-json\/wp\/v2\/media?parent=16968"}],"wp:term":[{"taxonomy":"category","embeddable":true,"href":"https:\/\/blogs2.correiobraziliense.com.br\/cbpoder\/wp-json\/wp\/v2\/categories?post=16968"},{"taxonomy":"post_tag","embeddable":true,"href":"https:\/\/blogs2.correiobraziliense.com.br\/cbpoder\/wp-json\/wp\/v2\/tags?post=16968"}],"curies":[{"name":"wp","href":"https:\/\/api.w.org\/{rel}","templated":true}]}}