{"id":17055,"date":"2019-12-09T15:56:17","date_gmt":"2019-12-09T18:56:17","guid":{"rendered":"https:\/\/blogs2.correiobraziliense.com.br\/cbpoder\/?p=17055"},"modified":"2019-12-09T16:16:46","modified_gmt":"2019-12-09T19:16:46","slug":"marginalizacao-do-povo-negro-foi-escolha-do-estado-diz-procuradora","status":"publish","type":"post","link":"https:\/\/blogs2.correiobraziliense.com.br\/cbpoder\/marginalizacao-do-povo-negro-foi-escolha-do-estado-diz-procuradora\/","title":{"rendered":"&#8220;Marginaliza\u00e7\u00e3o do povo negro foi escolha do Estado&#8221;, diz procuradora Cec\u00edlia Am\u00e1lia"},"content":{"rendered":"<h4>AGATHA GONZAGA<\/h4>\n<p>\u201cQuando se v\u00ea que, assinada a Lei \u00c1urea, houve a liberdade, mas nenhuma pol\u00edtica de inser\u00e7\u00e3o de pessoas negras no mercado de trabalho, percebe-se que a marginaliza\u00e7\u00e3o do povo negro foi uma escolha do Estado.\u201d A afirma\u00e7\u00e3o \u00e9 da procuradora do Trabalho da 10\u00aa Regi\u00e3o Cec\u00edlia Am\u00e1lia Cunha Santos ao defender a exist\u00eancia de cotas raciais para cargos p\u00fablicos. Segundo ela, a a\u00e7\u00e3o afirmativa \u00e9 fundamental na repara\u00e7\u00e3o hist\u00f3rica e na oferta de emprego a uma popula\u00e7\u00e3o marginalizada. Para ela, nada mais justo as a\u00e7\u00f5es de repara\u00e7\u00e3o aplicadas pelo Estado.<\/p>\n<p>As afirma\u00e7\u00f5es foram feitas durante o programa CB. Poder, parceria do <strong>Correio Braziliense<\/strong> com a TV Bras\u00edlia, na tarde desta segunda-feira (9\/12). A procuradora, que integra o grupo sobre ra\u00e7a do MPT e tamb\u00e9m \u00e9 representante da Coordenadoria Nacional de Promo\u00e7\u00e3o de Igualdade de Oportunidades e Elimina\u00e7\u00e3o da Discrimina\u00e7\u00e3o no Trabalho\u00a0 (Coordigualdade) do \u00f3rg\u00e3o, debateu quest\u00f5es de g\u00eanero, falou sobre ass\u00e9dio moral e sexual no trabalho.<\/p>\n<p>De acordo com ela, o Minist\u00e9rio P\u00fablica faz um trabalho de conscientiza\u00e7\u00e3o das empresas em rela\u00e7\u00e3o \u00e0s quest\u00f5es raciais. \u201cO que a gente percebe s\u00e3o pessoas negras em sub-empregos, ganhando menos, com maiores dificuldades para alcan\u00e7ar cargos de destaque. O que o MPT t\u00eam feito s\u00e3o grandes campanhas, grandes debates e simp\u00f3sios para a conscientiza\u00e7\u00e3o da necessidade de que as pessoas negras entrem no mercado de trabalho em todos os cargos aos quais elas est\u00e3o preparadas\u201d declarou.<\/p>\n<p>Cec\u00edlia tamb\u00e9m apresentou um panorama da situa\u00e7\u00e3o do trabalho escravo no Brasil, sobretudo das rotas de produ\u00e7\u00e3o do a\u00e7a\u00ed e da castanha no Par\u00e1 e no norte do Tocantins, e sobre o trabalho infantil que se repete tanto nas \u00e1reas rurais quanto dentro das cidades, nos sem\u00e1foros das capitais, entre outras situa\u00e7\u00f5es.<\/p>\n<p><strong>Assista \u00e0 \u00edntegra da entrevista:<\/strong><\/p>\n<p><a href=\"https:\/\/www.youtube.com\/watch?v=V4Cz7h1sqeo\">https:\/\/www.youtube.com\/watch?v=V4Cz7h1sqeo<\/a><\/p>\n<p><a href=\"https:\/\/www.youtube.com\/watch?v=nDB71WlH6qc&#038;t=1s\">https:\/\/www.youtube.com\/watch?v=nDB71WlH6qc&amp;t=1s<\/a><\/p>\n","protected":false},"excerpt":{"rendered":"<p>AGATHA GONZAGA \u201cQuando se v\u00ea que, assinada a Lei \u00c1urea, houve a liberdade, mas nenhuma pol\u00edtica de inser\u00e7\u00e3o de pessoas negras no mercado de trabalho, percebe-se que a marginaliza\u00e7\u00e3o do povo negro foi uma escolha do Estado.\u201d A afirma\u00e7\u00e3o \u00e9 da procuradora do Trabalho da 10\u00aa Regi\u00e3o Cec\u00edlia Am\u00e1lia Cunha Santos ao defender a exist\u00eancia [&hellip;]<\/p>\n","protected":false},"author":75,"featured_media":17056,"comment_status":"open","ping_status":"closed","sticky":false,"template":"","format":"standard","meta":{"wpb_read_more":[],"footnotes":""},"categories":[234,6],"tags":[93,2024,2023],"class_list":["post-17055","post","type-post","status-publish","format-standard","has-post-thumbnail","hentry","category-cb-poder","category-noticias","tag-ministerio-publico","tag-mpt","tag-procuradora"],"_links":{"self":[{"href":"https:\/\/blogs2.correiobraziliense.com.br\/cbpoder\/wp-json\/wp\/v2\/posts\/17055","targetHints":{"allow":["GET"]}}],"collection":[{"href":"https:\/\/blogs2.correiobraziliense.com.br\/cbpoder\/wp-json\/wp\/v2\/posts"}],"about":[{"href":"https:\/\/blogs2.correiobraziliense.com.br\/cbpoder\/wp-json\/wp\/v2\/types\/post"}],"author":[{"embeddable":true,"href":"https:\/\/blogs2.correiobraziliense.com.br\/cbpoder\/wp-json\/wp\/v2\/users\/75"}],"replies":[{"embeddable":true,"href":"https:\/\/blogs2.correiobraziliense.com.br\/cbpoder\/wp-json\/wp\/v2\/comments?post=17055"}],"version-history":[{"count":1,"href":"https:\/\/blogs2.correiobraziliense.com.br\/cbpoder\/wp-json\/wp\/v2\/posts\/17055\/revisions"}],"predecessor-version":[{"id":17057,"href":"https:\/\/blogs2.correiobraziliense.com.br\/cbpoder\/wp-json\/wp\/v2\/posts\/17055\/revisions\/17057"}],"wp:featuredmedia":[{"embeddable":true,"href":"https:\/\/blogs2.correiobraziliense.com.br\/cbpoder\/wp-json\/wp\/v2\/media\/17056"}],"wp:attachment":[{"href":"https:\/\/blogs2.correiobraziliense.com.br\/cbpoder\/wp-json\/wp\/v2\/media?parent=17055"}],"wp:term":[{"taxonomy":"category","embeddable":true,"href":"https:\/\/blogs2.correiobraziliense.com.br\/cbpoder\/wp-json\/wp\/v2\/categories?post=17055"},{"taxonomy":"post_tag","embeddable":true,"href":"https:\/\/blogs2.correiobraziliense.com.br\/cbpoder\/wp-json\/wp\/v2\/tags?post=17055"}],"curies":[{"name":"wp","href":"https:\/\/api.w.org\/{rel}","templated":true}]}}