{"id":17157,"date":"2019-12-18T07:57:55","date_gmt":"2019-12-18T10:57:55","guid":{"rendered":"https:\/\/blogs2.correiobraziliense.com.br\/cbpoder\/?p=17157"},"modified":"2019-12-18T07:57:55","modified_gmt":"2019-12-18T10:57:55","slug":"com-desgaste-de-weintraub-crescem-apostas-de-que-izalci-assumira-o-mec","status":"publish","type":"post","link":"https:\/\/blogs2.correiobraziliense.com.br\/cbpoder\/com-desgaste-de-weintraub-crescem-apostas-de-que-izalci-assumira-o-mec\/","title":{"rendered":"Com desgaste de Weintraub, crescem apostas de que Izalci assumir\u00e1 o MEC"},"content":{"rendered":"<h6><strong>Coluna Eixo Capital\/Por Ana Maria Campos<\/strong><\/h6>\n<p>Com o desgaste do ministro da Educa\u00e7\u00e3o, Abraham Weintraub, crescem as apostas de que o senador Izalci Lucas (PSDB-DF) poderia se licenciar do mandato e assumir o cargo na Esplanada. N\u00e3o \u00e9 a primeira vez que os rumores surgem no meio pol\u00edtico. Mas, para o presidente Jair Bolsonaro, seria uma troca vantajosa no Congresso. O suplente de Izalci \u00e9 o advogado Lu\u00eds Felipe Belmonte, n\u00famero tr\u00eas na hierarquia do novo partido a ser criado para abrigar os aliados de Bolsonaro, o Alian\u00e7a pelo Brasil. Foi Belmonte, por exemplo,<a href=\"https:\/\/www.correiobraziliense.com.br\/app\/noticia\/politica\/2019\/11\/22\/interna_politica,808387\/marido-de-paula-belmonte-pagou-local-do-evento-de-partido-de-bolsonaro.shtml\"> quem financiou a festa de lan\u00e7amento da nova sigla no hotel Golden Tulip<\/a>, do empres\u00e1rio Paulo Oct\u00e1vio. Belmonte est\u00e1 pronto para entrar em campo.<\/p>\n<h2>\n<strong>CPI aprova cronograma<\/strong><\/h2>\n<p>Enquanto isso, Izalci Lucas trabalha pela CPI da Chapecoense, em que assumiu a relatoria. Ontem, ele conseguiu aprovar por unanimidade o cronograma da investiga\u00e7\u00e3o sobre demora no pagamento de indeniza\u00e7\u00e3o aos familiares das v\u00edtimas do acidente de avi\u00e3o com a equipe de Santa Catarina.<\/p>\n<h2>\n<strong>Pens\u00e3o para v\u00edtimas do zika<\/strong><\/h2>\n<p>A C\u00e2mara aprovou medida provis\u00f3ria que prev\u00ea pagamento de pens\u00e3o vital\u00edcia a crian\u00e7as com doen\u00e7as provenientes do zika v\u00edrus. A primeira-dama Michelle Bolsonaro foi a principal apoiadora da proposta no Executivo. E foi a partir de um encontro com a primeira-dama que a deputada federal Paula Belmonte (Cidadania-DF) decidiu propor a amplia\u00e7\u00e3o dos benef\u00edcios da MP. Ela foi respons\u00e1vel pela designa\u00e7\u00e3o mais abrangente dos males: s\u00edndrome cong\u00eanita do zika v\u00edrus, que inclui n\u00e3o somente a microcefalia, mas abarca outras doen\u00e7as com a mesma causa.<\/p>\n<h2>\n<strong>Demora<\/strong><\/h2>\n<p>O ex-deputado Alberto Fraga (DEM-DF) conversou ontem com o presidente Jair Bolsonaro sobre o reajuste das for\u00e7as de seguran\u00e7a e ouviu dele que ainda n\u00e3o h\u00e1 uma previs\u00e3o sobre envio do texto ao Congresso.<\/p>\n<h2>\n<strong>Vazamento<\/strong><\/h2>\n<p>O ministro Bruno Dantas, do Tribunal de Contas da Uni\u00e3o (TCU), n\u00e3o esconde a m\u00e1goa com o procurador J\u00falio Marcelo de Oliveira, pelo conte\u00fado das conversas mantidas com o procurador Deltan Dallagnol, da for\u00e7a-tarefa da Lava-Jato em Curitiba. Nos di\u00e1logos interceptados pelos hackers da Vaza-Jato e divulgados pela revista Veja, h\u00e1 men\u00e7\u00f5es de J\u00falio Marcelo a Bruno Dantas.<\/p>\n<h2>\n<strong><em>S\u00f3 papos<\/em><\/strong><\/h2>\n<blockquote><p>\u201cA Lava-Jato destruiu empresas, o que jamais aconteceria nos Estados Unidos\u201d<\/p><\/blockquote>\n<p style=\"text-align: right\"><strong>Presidente do STF, Dias Toffoli<\/strong><\/p>\n<blockquote><p>\u201cDizer que a Lava-Jato quebrou empresas \u00e9 uma irresponsabilidade: \u00e9 fechar os olhos para a crise econ\u00f4mica relacionada a fatores que incluem incompet\u00eancia, m\u00e1 gest\u00e3o e corrup\u00e7\u00e3o\u201d<\/p><\/blockquote>\n<p style=\"text-align: right\"><strong>Procurador Deltan Dallagnol, \\\\chefe da for\u00e7a-tarefa da Lava-Jato em Curitiba<\/strong><\/p>\n<h2><strong>Opera\u00e7\u00e3o e compliance<\/strong><\/h2>\n<p>Com investimento em compliance, a Infosolo Tecnologia aposta numa solu\u00e7\u00e3o para evitar novas crises. A empresa que presta servi\u00e7os a v\u00e1rios \u00f3rg\u00e3os p\u00fablicos no pa\u00eds \u00e9 investigada pelo Gaeco do Paran\u00e1, por suspeitas de irregularidades no contrato com a Assembleia Legislativa do Paran\u00e1 e o Detran do estado. Em novembro, a Infosolo, que tem entre os s\u00f3cios os irm\u00e3os Pantazi, foi alvo da Opera\u00e7\u00e3o Taxa Alta, com cumprimento de mandados de busca e apreens\u00e3o e pris\u00e3o tempor\u00e1ria. Os promotores do Paran\u00e1 atuaram com a ajuda do Gaeco do DF.<\/p>\n","protected":false},"excerpt":{"rendered":"<p>Coluna Eixo Capital\/Por Ana Maria Campos Com o desgaste do ministro da Educa\u00e7\u00e3o, Abraham Weintraub, crescem as apostas de que o senador Izalci Lucas (PSDB-DF) poderia se licenciar do mandato e assumir o cargo na Esplanada. N\u00e3o \u00e9 a primeira vez que os rumores surgem no meio pol\u00edtico. Mas, para o presidente Jair Bolsonaro, seria [&hellip;]<\/p>\n","protected":false},"author":9,"featured_media":3757,"comment_status":"open","ping_status":"closed","sticky":false,"template":"","format":"standard","meta":{"wpb_read_more":[],"footnotes":""},"categories":[234],"tags":[2046,692],"class_list":["post-17157","post","type-post","status-publish","format-standard","has-post-thumbnail","hentry","category-cb-poder","tag-abraham-weintraub","tag-izalci-lucas"],"_links":{"self":[{"href":"https:\/\/blogs2.correiobraziliense.com.br\/cbpoder\/wp-json\/wp\/v2\/posts\/17157","targetHints":{"allow":["GET"]}}],"collection":[{"href":"https:\/\/blogs2.correiobraziliense.com.br\/cbpoder\/wp-json\/wp\/v2\/posts"}],"about":[{"href":"https:\/\/blogs2.correiobraziliense.com.br\/cbpoder\/wp-json\/wp\/v2\/types\/post"}],"author":[{"embeddable":true,"href":"https:\/\/blogs2.correiobraziliense.com.br\/cbpoder\/wp-json\/wp\/v2\/users\/9"}],"replies":[{"embeddable":true,"href":"https:\/\/blogs2.correiobraziliense.com.br\/cbpoder\/wp-json\/wp\/v2\/comments?post=17157"}],"version-history":[{"count":1,"href":"https:\/\/blogs2.correiobraziliense.com.br\/cbpoder\/wp-json\/wp\/v2\/posts\/17157\/revisions"}],"predecessor-version":[{"id":17159,"href":"https:\/\/blogs2.correiobraziliense.com.br\/cbpoder\/wp-json\/wp\/v2\/posts\/17157\/revisions\/17159"}],"wp:featuredmedia":[{"embeddable":true,"href":"https:\/\/blogs2.correiobraziliense.com.br\/cbpoder\/wp-json\/wp\/v2\/media\/3757"}],"wp:attachment":[{"href":"https:\/\/blogs2.correiobraziliense.com.br\/cbpoder\/wp-json\/wp\/v2\/media?parent=17157"}],"wp:term":[{"taxonomy":"category","embeddable":true,"href":"https:\/\/blogs2.correiobraziliense.com.br\/cbpoder\/wp-json\/wp\/v2\/categories?post=17157"},{"taxonomy":"post_tag","embeddable":true,"href":"https:\/\/blogs2.correiobraziliense.com.br\/cbpoder\/wp-json\/wp\/v2\/tags?post=17157"}],"curies":[{"name":"wp","href":"https:\/\/api.w.org\/{rel}","templated":true}]}}