{"id":17167,"date":"2019-12-19T14:45:33","date_gmt":"2019-12-19T17:45:33","guid":{"rendered":"https:\/\/blogs2.correiobraziliense.com.br\/cbpoder\/?p=17167"},"modified":"2019-12-19T14:45:33","modified_gmt":"2019-12-19T17:45:33","slug":"bancada-do-df-dividida-sobre-fundao-eleitoral","status":"publish","type":"post","link":"https:\/\/blogs2.correiobraziliense.com.br\/cbpoder\/bancada-do-df-dividida-sobre-fundao-eleitoral\/","title":{"rendered":"Bancada do DF dividida sobre fund\u00e3o eleitoral"},"content":{"rendered":"<h6><strong>Coluna Eixo Capital\/Por Ana Maria Campos<\/strong><\/h6>\n<p>Na vota\u00e7\u00e3o que destinou R$ 2,034 bilh\u00f5es para as elei\u00e7\u00f5es de 2020 dentro do Or\u00e7amento da Uni\u00e3o, tr\u00eas dos oito deputados da bancada do DF votaram sim. Foram eles: Celina Le\u00e3o (PP\/DF), \u00c9rika Kokay (PT\/DF) e J\u00falio C\u00e9sar (Republicanos-DF). Bia Kicis (PSL-DF) Luiz Miranda (DEM-DF) e Paula Belmonte (Cidadania-DF) votaram contra esse valor, ao se posicionarem favoravelmente \u00e0 emenda que reduzia o Fundo Especial de Financiamento de Campanhas, o Fund\u00e3o Eleitoral, para R$ 1,3 bilh\u00e3o. Fl\u00e1via Arruda (PL-DF) e Professor Israel (PV-DF) n\u00e3o votaram. Como a emenda foi rejeitada por 242 a 167 votos, a discuss\u00e3o n\u00e3o foi encaminhada ao Senado.<\/p>\n<h2>\n<strong>Bilh\u00f5es para pol\u00edticos<\/strong><\/h2>\n<p>Os R$ 2,034 bilh\u00f5es v\u00e3o para a campanha municipal do pr\u00f3ximo ano. O montante \u00e9 o dobro do valor destinado a \u00e1reas como Meio Ambiente (R$ 584 milh\u00f5es) e Mulher, Fam\u00edlia e Direitos Humanos (R$ 467 milh\u00f5es) juntos.<\/p>\n<h2><strong>Balan\u00e7o<\/strong><\/h2>\n<p>A senadora Leila Barros (PSB-DF) usou a tribuna do Plen\u00e1rio ontem para um balan\u00e7o do seu primeiro ano de mandato. Ela apresentou 45 proposi\u00e7\u00f5es legislativas em 2019. A primeira senadora do DF tamb\u00e9m foi designada relatora de 107 projetos, sendo que quatro foram transformados em lei e 17 foram encaminhados \u00e0 C\u00e2mara dos Deputados. Entre as leis em vigor, duas ampliam a seguran\u00e7a de v\u00edtimas de viol\u00eancia dom\u00e9stica e um aumenta a puni\u00e7\u00e3o para torcidas organizadas violentas.<\/p>\n<h2>\n<strong>Zero a zero<\/strong><\/h2>\n<p>Enquanto as for\u00e7as de seguran\u00e7a do DF brigam por paridade de aumento, o reajuste vai ficando mais dif\u00edcil para todos. O ex-deputado federal Alberto Fraga (DEM-DF) ouviu ontem do ministro da Secretaria de Governo, Jorge Oliveira, que o aumento n\u00e3o pode passar de 8%. A boa (ou m\u00e1) not\u00edcia \u00e9 de que a Presid\u00eancia da Rep\u00fablica prepara uma medida provis\u00f3ria que transfere a gest\u00e3o dos recursos do Fundo Constitucional do DF para o GDF. Assim, caber\u00e1 ao Executivo local todas as decis\u00f5es sobre despesas.<\/p>\n<h2><strong>\u201cGuerra comercial\u201d<\/strong><\/h2>\n<p>Em nota, a Infosolo esclarece que a nota publicada ontem pela coluna cita, de forma equivocada, os s\u00f3cios da Infosolo como alvo de uma opera\u00e7\u00e3o do Minist\u00e9rio P\u00fablico do Paran\u00e1. Mas, segundo a empresa, nenhum dos s\u00f3cios da Infosolo foi alvo de busca e apreens\u00e3o, tampouco de mandado de pris\u00e3o. \u201cVale destacar que o Poder Judici\u00e1rio do Paran\u00e1 vem concedendo sucessivas decis\u00f5es favor\u00e1veis \u00e0 empresa. A Infosolo \u00e9 v\u00edtima de uma \u2018guerra comercial\u2019 fomentada pelo governo daquele estado\u201d, afirma a empresa.<\/p>\n<h2>\n<strong>Bolsonaro: \u201cWeintraub \u00e9 excelente\u201d<\/strong><\/h2>\n<p>O presidente Jair Bolsonaro saiu ontem em defesa de seu ministro da Educa\u00e7\u00e3o, Abraham Weintraub, bombardeado por v\u00e1rias cr\u00edticas. Bolsonaro diz que ele fica. \u201cNo meu entender, (Weintraub) est\u00e1 sendo excelente. (Se) tem certos jornalistas criticando, \u00e9 porque est\u00e1 indo bem \u2014 afirmou, na sa\u00edda do Pal\u00e1cio da Alvorada. O advogado Lu\u00eds Felipe Belmonte, suplente do senador Izalci Lucas (PSDB-DF), que surge como cotado para o Minist\u00e9rio da Educa\u00e7\u00e3o, est\u00e1 no Qatar, para acompanhar a partida final do Campeonato de Clubes. Despreocupado, embarca depois de f\u00e9rias.<\/p>\n<h2>\n<strong>Bolsa-fam\u00edlia nas m\u00e3os de Fl\u00e1via Arruda<\/strong><\/h2>\n<p>Com um mandato focado na \u00e1rea social, a deputada Fl\u00e1via Arruda (PL-DF) ter\u00e1 um bom palanque. Ela foi eleita presidente de comiss\u00e3o que debater\u00e1 reformula\u00e7\u00e3o do Bolsa Fam\u00edlia. Ser\u00e3o debatidos os benef\u00edcios financeiros. Fl\u00e1via Arruda ressaltou a necessidade de avan\u00e7ar nos projetos que atendam os mais vulner\u00e1veis. A proposta assegura a atualiza\u00e7\u00e3o anual dos recursos e dos valores referenciais para carateriza\u00e7\u00e3o da situa\u00e7\u00e3o de pobreza e extrema pobreza. Mais uma miss\u00e3o na C\u00e2mara conquistada com apoio do amigo Rodrigo Maia (DEM-RJ), presidente da Casa.<\/p>\n<h2><strong>S\u00f3 papos<\/strong><\/h2>\n<blockquote><p>\u201cDoa para campanha eleitoral quem tem dinheiro, n\u00e3o doa o pobre que ganha um, dois ou tr\u00eas sal\u00e1rios m\u00ednimos \u2014 a maioria da popula\u00e7\u00e3o brasileira. O financiamento p\u00fablico foi adotado pelas democracias mais desenvolvidas do mundo\u201d<\/p><\/blockquote>\n<p style=\"text-align: right\"><strong>Presidente do PT, deputada Gleisi Hoffmann (PT-PR)<\/strong><\/p>\n<blockquote><p>\u201cCampanhas t\u00eam que ser mantidas por quem acredita na pol\u00edtica e na democracia, por pessoas que apoiam os candidatos, e n\u00e3o pelo povo, que j\u00e1 paga muito imposto e v\u00ea pouco resultado nos servi\u00e7os p\u00fablicos\u201d<\/p><\/blockquote>\n<p style=\"text-align: right\"><strong>L\u00edder do Novo na C\u00e2mara, deputado Marcel Van Hattem (Novo-RS)<\/strong><\/p>\n","protected":false},"excerpt":{"rendered":"<p>Coluna Eixo Capital\/Por Ana Maria Campos Na vota\u00e7\u00e3o que destinou R$ 2,034 bilh\u00f5es para as elei\u00e7\u00f5es de 2020 dentro do Or\u00e7amento da Uni\u00e3o, tr\u00eas dos oito deputados da bancada do DF votaram sim. Foram eles: Celina Le\u00e3o (PP\/DF), \u00c9rika Kokay (PT\/DF) e J\u00falio C\u00e9sar (Republicanos-DF). Bia Kicis (PSL-DF) Luiz Miranda (DEM-DF) e Paula Belmonte (Cidadania-DF) [&hellip;]<\/p>\n","protected":false},"author":9,"featured_media":17168,"comment_status":"open","ping_status":"closed","sticky":false,"template":"","format":"standard","meta":{"wpb_read_more":[],"footnotes":""},"categories":[234],"tags":[],"class_list":["post-17167","post","type-post","status-publish","format-standard","has-post-thumbnail","hentry","category-cb-poder"],"_links":{"self":[{"href":"https:\/\/blogs2.correiobraziliense.com.br\/cbpoder\/wp-json\/wp\/v2\/posts\/17167","targetHints":{"allow":["GET"]}}],"collection":[{"href":"https:\/\/blogs2.correiobraziliense.com.br\/cbpoder\/wp-json\/wp\/v2\/posts"}],"about":[{"href":"https:\/\/blogs2.correiobraziliense.com.br\/cbpoder\/wp-json\/wp\/v2\/types\/post"}],"author":[{"embeddable":true,"href":"https:\/\/blogs2.correiobraziliense.com.br\/cbpoder\/wp-json\/wp\/v2\/users\/9"}],"replies":[{"embeddable":true,"href":"https:\/\/blogs2.correiobraziliense.com.br\/cbpoder\/wp-json\/wp\/v2\/comments?post=17167"}],"version-history":[{"count":2,"href":"https:\/\/blogs2.correiobraziliense.com.br\/cbpoder\/wp-json\/wp\/v2\/posts\/17167\/revisions"}],"predecessor-version":[{"id":17170,"href":"https:\/\/blogs2.correiobraziliense.com.br\/cbpoder\/wp-json\/wp\/v2\/posts\/17167\/revisions\/17170"}],"wp:featuredmedia":[{"embeddable":true,"href":"https:\/\/blogs2.correiobraziliense.com.br\/cbpoder\/wp-json\/wp\/v2\/media\/17168"}],"wp:attachment":[{"href":"https:\/\/blogs2.correiobraziliense.com.br\/cbpoder\/wp-json\/wp\/v2\/media?parent=17167"}],"wp:term":[{"taxonomy":"category","embeddable":true,"href":"https:\/\/blogs2.correiobraziliense.com.br\/cbpoder\/wp-json\/wp\/v2\/categories?post=17167"},{"taxonomy":"post_tag","embeddable":true,"href":"https:\/\/blogs2.correiobraziliense.com.br\/cbpoder\/wp-json\/wp\/v2\/tags?post=17167"}],"curies":[{"name":"wp","href":"https:\/\/api.w.org\/{rel}","templated":true}]}}