{"id":17209,"date":"2019-12-28T09:56:37","date_gmt":"2019-12-28T12:56:37","guid":{"rendered":"https:\/\/blogs2.correiobraziliense.com.br\/cbpoder\/?p=17209"},"modified":"2019-12-28T09:56:38","modified_gmt":"2019-12-28T12:56:38","slug":"reajuste-policiais-bombeiros-df-abril","status":"publish","type":"post","link":"https:\/\/blogs2.correiobraziliense.com.br\/cbpoder\/reajuste-policiais-bombeiros-df-abril\/","title":{"rendered":"Por PL, reajuste para policiais e bombeiros do DF deve demorar at\u00e9 abril"},"content":{"rendered":"<h6><strong>Coluna Eixo Capital \/ Por Alexandre de Paula<\/strong><\/h6>\n<p>A alegria das categorias com a assinatura da medida provis\u00f3ria que previa aumento para policiais e bombeiros do DF \u2014 anunciada como um presente de Natal para as corpora\u00e7\u00f5es \u2014 durou pouco. O recuo do presidente Jair Bolsonaro ontem azedou a festa. Isso porque a tramita\u00e7\u00e3o de um projeto de lei tende a ser muito mais demorada do que a de uma medida provis\u00f3ria, al\u00e9m de n\u00e3o ter validade imediata como a MP. Mesmo com a promessa de que o reajuste ser\u00e1 retroativo a janeiro de 2020, os profissionais da seguran\u00e7a ter\u00e3o de esperar. Na avalia\u00e7\u00e3o de parlamentares, o PL deve se arrastar, no m\u00ednimo, at\u00e9 abril. E, at\u00e9 l\u00e1, as categorias devem fazer barulho.<\/p>\n<h2>Assembleia<\/h2>\n<p>O Sindicato dos Policiais Civis do DF (Sinpol-DF) convocou, pouco depois do recuo de Bolsonaro, assembleia para segunda-feira. A categoria definir\u00e1 a posi\u00e7\u00e3o em rela\u00e7\u00e3o \u00e0 mudan\u00e7a proposta e quais a\u00e7\u00f5es ser\u00e3o levadas adiante. Mais um sinal de que a mudan\u00e7a de ideia do presidente n\u00e3o ser\u00e1 recebida com passividade.<\/p>\n<h2>Sinais<\/h2>\n<p>A rea\u00e7\u00e3o aos reajustes foi r\u00e1pida e grande. Tanto que Bolsonaro foi obrigado a voltar atr\u00e1s, sob o argumento de que poderia cometer crime de responsabilidade. A repercuss\u00e3o dura e negativa s\u00e3o um sinal de que o embate, no Congresso Nacional, tamb\u00e9m ser\u00e1 \u00e1rduo.<\/p>\n<h2>Outras manifesta\u00e7\u00f5es<\/h2>\n<p>Al\u00e9m da equipe econ\u00f4mica, houve outras manifesta\u00e7\u00f5es que pesaram para o recuo de Bolsonaro. A Associa\u00e7\u00e3o da Auditoria de Controle Externo do TCU (Aud-TCU) e a Associa\u00e7\u00e3o Contas Abertas divulgaram nota em que criticam duramente a MP e a concess\u00e3o dos reajustes para as for\u00e7as de seguran\u00e7a do DF. \u201cO \u00e1rido ambiente financeiro, especialmente agravado em Estados com maior densidade populacional, imp\u00f5e rep\u00fadio veemente ao privil\u00e9gio que o Governo Federal concede ao Distrito Federal com a edi\u00e7\u00e3o de Medida Provis\u00f3ria no apagar das luzes de 2019\u201d, dizia o texto.<\/p>\n<h2>Aceno<\/h2>\n<p>Em meio \u00e0 not\u00edcia de que o reajuste n\u00e3o sairia como esperado, Ibaneis pode, ao menos, contar com o fato de que fez acenos aos militares recentemente. Nesta semana, ele concedeu a redu\u00e7\u00e3o do interst\u00edcio, que acelera a promo\u00e7\u00e3o de 2,6 mil profissionais. O fato de o recuo na MP ter partido de Bolsonaro tamb\u00e9m tira peso das costas do governador, que pode argumentar que fez a parte dele.<\/p>\n<h2>Rep\u00fadio<\/h2>\n<p>Um dos principais cr\u00edticos do especial de Natal do Porta dos Fundos, o pastor e deputado federal Julio Cesar (Republicanos-DF) publicou um v\u00eddeo em que repudia o ataque feito \u00e0 sede da produtora no Rio de Janeiro. Ele foi um dos \u00fanicos parlamentares contra o especial a se posicionar sobre o assunto e condenar a resposta violenta.<\/p>\n<h2>\nS\u00f3 papos<\/h2>\n<blockquote><p>\n\u201cGrupo de xtrema-direita, Comando de Insurg\u00eancia Popular Nacionalista, assume ataque terrorista ao Porta dos Fundos. Criminosos gravaram a a\u00e7\u00e3o. \u00c9 preciso m\u00e1ximo rigor na apura\u00e7\u00e3o e puni\u00e7\u00e3o. Todos devemos cobrar: m\u00eddia, pol\u00edticos, artistas, sociedade civil. urgente barr\u00e1-los\u201d<br \/>\nS\u00e2mia Bomfim (PSol-SP), deputada federal<\/p>\n<p>\u201c\u2018Integralistas\u2019 usando armas de black blocs, bandeira imperial (os integralistas brasileiros s\u00e3o republicanos) e soltando chav\u00f5es de milit\u00e2ncia comunista contra o \u2018grande capital\u2019, a \u2018burguesia\u2019 e a favor do \u2018justi\u00e7amento revolucion\u00e1rio\u2019. Aham\u2026\u201d<br \/>\nCarla Zambelli (PSL-SP), deputada federal<\/p><\/blockquote>\n","protected":false},"excerpt":{"rendered":"<p>Coluna Eixo Capital \/ Por Alexandre de Paula A alegria das categorias com a assinatura da medida provis\u00f3ria que previa aumento para policiais e bombeiros do DF \u2014 anunciada como um presente de Natal para as corpora\u00e7\u00f5es \u2014 durou pouco. O recuo do presidente Jair Bolsonaro ontem azedou a festa. Isso porque a tramita\u00e7\u00e3o de [&hellip;]<\/p>\n","protected":false},"author":75,"featured_media":6580,"comment_status":"open","ping_status":"closed","sticky":false,"template":"","format":"standard","meta":{"wpb_read_more":[],"footnotes":""},"categories":[234,6],"tags":[763,1538,1443,288],"class_list":["post-17209","post","type-post","status-publish","format-standard","has-post-thumbnail","hentry","category-cb-poder","category-noticias","tag-bombeiros","tag-militares","tag-policiais","tag-reajuste"],"_links":{"self":[{"href":"https:\/\/blogs2.correiobraziliense.com.br\/cbpoder\/wp-json\/wp\/v2\/posts\/17209","targetHints":{"allow":["GET"]}}],"collection":[{"href":"https:\/\/blogs2.correiobraziliense.com.br\/cbpoder\/wp-json\/wp\/v2\/posts"}],"about":[{"href":"https:\/\/blogs2.correiobraziliense.com.br\/cbpoder\/wp-json\/wp\/v2\/types\/post"}],"author":[{"embeddable":true,"href":"https:\/\/blogs2.correiobraziliense.com.br\/cbpoder\/wp-json\/wp\/v2\/users\/75"}],"replies":[{"embeddable":true,"href":"https:\/\/blogs2.correiobraziliense.com.br\/cbpoder\/wp-json\/wp\/v2\/comments?post=17209"}],"version-history":[{"count":1,"href":"https:\/\/blogs2.correiobraziliense.com.br\/cbpoder\/wp-json\/wp\/v2\/posts\/17209\/revisions"}],"predecessor-version":[{"id":17210,"href":"https:\/\/blogs2.correiobraziliense.com.br\/cbpoder\/wp-json\/wp\/v2\/posts\/17209\/revisions\/17210"}],"wp:featuredmedia":[{"embeddable":true,"href":"https:\/\/blogs2.correiobraziliense.com.br\/cbpoder\/wp-json\/wp\/v2\/media\/6580"}],"wp:attachment":[{"href":"https:\/\/blogs2.correiobraziliense.com.br\/cbpoder\/wp-json\/wp\/v2\/media?parent=17209"}],"wp:term":[{"taxonomy":"category","embeddable":true,"href":"https:\/\/blogs2.correiobraziliense.com.br\/cbpoder\/wp-json\/wp\/v2\/categories?post=17209"},{"taxonomy":"post_tag","embeddable":true,"href":"https:\/\/blogs2.correiobraziliense.com.br\/cbpoder\/wp-json\/wp\/v2\/tags?post=17209"}],"curies":[{"name":"wp","href":"https:\/\/api.w.org\/{rel}","templated":true}]}}