{"id":17212,"date":"2019-12-29T10:12:59","date_gmt":"2019-12-29T13:12:59","guid":{"rendered":"https:\/\/blogs2.correiobraziliense.com.br\/cbpoder\/?p=17212"},"modified":"2019-12-29T10:12:59","modified_gmt":"2019-12-29T13:12:59","slug":"deputados-federais-do-df-apresentaram-163-projetos-em-2019","status":"publish","type":"post","link":"https:\/\/blogs2.correiobraziliense.com.br\/cbpoder\/deputados-federais-do-df-apresentaram-163-projetos-em-2019\/","title":{"rendered":"Deputados federais do DF apresentaram 163 projetos em 2019"},"content":{"rendered":"<p>Eixo Capital\/\/ por Alexandre de Paula<\/p>\n<p>No primeiro ano da nova legislatura, os deputados federais da capital apresentaram 163 projetos de lei. Cento e cinquenta e seis deles continuam em tramita\u00e7\u00e3o e um \u2014 de autoria de Paula Belmonte (Cidadania) \u2014 foi aprovado. O n\u00famero \u00e9 mais do que o dobro dos PLs protocolados pelos parlamentares do DF em 2018, quando houve 76 iniciativas do tipo. A quantidade maior explica-se em parte pela alta taxa de renova\u00e7\u00e3o na C\u00e2mara \u2014 apenas Erika Kokay (PT) se manteve na Casa \u2014 e pela tradi\u00e7\u00e3o de que os legisladores apresentam n\u00famero maior de PLs no come\u00e7o do mandato e depois trabalham pela aprova\u00e7\u00e3o. Em 2015, no in\u00edcio da legislatura anterior, foram 223 proposi\u00e7\u00f5es assim.<\/p>\n<h3>Tom ameno<\/h3>\n<p>A rea\u00e7\u00e3o do governador Ibaneis Rocha (MDB) ao recuo de Bolsonaro na edi\u00e7\u00e3o da medida provis\u00f3ria com aumento para policiais e bombeiros do Distrito Federal foi amena. O emedebista, que deu declara\u00e7\u00f5es explosivas ao longo do ano, preferiu manter postura cordial e destacar \u201co interesse e a parceria do presidente\u201d. Recentemente, o chefe do Pal\u00e1cio do Buriti fez elogios a Bolsonaro e revelou, em entrevista ao Correio, que votou nele nas elei\u00e7\u00f5es de 2018.<\/p>\n<p><strong>A pergunta que n\u00e3o quer calar\u2026.<\/strong><br \/>\nDiante de toda a novela, o reajuste para as for\u00e7as de seguran\u00e7a do Distrito Federal realmente sair\u00e1 do papel?<\/p>\n<p><strong>Foco em obras<\/strong><br \/>\nNas \u00faltimas declara\u00e7\u00f5es do ano, o governador Ibaneis Rocha (MDB) deixou claro que o investimento em infraestrutura e obras ser\u00e1 a prioridade do Governo do Distrito Federal em 2020. A inten\u00e7\u00e3o \u00e9 tocar mais de 50 a\u00e7\u00f5es do tipo ao longo de 2020. Transformando o Distrito Federal em um grande canteiro de obras, a ideia \u00e9 mostrar uma cidade em movimento e conquistar a confian\u00e7a e o apoio do eleitorado, estrat\u00e9gia corriqueira no mundo pol\u00edtico.<\/p>\n<p><strong>Projetos<\/strong><br \/>\nIbaneis bateu recentemente no ponto de que o Distrito Federal \u00e9 carente de projetos. Segundo a avalia\u00e7\u00e3o do emedebista e da equipe do GDF, os governos anteriores falharam na elabora\u00e7\u00e3o de estudos para viabilizar iniciativas e isso atrasou o andamento de diversas obras e a\u00e7\u00f5es que poderiam ter sa\u00eddo do papel. O governador garante que a produ\u00e7\u00e3o dos projetos tamb\u00e9m se tornou prioridade.<\/p>\n<h3>Esfor\u00e7o para receber multas<\/h3>\n<p>O Minist\u00e9rio P\u00fablico de Contas do Distrito Federal e a Procuradoria-Geral do DF come\u00e7aram a atuar em parceria para a inscri\u00e7\u00e3o de devedores de multas aplicadas pelo Tribunal de Contas do DF no cadastro de inadimplentes do Serasa. O valor da d\u00edvida atualizada \u00e9 de cerca de R$ 10 milh\u00f5es.<\/p>\n<h3>\nJantar com os chefs<\/h3>\n<p>O governador Ibaneis Rocha se reuniu, na sexta-feira, com chefs que participaram do projeto Nosso Natal e ficaram respons\u00e1veis pelas refei\u00e7\u00f5es dos restaurantes comunit\u00e1rios em 21 de dezembro. O encontro ocorreu na casa do emedebista e foi um agradecimento pelo apoio na iniciativa. No card\u00e1pio, carneiro e leit\u00e3o.<\/p>\n<h3>S\u00f3 papos<\/h3>\n<p>\u201cLeio na lei de cria\u00e7\u00e3o do juiz de garantias que, nas comarcas com um juiz apenas (40% do total), ser\u00e1 feito um \u2018rod\u00edzio de magistrados\u2019 para resolver a necessidade de outro juiz. Para mim \u00e9 um mist\u00e9rio o que esse &#8220;rod\u00edzio&#8221; significa. Tenho d\u00favidas se algu\u00e9m sabe a resposta\u201d<\/p>\n<p><strong>Sergio Moro, ministro da Justi\u00e7a<\/strong><\/p>\n<p>\u201cMinistro Moro expressa seu descontentamento com o juiz de garantias do presidente Bolsonaro pela palavra \u2018mist\u00e9rio\u2019. Em pol\u00edtica, n\u00e3o h\u00e1 mist\u00e9rio. H\u00e1 trai\u00e7\u00e3o\u201d<\/p>\n<p><strong>Debora Diniz, pesquisadora e ativista<\/strong><\/p>\n<p><strong>Mandou mal<\/strong> &#8211;\u00a0Presidente Jair Bolsonaro ao assinar medida provis\u00f3ria com o aumento para for\u00e7as de seguran\u00e7a do DF sem a devida an\u00e1lise da equipe econ\u00f4mica e depois voltar atr\u00e1s<\/p>\n<p><strong>Mandou bem<\/strong> &#8211;\u00a0O com\u00e9rcio do DF, que teve o melhor Natal dos \u00faltimos cinco anos em 2019<\/p>\n","protected":false},"excerpt":{"rendered":"<p>Deputados federais do DF apresentaram 163 projetos em 2019<\/p>\n","protected":false},"author":75,"featured_media":17213,"comment_status":"open","ping_status":"closed","sticky":false,"template":"","format":"standard","meta":{"wpb_read_more":[],"footnotes":""},"categories":[234],"tags":[1143,1046,966,244],"class_list":["post-17212","post","type-post","status-publish","format-standard","has-post-thumbnail","hentry","category-cb-poder","tag-bolsonaro","tag-deputados-federais","tag-ibaneis","tag-projetos"],"_links":{"self":[{"href":"https:\/\/blogs2.correiobraziliense.com.br\/cbpoder\/wp-json\/wp\/v2\/posts\/17212","targetHints":{"allow":["GET"]}}],"collection":[{"href":"https:\/\/blogs2.correiobraziliense.com.br\/cbpoder\/wp-json\/wp\/v2\/posts"}],"about":[{"href":"https:\/\/blogs2.correiobraziliense.com.br\/cbpoder\/wp-json\/wp\/v2\/types\/post"}],"author":[{"embeddable":true,"href":"https:\/\/blogs2.correiobraziliense.com.br\/cbpoder\/wp-json\/wp\/v2\/users\/75"}],"replies":[{"embeddable":true,"href":"https:\/\/blogs2.correiobraziliense.com.br\/cbpoder\/wp-json\/wp\/v2\/comments?post=17212"}],"version-history":[{"count":1,"href":"https:\/\/blogs2.correiobraziliense.com.br\/cbpoder\/wp-json\/wp\/v2\/posts\/17212\/revisions"}],"predecessor-version":[{"id":17214,"href":"https:\/\/blogs2.correiobraziliense.com.br\/cbpoder\/wp-json\/wp\/v2\/posts\/17212\/revisions\/17214"}],"wp:featuredmedia":[{"embeddable":true,"href":"https:\/\/blogs2.correiobraziliense.com.br\/cbpoder\/wp-json\/wp\/v2\/media\/17213"}],"wp:attachment":[{"href":"https:\/\/blogs2.correiobraziliense.com.br\/cbpoder\/wp-json\/wp\/v2\/media?parent=17212"}],"wp:term":[{"taxonomy":"category","embeddable":true,"href":"https:\/\/blogs2.correiobraziliense.com.br\/cbpoder\/wp-json\/wp\/v2\/categories?post=17212"},{"taxonomy":"post_tag","embeddable":true,"href":"https:\/\/blogs2.correiobraziliense.com.br\/cbpoder\/wp-json\/wp\/v2\/tags?post=17212"}],"curies":[{"name":"wp","href":"https:\/\/api.w.org\/{rel}","templated":true}]}}