{"id":17240,"date":"2020-01-05T08:58:32","date_gmt":"2020-01-05T11:58:32","guid":{"rendered":"https:\/\/blogs2.correiobraziliense.com.br\/cbpoder\/?p=17240"},"modified":"2020-01-05T08:58:32","modified_gmt":"2020-01-05T11:58:32","slug":"reajuste-para-policias-do-df-deve-sair-em-abril-preve-izalci","status":"publish","type":"post","link":"https:\/\/blogs2.correiobraziliense.com.br\/cbpoder\/reajuste-para-policias-do-df-deve-sair-em-abril-preve-izalci\/","title":{"rendered":"Reajuste para pol\u00edcias do DF deve sair em abril, prev\u00ea Izalci"},"content":{"rendered":"<h6><strong>Coluna Eixo Capital\/Por Alexandre de Paula<\/strong><\/h6>\n<p><em><strong>\u00c0 QUEIMA-ROUPA <\/strong><\/em><br \/>\nIzalci Lucas (PSDB-DF), senador<\/p>\n<p><strong>O nome do senhor foi cotado antes e continua em evid\u00eancia para o Minist\u00e9rio da Educa\u00e7\u00e3o, com os questionamentos sobre o ministro Abraham Weintraub. O senhor foi sondado de fato para o cargo?<\/strong><\/p>\n<p>Tem muita conversa e especula\u00e7\u00e3o nesse assunto. Mas, evidentemente, tem tamb\u00e9m muita gente torcendo e falando. Num primeiro momento, deputados e senadores da frente evang\u00e9lica e das bancadas de Ci\u00eancia e Tecnologia e Educa\u00e7\u00e3o falaram comigo, mas n\u00e3o houve nenhum coment\u00e1rio por parte do presidente e \u00e9 ele quem decide isso.<\/p>\n<p><strong>Mas o senhor aceitaria, se houvesse o convite oficial?<\/strong><\/p>\n<p>Olha, eu estou na vida p\u00fablica por causa da educa\u00e7\u00e3o, foi ela que me fez entrar na pol\u00edtica. Se eu tivesse liberdade de fazer o que acho necess\u00e1rio, n\u00e3o teria nenhuma dificuldade em aceitar. Mas precisa haver um convite na pr\u00e1tica, at\u00e9 agora, \u00e9 s\u00f3 especula\u00e7\u00e3o. E isso n\u00e3o \u00e9 uma reivindica\u00e7\u00e3o minha, algo que eu esteja em busca. Mas \u00e9 um desafio que eu aceitaria se tivesse liberdade.<\/p>\n<p><strong>Que dire\u00e7\u00e3o o senhor seguiria se assumisse?<\/strong><\/p>\n<p>A gente tem de fazer investimentos em tecnologia, em banda larga, n\u00e3o tem como fazer educa\u00e7\u00e3o sem isso. O modelo tradicional tem de mudar, porque est\u00e1 falido. Tamb\u00e9m \u00e9 preciso pensar em educa\u00e7\u00e3o profissional de uma forma mais ampla. T\u00eam as quest\u00f5es das avalia\u00e7\u00f5es que precisam ser revistas. Precisamos investir em educa\u00e7\u00e3o infantil para j\u00e1 resolver, porque a solu\u00e7\u00e3o come\u00e7a l\u00e1. Investimento em educa\u00e7\u00e3o. Tem que ver a que liberdade. N\u00e3o \u00e9 algo que trabalho para ser convidado, mas fico feliz de que meu nome seja lembrado.<\/p>\n<p><strong>Que avalia\u00e7\u00e3o o senhor faz da educa\u00e7\u00e3o no primeiro ano do presidente Jair Bolsonaro?<\/strong><\/p>\n<p>Tem medidas positivas, mas a forma como elas foram tocadas \u00e9 negativa. H\u00e1 uma s\u00e9rie de coisas que n\u00e3o foram feitas, mas \u00e9 preciso ver o jeito de se realizar. Tudo deve ser feito sem atropelar. Ent\u00e3o, o problema est\u00e1 na forma mesmo, e n\u00e3o nas a\u00e7\u00f5es. O Future-se, por exemplo, \u00e9 um projeto maravilhoso, mas foi muito mal apresentado.<\/p>\n<p><strong>O senhor \u00e9 um dos \u00fanicos parlamentares da bancada no Congresso com um posicionamento mais forte em rela\u00e7\u00e3o ao governo Ibaneis. Est\u00e1 nos planos tentar o Buriti?<\/strong><\/p>\n<p>O que eu tenho colocado at\u00e9 para a equipe do governador \u00e9 que a gente n\u00e3o deveria antecipar as elei\u00e7\u00f5es. \u00c9 ruim para a cidade. Ele antecipou e disse que vai para a reelei\u00e7\u00e3o, em entrevista ao Correio. Eu acho que isso \u00e9 ruim para o DF e atrapalha o processo. \u00c0s vezes, diante disso, as pessoas colocam dificuldade em receber ajuda pensando nessa quest\u00e3o eleitoral. O que eu quero \u00e9 ajudar o DF, e nunca se colocou tantos recursos federais no DF quanto agora.<\/p>\n<p><strong>O presidente Bolsonaro assinou o PLN com o reajuste para as for\u00e7as de seguran\u00e7a. Haver\u00e1 muita resist\u00eancia no Congresso? Quando deve sair na pr\u00e1tica?<\/strong><\/p>\n<p>Eu acho que n\u00e3o. Precisamos ter jeito. Apesar de o governo n\u00e3o ter mandado para c\u00e1, n\u00f3s aprovamos a mudan\u00e7a da Pol\u00edcia Civil na LDO, ainda no ano passado. A PCDF estava com tudo isso aprovado. Faltavam PM e Bombeiros. N\u00f3s vamos trabalhar pela aprova\u00e7\u00e3o r\u00e1pida, mas a Comiss\u00e3o Mista do Or\u00e7amento deve ser montada no fim de mar\u00e7o. A\u00ed, \u00e9 preciso aprovar na Comiss\u00e3o e depois ir para o plen\u00e1rio. A previs\u00e3o \u00e9 para abril. N\u00e3o tem como fazer antes.<\/p>\n","protected":false},"excerpt":{"rendered":"<p>Coluna Eixo Capital\/Por Alexandre de Paula \u00c0 QUEIMA-ROUPA Izalci Lucas (PSDB-DF), senador O nome do senhor foi cotado antes e continua em evid\u00eancia para o Minist\u00e9rio da Educa\u00e7\u00e3o, com os questionamentos sobre o ministro Abraham Weintraub. O senhor foi sondado de fato para o cargo? Tem muita conversa e especula\u00e7\u00e3o nesse assunto. Mas, evidentemente, tem [&hellip;]<\/p>\n","protected":false},"author":75,"featured_media":14927,"comment_status":"open","ping_status":"closed","sticky":false,"template":"","format":"standard","meta":{"wpb_read_more":[],"footnotes":""},"categories":[234],"tags":[],"class_list":["post-17240","post","type-post","status-publish","format-standard","has-post-thumbnail","hentry","category-cb-poder"],"_links":{"self":[{"href":"https:\/\/blogs2.correiobraziliense.com.br\/cbpoder\/wp-json\/wp\/v2\/posts\/17240","targetHints":{"allow":["GET"]}}],"collection":[{"href":"https:\/\/blogs2.correiobraziliense.com.br\/cbpoder\/wp-json\/wp\/v2\/posts"}],"about":[{"href":"https:\/\/blogs2.correiobraziliense.com.br\/cbpoder\/wp-json\/wp\/v2\/types\/post"}],"author":[{"embeddable":true,"href":"https:\/\/blogs2.correiobraziliense.com.br\/cbpoder\/wp-json\/wp\/v2\/users\/75"}],"replies":[{"embeddable":true,"href":"https:\/\/blogs2.correiobraziliense.com.br\/cbpoder\/wp-json\/wp\/v2\/comments?post=17240"}],"version-history":[{"count":1,"href":"https:\/\/blogs2.correiobraziliense.com.br\/cbpoder\/wp-json\/wp\/v2\/posts\/17240\/revisions"}],"predecessor-version":[{"id":17241,"href":"https:\/\/blogs2.correiobraziliense.com.br\/cbpoder\/wp-json\/wp\/v2\/posts\/17240\/revisions\/17241"}],"wp:featuredmedia":[{"embeddable":true,"href":"https:\/\/blogs2.correiobraziliense.com.br\/cbpoder\/wp-json\/wp\/v2\/media\/14927"}],"wp:attachment":[{"href":"https:\/\/blogs2.correiobraziliense.com.br\/cbpoder\/wp-json\/wp\/v2\/media?parent=17240"}],"wp:term":[{"taxonomy":"category","embeddable":true,"href":"https:\/\/blogs2.correiobraziliense.com.br\/cbpoder\/wp-json\/wp\/v2\/categories?post=17240"},{"taxonomy":"post_tag","embeddable":true,"href":"https:\/\/blogs2.correiobraziliense.com.br\/cbpoder\/wp-json\/wp\/v2\/tags?post=17240"}],"curies":[{"name":"wp","href":"https:\/\/api.w.org\/{rel}","templated":true}]}}