{"id":17311,"date":"2020-01-21T15:57:03","date_gmt":"2020-01-21T18:57:03","guid":{"rendered":"https:\/\/blogs2.correiobraziliense.com.br\/cbpoder\/?p=17311"},"modified":"2020-01-21T15:57:03","modified_gmt":"2020-01-21T18:57:03","slug":"stj-torna-definitiva-condenacao-de-agnelo-em-caso-do-centrad","status":"publish","type":"post","link":"https:\/\/blogs2.correiobraziliense.com.br\/cbpoder\/stj-torna-definitiva-condenacao-de-agnelo-em-caso-do-centrad\/","title":{"rendered":"STJ torna definitiva condena\u00e7\u00e3o de Agnelo em caso do Centrad"},"content":{"rendered":"<p>O Superior Tribunal de Justi\u00e7a (STJ) confirmou senten\u00e7a proferida pela 7\u00aa Vara de Fazenda P\u00fablica do Distrito Federal que condenou o ex-governador Agnelo Queiroz (PT) e o ex-administrador regional de Taguatinga Anaximenes Vale dos Santos por improbidade administrativa no caso da inaugura\u00e7\u00e3o do Centro Administrativo do DF (Centrad).<\/p>\n<p>Com a confirma\u00e7\u00e3o do STJ, a senten\u00e7a \u00e9 definitiva e n\u00e3o pode ser mais alvo de recursos. Agnelo foi condenado \u00e0 suspens\u00e3o dos direitos pol\u00edticos, al\u00e9m de multa e indeniza\u00e7\u00e3o de R$ 1 milh\u00e3o. O ex-administrador tamb\u00e9m teve os direitos pol\u00edticos suspensos e dever\u00e1 pagar multa e indeniza\u00e7\u00e3o de R$ 500 mil.<\/p>\n<p>A a\u00e7\u00e3o foi movida pelo Minist\u00e9rio P\u00fablico do Distrito Federal e Territ\u00f3rios (MPDFT). O MP acusou o ex-governador de ter editado um decreto para beneficiar o cons\u00f3rcio formado para a constru\u00e7\u00e3o do Centrad.<\/p>\n<p>O decreto, segundo o MPDFT, acabou com as exig\u00eancias de laudo de conformidade e do relat\u00f3rio de impacto de tr\u00e2nsito. Os documentos, de acordo com a a\u00e7\u00e3o, eram imprescind\u00edveis para a emiss\u00e3o do Habite-se, que permitiria a ocupa\u00e7\u00e3o do empreendimento.<\/p>\n<p>Depois da decis\u00e3o do STJ, o processo voltou para o Tribunal de Justi\u00e7a do Distrito Federal e dos Territ\u00f3rios (TJDFT) e espera aprova\u00e7\u00e3o do MPDFT para o come\u00e7o da fase de cumprimento de senten\u00e7a.<\/p>\n<p>O <strong>Correio<\/strong> tenta contato com a defesa do ex-governador e do ex-administrador.<\/p>\n","protected":false},"excerpt":{"rendered":"<p>O Superior Tribunal de Justi\u00e7a (STJ) confirmou senten\u00e7a proferida pela 7\u00aa Vara de Fazenda P\u00fablica do Distrito Federal que condenou o ex-governador Agnelo Queiroz (PT) e o ex-administrador regional de Taguatinga Anaximenes Vale dos Santos por improbidade administrativa no caso da inaugura\u00e7\u00e3o do Centro Administrativo do DF (Centrad). Com a confirma\u00e7\u00e3o do STJ, a senten\u00e7a [&hellip;]<\/p>\n","protected":false},"author":75,"featured_media":14906,"comment_status":"open","ping_status":"closed","sticky":false,"template":"","format":"standard","meta":{"wpb_read_more":[],"footnotes":""},"categories":[6],"tags":[144,622,1334,215],"class_list":["post-17311","post","type-post","status-publish","format-standard","has-post-thumbnail","hentry","category-noticias","tag-agnelo","tag-centrad","tag-condenacao","tag-stj"],"_links":{"self":[{"href":"https:\/\/blogs2.correiobraziliense.com.br\/cbpoder\/wp-json\/wp\/v2\/posts\/17311","targetHints":{"allow":["GET"]}}],"collection":[{"href":"https:\/\/blogs2.correiobraziliense.com.br\/cbpoder\/wp-json\/wp\/v2\/posts"}],"about":[{"href":"https:\/\/blogs2.correiobraziliense.com.br\/cbpoder\/wp-json\/wp\/v2\/types\/post"}],"author":[{"embeddable":true,"href":"https:\/\/blogs2.correiobraziliense.com.br\/cbpoder\/wp-json\/wp\/v2\/users\/75"}],"replies":[{"embeddable":true,"href":"https:\/\/blogs2.correiobraziliense.com.br\/cbpoder\/wp-json\/wp\/v2\/comments?post=17311"}],"version-history":[{"count":1,"href":"https:\/\/blogs2.correiobraziliense.com.br\/cbpoder\/wp-json\/wp\/v2\/posts\/17311\/revisions"}],"predecessor-version":[{"id":17312,"href":"https:\/\/blogs2.correiobraziliense.com.br\/cbpoder\/wp-json\/wp\/v2\/posts\/17311\/revisions\/17312"}],"wp:featuredmedia":[{"embeddable":true,"href":"https:\/\/blogs2.correiobraziliense.com.br\/cbpoder\/wp-json\/wp\/v2\/media\/14906"}],"wp:attachment":[{"href":"https:\/\/blogs2.correiobraziliense.com.br\/cbpoder\/wp-json\/wp\/v2\/media?parent=17311"}],"wp:term":[{"taxonomy":"category","embeddable":true,"href":"https:\/\/blogs2.correiobraziliense.com.br\/cbpoder\/wp-json\/wp\/v2\/categories?post=17311"},{"taxonomy":"post_tag","embeddable":true,"href":"https:\/\/blogs2.correiobraziliense.com.br\/cbpoder\/wp-json\/wp\/v2\/tags?post=17311"}],"curies":[{"name":"wp","href":"https:\/\/api.w.org\/{rel}","templated":true}]}}