{"id":17340,"date":"2020-01-24T15:20:48","date_gmt":"2020-01-24T18:20:48","guid":{"rendered":"https:\/\/blogs2.correiobraziliense.com.br\/cbpoder\/?p=17340"},"modified":"2020-01-24T15:21:31","modified_gmt":"2020-01-24T18:21:31","slug":"ibaneis-volta-a-declarar-situacao-de-emergencia-na-saude-publica","status":"publish","type":"post","link":"https:\/\/blogs2.correiobraziliense.com.br\/cbpoder\/ibaneis-volta-a-declarar-situacao-de-emergencia-na-saude-publica\/","title":{"rendered":"Ibaneis volta a declarar situa\u00e7\u00e3o de emerg\u00eancia na sa\u00fade p\u00fablica"},"content":{"rendered":"<h5>AGATHA GONZAGA<\/h5>\n<p>O governador Ibaneis Rocha (MDB) vai declarar novamente estado de emerg\u00eancia na sa\u00fade. O decreto j\u00e1 assinado, a que o <strong>Correio<\/strong> teve acesso, deve ser publicado nesta sexta-feira (24\/1). No texto, o chefe do executivo prev\u00ea que a medida tenha dura\u00e7\u00e3o de 180 dias em raz\u00e3o do risco de epidemia de dengue, de febre amarela e da poss\u00edvel introdu\u00e7\u00e3o dos v\u00edrus Zika e Chikungunya no DF.<\/p>\n<p>Com o decreto, o governador autorizou tamb\u00e9m a contrata\u00e7\u00e3o de pessoal, al\u00e9m da compra de insumos e ado\u00e7\u00e3o de medidas para a conten\u00e7\u00e3o das doen\u00e7as. Em uma parte do documento, o GDF passa \u00e0 Secretaria de Sa\u00fade a responsabilidade para elaborar diretrizes para o per\u00edodo emergencial.<\/p>\n<h4>Decreto anterior<\/h4>\n<p>No ano passado, o governador Ibaneis Rocha (MDB) <a href=\"https:\/\/www.correiobraziliense.com.br\/app\/noticia\/cidades\/2019\/01\/07\/interna_cidadesdf,729369\/ibaneis-rocha-assina-decreto-e-declara-estado-de-emergencia-na-saude.shtml\">tamb\u00e9m assinou decreto<\/a> que declarava estado de emerg\u00eancia na sa\u00fade do DF. O ato ocorreu, em 7 de janeiro, no lan\u00e7amento do programa SOS Sa\u00fade no Hospital de Base e foi uma das primeiras a\u00e7\u00f5es do emedebista no setor.<\/p>\n<p>Com a medida, o governo ficou autorizado a adquirir medicamentos e insumos sem licita\u00e7\u00e3o, convocar concursados, contratar servidores e estender cargas hor\u00e1rias de trabalho. O decreto se justificava, segundo a equipe do governador, pela gravidade da situa\u00e7\u00e3o, que poderia aumentar o n\u00famero de mortes no DF.<\/p>\n","protected":false},"excerpt":{"rendered":"<p>AGATHA GONZAGA O governador Ibaneis Rocha (MDB) vai declarar novamente estado de emerg\u00eancia na sa\u00fade. O decreto j\u00e1 assinado, a que o Correio teve acesso, deve ser publicado nesta sexta-feira (24\/1). No texto, o chefe do executivo prev\u00ea que a medida tenha dura\u00e7\u00e3o de 180 dias em raz\u00e3o do risco de epidemia de dengue, de [&hellip;]<\/p>\n","protected":false},"author":75,"featured_media":14934,"comment_status":"open","ping_status":"closed","sticky":false,"template":"","format":"standard","meta":{"wpb_read_more":[],"footnotes":""},"categories":[234,6],"tags":[432,2066,966,138],"class_list":["post-17340","post","type-post","status-publish","format-standard","has-post-thumbnail","hentry","category-cb-poder","category-noticias","tag-decreto","tag-emergencia","tag-ibaneis","tag-saude"],"_links":{"self":[{"href":"https:\/\/blogs2.correiobraziliense.com.br\/cbpoder\/wp-json\/wp\/v2\/posts\/17340","targetHints":{"allow":["GET"]}}],"collection":[{"href":"https:\/\/blogs2.correiobraziliense.com.br\/cbpoder\/wp-json\/wp\/v2\/posts"}],"about":[{"href":"https:\/\/blogs2.correiobraziliense.com.br\/cbpoder\/wp-json\/wp\/v2\/types\/post"}],"author":[{"embeddable":true,"href":"https:\/\/blogs2.correiobraziliense.com.br\/cbpoder\/wp-json\/wp\/v2\/users\/75"}],"replies":[{"embeddable":true,"href":"https:\/\/blogs2.correiobraziliense.com.br\/cbpoder\/wp-json\/wp\/v2\/comments?post=17340"}],"version-history":[{"count":2,"href":"https:\/\/blogs2.correiobraziliense.com.br\/cbpoder\/wp-json\/wp\/v2\/posts\/17340\/revisions"}],"predecessor-version":[{"id":17342,"href":"https:\/\/blogs2.correiobraziliense.com.br\/cbpoder\/wp-json\/wp\/v2\/posts\/17340\/revisions\/17342"}],"wp:featuredmedia":[{"embeddable":true,"href":"https:\/\/blogs2.correiobraziliense.com.br\/cbpoder\/wp-json\/wp\/v2\/media\/14934"}],"wp:attachment":[{"href":"https:\/\/blogs2.correiobraziliense.com.br\/cbpoder\/wp-json\/wp\/v2\/media?parent=17340"}],"wp:term":[{"taxonomy":"category","embeddable":true,"href":"https:\/\/blogs2.correiobraziliense.com.br\/cbpoder\/wp-json\/wp\/v2\/categories?post=17340"},{"taxonomy":"post_tag","embeddable":true,"href":"https:\/\/blogs2.correiobraziliense.com.br\/cbpoder\/wp-json\/wp\/v2\/tags?post=17340"}],"curies":[{"name":"wp","href":"https:\/\/api.w.org\/{rel}","templated":true}]}}