{"id":17365,"date":"2020-01-29T07:29:45","date_gmt":"2020-01-29T10:29:45","guid":{"rendered":"https:\/\/blogs2.correiobraziliense.com.br\/cbpoder\/?p=17365"},"modified":"2020-01-29T07:29:45","modified_gmt":"2020-01-29T10:29:45","slug":"brasilia-e-um-dos-destinos-mais-baratos-no-carnaval","status":"publish","type":"post","link":"https:\/\/blogs2.correiobraziliense.com.br\/cbpoder\/brasilia-e-um-dos-destinos-mais-baratos-no-carnaval\/","title":{"rendered":"Bras\u00edlia \u00e9 um dos destinos mais baratos no carnaval"},"content":{"rendered":"<h6><strong>Coluna Eixo Capital\/Por Ana Maria Campos<\/strong><\/h6>\n<p>Bras\u00edlia est\u00e1 em 2\u00ba lugar na lista de destinos mais em conta nos valores de passagem e hospedagem para os dias de carnaval, segundo levantamento da Secretaria de Turismo em sites de busca de viagens. O pre\u00e7o m\u00e9dio final de Bras\u00edlia, que inclui as passagens de ida e volta e as di\u00e1rias para seis dias, ficou em R$ 665. A capital federal ficou atr\u00e1s apenas de S\u00e3o Paulo, com valor m\u00e9dio de R$ 608. A pesquisa foi feita com voos entre 21 e 26 de fevereiro, saindo de todos os aeroportos do pa\u00eds e com destino a qualquer cidade do mundo. Foram considerados na busca os hot\u00e9is tr\u00eas estrelas que incluem caf\u00e9 da manh\u00e3, estacionamento e rede wi-fi.<\/p>\n<h2>\n<strong>Pa\u00eds em folia<\/strong><\/h2>\n<p>Marchinhas do pr\u00f3ximo carnaval: dengue, sexo na adolesc\u00eancia proibido pela ministra Damares Alves, Fraga x Moro e Vaza-Jato.<\/p>\n<h2><strong>Lua de mel com a classe art\u00edstica<\/strong><\/h2>\n<p>O desastre da gest\u00e3o anterior na Secretaria de Cultura tem sido um trunfo para o atual titular da pasta, o jornalista Bartolomeu Rodrigues, que se tornou a esperan\u00e7a da classe art\u00edstica no DF. No fim de semana, ele foi assistir, sem avisar a ningu\u00e9m, a encena\u00e7\u00e3o do Barbeiro de Sevilha, no Espa\u00e7o Cultural Renato Russo, na 508 Sul. No final, sentado no fund\u00e3o, ele foi reconhecido e chamado para uma foto com o elenco.<\/p>\n<h2><strong>Carimbando o passaporte<\/strong><\/h2>\n<p>A Casa Civil do DF gastou R$ 139.559,23 em 2019 com di\u00e1rias para viagens ao exterior. Entre 2015 e 2018, essa despesa somou R$ 37.886,63. O levantamento \u00e9 do gabinete do deputado Chico Vigilante (PT).<\/p>\n<h2><strong>A pergunta que n\u00e3o quer calar\u2026.<\/strong><\/h2>\n<p>Se for preciso, o Brasil estar\u00e1 preparado para enfrentar uma pandemia de coronav\u00edrus?<\/p>\n<h2><strong><em>Siga o dinheiro<\/em><\/strong><\/h2>\n<p>R$ 3.501.478.311,43<\/p>\n<p>\u00c9 o montante depositado no Fundo Solid\u00e1rio Garantidor do Iprev-DF, ou seja, os recursos que garantem as aposentadorias dos servidores do GDF.<\/p>\n","protected":false},"excerpt":{"rendered":"<p>Coluna Eixo Capital\/Por Ana Maria Campos Bras\u00edlia est\u00e1 em 2\u00ba lugar na lista de destinos mais em conta nos valores de passagem e hospedagem para os dias de carnaval, segundo levantamento da Secretaria de Turismo em sites de busca de viagens. O pre\u00e7o m\u00e9dio final de Bras\u00edlia, que inclui as passagens de ida e volta [&hellip;]<\/p>\n","protected":false},"author":9,"featured_media":17367,"comment_status":"open","ping_status":"closed","sticky":false,"template":"","format":"standard","meta":{"wpb_read_more":[],"footnotes":""},"categories":[234],"tags":[2049,1058],"class_list":["post-17365","post","type-post","status-publish","format-standard","has-post-thumbnail","hentry","category-cb-poder","tag-bartolomeu-rodrigues","tag-carnaval"],"_links":{"self":[{"href":"https:\/\/blogs2.correiobraziliense.com.br\/cbpoder\/wp-json\/wp\/v2\/posts\/17365","targetHints":{"allow":["GET"]}}],"collection":[{"href":"https:\/\/blogs2.correiobraziliense.com.br\/cbpoder\/wp-json\/wp\/v2\/posts"}],"about":[{"href":"https:\/\/blogs2.correiobraziliense.com.br\/cbpoder\/wp-json\/wp\/v2\/types\/post"}],"author":[{"embeddable":true,"href":"https:\/\/blogs2.correiobraziliense.com.br\/cbpoder\/wp-json\/wp\/v2\/users\/9"}],"replies":[{"embeddable":true,"href":"https:\/\/blogs2.correiobraziliense.com.br\/cbpoder\/wp-json\/wp\/v2\/comments?post=17365"}],"version-history":[{"count":1,"href":"https:\/\/blogs2.correiobraziliense.com.br\/cbpoder\/wp-json\/wp\/v2\/posts\/17365\/revisions"}],"predecessor-version":[{"id":17368,"href":"https:\/\/blogs2.correiobraziliense.com.br\/cbpoder\/wp-json\/wp\/v2\/posts\/17365\/revisions\/17368"}],"wp:featuredmedia":[{"embeddable":true,"href":"https:\/\/blogs2.correiobraziliense.com.br\/cbpoder\/wp-json\/wp\/v2\/media\/17367"}],"wp:attachment":[{"href":"https:\/\/blogs2.correiobraziliense.com.br\/cbpoder\/wp-json\/wp\/v2\/media?parent=17365"}],"wp:term":[{"taxonomy":"category","embeddable":true,"href":"https:\/\/blogs2.correiobraziliense.com.br\/cbpoder\/wp-json\/wp\/v2\/categories?post=17365"},{"taxonomy":"post_tag","embeddable":true,"href":"https:\/\/blogs2.correiobraziliense.com.br\/cbpoder\/wp-json\/wp\/v2\/tags?post=17365"}],"curies":[{"name":"wp","href":"https:\/\/api.w.org\/{rel}","templated":true}]}}