{"id":17387,"date":"2020-01-30T07:46:55","date_gmt":"2020-01-30T10:46:55","guid":{"rendered":"https:\/\/blogs2.correiobraziliense.com.br\/cbpoder\/?p=17387"},"modified":"2020-01-30T07:46:55","modified_gmt":"2020-01-30T10:46:55","slug":"carnaval-do-df-tera-arnaldo-antunes-e-nacao-zumbi-mas-nao-havera-desfile-de-escolas-de-samba","status":"publish","type":"post","link":"https:\/\/blogs2.correiobraziliense.com.br\/cbpoder\/carnaval-do-df-tera-arnaldo-antunes-e-nacao-zumbi-mas-nao-havera-desfile-de-escolas-de-samba\/","title":{"rendered":"Carnaval do DF ter\u00e1 Arnaldo Antunes e Na\u00e7\u00e3o Zumbi, mas n\u00e3o haver\u00e1 desfile de escolas de samba"},"content":{"rendered":"<h6><strong>Coluna Eixo Capital\/Por Ana Maria Campos<\/strong><\/h6>\n<p>O secret\u00e1rio de Cultura e Economia Criativa do Distrito Federal, Bartolomeu Rodrigues, adiantou que anunciar\u00e1 hoje, em coletiva de imprensa, shows de Arnaldo Antunes e Na\u00e7\u00e3o Zumbi no carnaval brasiliense. Segundo Bart\u00f4, haver\u00e1 um palco com atra\u00e7\u00f5es nacionais para o p\u00fablico da capital. Al\u00e9m disso, o gestor afirmou que repassar\u00e1 as informa\u00e7\u00f5es do esquema de seguran\u00e7a, do percurso e hor\u00e1rio dos blocos e os locais onde haver\u00e1 o carnaval social. \u201c\u00c9 papel do Estado proteger as manifesta\u00e7\u00f5es culturais\u201d, afirmou Bart\u00f4.<\/p>\n<h2><strong>Dinheiro bloqueado no FAC<\/strong><\/h2>\n<p>A classe art\u00edstica do DF tem motivos para se ressentir do comando anterior da Secretaria de Cultura e Economia Criativa. Levantamento no sistema de gest\u00e3o do or\u00e7amento indica que, no ano passado, o governo liberou menos da metade do que foi liquidado em 2018 para recursos do Fundo de Apoio \u00e0 Cultura (FAC).<\/p>\n<p>Foram R$ 24,7 milh\u00f5es de janeiro a dezembro de 2019 e R$ 55,1 milh\u00f5es no mesmo per\u00edodo do \u00faltimo exerc\u00edcio da gest\u00e3o anterior. O autorizado, no entanto, ficou<br \/>\nbem acima. Em 2019, foram R$ 88,3 milh\u00f5es, contra R$ 67,9 milh\u00f5es em 2018.<\/p>\n<h2>\n<strong>Sem desfiles<\/strong><\/h2>\n<p>Bart\u00f4 confirmou tamb\u00e9m que, <a href=\"https:\/\/blogs2.correiobraziliense.com.br\/cbpoder\/df-nao-devera-ter-desfile-de-carnaval-novamente\/\">como em anos anteriores<\/a>, n\u00e3o haver\u00e1 desfile de escolas de samba neste ano. As escolas n\u00e3o conseguiram financiamento e n\u00e3o haver\u00e1 libera\u00e7\u00e3o de recursos p\u00fablicos para a festa. Apesar da veia pernambucana, o secret\u00e1rio de Cultura afirma que n\u00e3o d\u00e1 para o Poder P\u00fablico bancar essa despesa.<\/p>\n","protected":false},"excerpt":{"rendered":"<p>Coluna Eixo Capital\/Por Ana Maria Campos O secret\u00e1rio de Cultura e Economia Criativa do Distrito Federal, Bartolomeu Rodrigues, adiantou que anunciar\u00e1 hoje, em coletiva de imprensa, shows de Arnaldo Antunes e Na\u00e7\u00e3o Zumbi no carnaval brasiliense. Segundo Bart\u00f4, haver\u00e1 um palco com atra\u00e7\u00f5es nacionais para o p\u00fablico da capital. Al\u00e9m disso, o gestor afirmou que [&hellip;]<\/p>\n","protected":false},"author":9,"featured_media":17389,"comment_status":"open","ping_status":"closed","sticky":false,"template":"","format":"standard","meta":{"wpb_read_more":[],"footnotes":""},"categories":[234],"tags":[2081,2079,2080],"class_list":["post-17387","post","type-post","status-publish","format-standard","has-post-thumbnail","hentry","category-cb-poder","tag-arnaldo-antunes","tag-carnval","tag-nacao-zumbi"],"_links":{"self":[{"href":"https:\/\/blogs2.correiobraziliense.com.br\/cbpoder\/wp-json\/wp\/v2\/posts\/17387","targetHints":{"allow":["GET"]}}],"collection":[{"href":"https:\/\/blogs2.correiobraziliense.com.br\/cbpoder\/wp-json\/wp\/v2\/posts"}],"about":[{"href":"https:\/\/blogs2.correiobraziliense.com.br\/cbpoder\/wp-json\/wp\/v2\/types\/post"}],"author":[{"embeddable":true,"href":"https:\/\/blogs2.correiobraziliense.com.br\/cbpoder\/wp-json\/wp\/v2\/users\/9"}],"replies":[{"embeddable":true,"href":"https:\/\/blogs2.correiobraziliense.com.br\/cbpoder\/wp-json\/wp\/v2\/comments?post=17387"}],"version-history":[{"count":1,"href":"https:\/\/blogs2.correiobraziliense.com.br\/cbpoder\/wp-json\/wp\/v2\/posts\/17387\/revisions"}],"predecessor-version":[{"id":17390,"href":"https:\/\/blogs2.correiobraziliense.com.br\/cbpoder\/wp-json\/wp\/v2\/posts\/17387\/revisions\/17390"}],"wp:featuredmedia":[{"embeddable":true,"href":"https:\/\/blogs2.correiobraziliense.com.br\/cbpoder\/wp-json\/wp\/v2\/media\/17389"}],"wp:attachment":[{"href":"https:\/\/blogs2.correiobraziliense.com.br\/cbpoder\/wp-json\/wp\/v2\/media?parent=17387"}],"wp:term":[{"taxonomy":"category","embeddable":true,"href":"https:\/\/blogs2.correiobraziliense.com.br\/cbpoder\/wp-json\/wp\/v2\/categories?post=17387"},{"taxonomy":"post_tag","embeddable":true,"href":"https:\/\/blogs2.correiobraziliense.com.br\/cbpoder\/wp-json\/wp\/v2\/tags?post=17387"}],"curies":[{"name":"wp","href":"https:\/\/api.w.org\/{rel}","templated":true}]}}