{"id":17394,"date":"2020-01-31T08:11:25","date_gmt":"2020-01-31T11:11:25","guid":{"rendered":"https:\/\/blogs2.correiobraziliense.com.br\/cbpoder\/?p=17394"},"modified":"2020-01-31T08:11:25","modified_gmt":"2020-01-31T11:11:25","slug":"camara-legislativa-inaugura-sistema-de-votacoes-de-olho-na-transparencia","status":"publish","type":"post","link":"https:\/\/blogs2.correiobraziliense.com.br\/cbpoder\/camara-legislativa-inaugura-sistema-de-votacoes-de-olho-na-transparencia\/","title":{"rendered":"C\u00e2mara Legislativa inaugura sistema de vota\u00e7\u00f5es, de olho na transpar\u00eancia"},"content":{"rendered":"<p><strong>Por Ana Maria Campos<br \/>\n<\/strong><br \/>\nDepois de investiga\u00e7\u00f5es sobre a presen\u00e7a fake de parlamentares no plen\u00e1rio da <strong>C\u00e2mara Legislativa<\/strong>, o ano legislativo come\u00e7a na pr\u00f3xima semana com um novo sistema de vota\u00e7\u00f5es no plen\u00e1rio. A presen\u00e7a ser\u00e1 atestada por meio de <strong>biometria digital<\/strong>. Est\u00e3o sendo instalados tablets com biometria nas mesas dos distritais, com conex\u00e3o \u00e0 internet e acesso ao sistema da C\u00e2mara. Os deputados poder\u00e3o se informar com as not\u00edcias na internet e consultar o andamento dos projetos. J\u00e1 o sistema de vota\u00e7\u00e3o \u00e9 conectado apenas ao sistema da C\u00e2mara Legislativa, sem conex\u00e3o com a web, o que, segundo os t\u00e9cnicos respons\u00e1veis pela tecnologia, torna a rede mais segura, livre de invas\u00f5es, sabotagens e protegida de hackers. Na tribuna, tamb\u00e9m h\u00e1 novidades, com recursos multim\u00eddia e transmiss\u00f5es ao vivo dos discursos.<\/p>\n<p><strong>Semelhante ao do Senado<\/strong><\/p>\n<p>Segundo o vice-presidente da C\u00e2mara, <strong>Rodrigo Delmasso (PSC)<\/strong>, respons\u00e1vel pelo contrato, o sistema \u00e9 semelhante ao que funciona no Senado. A novidade custou R$ 1,9 milh\u00e3o, com opera\u00e7\u00e3o assistida. Os t\u00e9cnicos da empresa contratada, a Visual, dar\u00e3o assist\u00eancia durante tr\u00eas anos para que os servidores da C\u00e2mara Legislativa possam aprender a lidar e manter a rede sem problemas.<\/p>\n<p><strong>Transpar\u00eancia<\/strong><\/p>\n<p>Alguns deputados, como <strong>Cl\u00e1udio Abrantes<\/strong> (PDT), estiveram no plen\u00e1rio para registrar a biometria e conhecer o sistema. Na pr\u00f3xima semana, as vota\u00e7\u00f5es poder\u00e3o ocorrer com o aperto de bot\u00e3o. Para o eleitor, a vantagem \u00e9 que os votos ser\u00e3o divulgados e registrados abertamente.<\/p>\n<p><strong>Receita subiu<\/strong><\/p>\n<p>O Distrito Federal arrecadou R$ 770,4 milh\u00f5es a mais em 2019 em rela\u00e7\u00e3o ao ano anterior. A <strong>receita tribut\u00e1ria<\/strong> cresceu 4,87%. Foram R$ 15,811 bilh\u00f5es em 2018 e R$ 16,581 bilh\u00f5es em 2019. Em rela\u00e7\u00e3o ao IPCA, medido pelo IBGE, o crescimento real foi de 0,5%. Pouco diante dos desafios do GDF, mas, pelo menos, n\u00e3o caiu.<\/p>\n<p><strong>O ranking da educa\u00e7\u00e3o<\/strong><\/p>\n<p>Levantamento do gabinete do deputado <strong>Eduardo Pedrosa (PTC)<\/strong> indica que o governo Ibaneis, at\u00e9 agora, proporcionalmente destinou mais recursos para a educa\u00e7\u00e3o que a gest\u00e3o anterior. Foram 27,23% do or\u00e7amento total, contra 26,90% da administra\u00e7\u00e3o de Rollemberg. O m\u00ednimo estabelecido pela Lei Org\u00e2nica \u00e9 de 25%. Mas esses percentuais est\u00e3o abaixo de governos anteriores. Pelos c\u00e1lculos do distrital, desde 2003, Jos\u00e9 Roberto Arruda, entre 2007 e 2009, foi o que mais dedicou recursos para a manuten\u00e7\u00e3o e desenvolvimento do ensino. O montante ficou em 33,61%. Em seguida, vem Joaquim Roriz, com 31,75%. Em 2010, na gest\u00e3o de Rog\u00e9rio Rosso, o percentual foi de 29,68%. E Agnelo Queiroz transferiu 27,97%.<\/p>\n<p><strong>No limite<\/strong><\/p>\n<p>O governo divulgou na quinta-feira (30\/1) o relat\u00f3rio de despesa com pessoal de 2019. Os gastos com a folha de pagamentos atingiram 43,54% da receita corrente l\u00edquida, um pouco abaixo do limite de alerta, que \u00e9 44,10%. No caso da C\u00e2mara Legislativa, cujo resultado tamb\u00e9m saiu ontem, o percentual (1,56%) ficou acima do limite prudencial, que \u00e9 1,53%. Sinal de que o Legislativo est\u00e1 no teto das contrata\u00e7\u00f5es. E o Executivo tamb\u00e9m precisa ficar atento para n\u00e3o extrapolar as regras da Lei de Responsabilidade Fiscal.<\/p>\n","protected":false},"excerpt":{"rendered":"<p>Depois de investiga\u00e7\u00f5es sobre a presen\u00e7a fake de parlamentares no plen\u00e1rio da C\u00e2mara Legislativa, o ano legislativo come\u00e7a na pr\u00f3xima semana com um novo sistema de vota\u00e7\u00f5es no plen\u00e1rio. A presen\u00e7a ser\u00e1 atestada por meio de biometria digital<\/p>\n","protected":false},"author":9,"featured_media":17395,"comment_status":"open","ping_status":"closed","sticky":false,"template":"","format":"standard","meta":{"wpb_read_more":[],"footnotes":""},"categories":[6],"tags":[70,233,1413,259,374],"class_list":["post-17394","post","type-post","status-publish","format-standard","has-post-thumbnail","hentry","category-noticias","tag-camara-legislativa","tag-claudio-abrantes","tag-eduardo-pedrosa","tag-educacao","tag-rodrigo-delmasso"],"_links":{"self":[{"href":"https:\/\/blogs2.correiobraziliense.com.br\/cbpoder\/wp-json\/wp\/v2\/posts\/17394","targetHints":{"allow":["GET"]}}],"collection":[{"href":"https:\/\/blogs2.correiobraziliense.com.br\/cbpoder\/wp-json\/wp\/v2\/posts"}],"about":[{"href":"https:\/\/blogs2.correiobraziliense.com.br\/cbpoder\/wp-json\/wp\/v2\/types\/post"}],"author":[{"embeddable":true,"href":"https:\/\/blogs2.correiobraziliense.com.br\/cbpoder\/wp-json\/wp\/v2\/users\/9"}],"replies":[{"embeddable":true,"href":"https:\/\/blogs2.correiobraziliense.com.br\/cbpoder\/wp-json\/wp\/v2\/comments?post=17394"}],"version-history":[{"count":1,"href":"https:\/\/blogs2.correiobraziliense.com.br\/cbpoder\/wp-json\/wp\/v2\/posts\/17394\/revisions"}],"predecessor-version":[{"id":17396,"href":"https:\/\/blogs2.correiobraziliense.com.br\/cbpoder\/wp-json\/wp\/v2\/posts\/17394\/revisions\/17396"}],"wp:featuredmedia":[{"embeddable":true,"href":"https:\/\/blogs2.correiobraziliense.com.br\/cbpoder\/wp-json\/wp\/v2\/media\/17395"}],"wp:attachment":[{"href":"https:\/\/blogs2.correiobraziliense.com.br\/cbpoder\/wp-json\/wp\/v2\/media?parent=17394"}],"wp:term":[{"taxonomy":"category","embeddable":true,"href":"https:\/\/blogs2.correiobraziliense.com.br\/cbpoder\/wp-json\/wp\/v2\/categories?post=17394"},{"taxonomy":"post_tag","embeddable":true,"href":"https:\/\/blogs2.correiobraziliense.com.br\/cbpoder\/wp-json\/wp\/v2\/tags?post=17394"}],"curies":[{"name":"wp","href":"https:\/\/api.w.org\/{rel}","templated":true}]}}