{"id":17397,"date":"2020-01-31T08:20:17","date_gmt":"2020-01-31T11:20:17","guid":{"rendered":"https:\/\/blogs2.correiobraziliense.com.br\/cbpoder\/?p=17397"},"modified":"2020-01-31T08:20:17","modified_gmt":"2020-01-31T11:20:17","slug":"danca-das-cadeiras-no-governo-federal-pode-beneficiar-fraga","status":"publish","type":"post","link":"https:\/\/blogs2.correiobraziliense.com.br\/cbpoder\/danca-das-cadeiras-no-governo-federal-pode-beneficiar-fraga\/","title":{"rendered":"Dan\u00e7a das cadeiras no Governo Federal pode beneficiar Fraga"},"content":{"rendered":"<p><strong>Por Ana Maria Campos<\/strong><\/p>\n<p>Desde o ano passado, o sonho de <strong>Alberto Fraga<\/strong> era assumir a articula\u00e7\u00e3o pol\u00edtica do governo Bolsonaro. O ex-deputado n\u00e3o conseguiu derrubar Sergio Moro do <strong>Minist\u00e9rio da Justi\u00e7a e Seguran\u00e7a P\u00fablica<\/strong>, mas, com o enfraquecimento de Onyx Lorenzoni a olhos vistos na Casa Civil, Fraga est\u00e1 animado. Se Onyx sair, o policial militar do DF<strong> Jorge Ant\u00f4nio Oliveira<\/strong>, atual ministro-chefe da Secretaria-Geral da Presid\u00eancia, \u00e9 cotado para a Casa Civil. Abre-se, assim, um cargo na Presid\u00eancia da Rep\u00fablica. Onyx est\u00e1 de f\u00e9rias e deve tomar uma decis\u00e3o na volta, na pr\u00f3xima semana.<\/p>\n<p><strong>Articula\u00e7\u00e3o pol\u00edtica<\/strong><\/p>\n<p>O desejo de Fraga, segundo relato de pessoas pr\u00f3ximas, sempre foi a Secretaria de Governo, hoje sob o comando do general Luiz Eduardo Ramos. Resta saber se, com o temperamento explosivo, Fraga seria um bom interlocutor com o <strong>Congresso<\/strong>. Com a bancada da bala, certamente. Mas e com os parlamentares mais moderados?<\/p>\n","protected":false},"excerpt":{"rendered":"<p>Desde o ano passado, o sonho de Alberto Fraga era assumir a articula\u00e7\u00e3o pol\u00edtica do governo Bolsonaro. O ex-deputado n\u00e3o conseguiu derrubar Sergio Moro do Minist\u00e9rio da Justi\u00e7a e Seguran\u00e7a P\u00fablica, mas, com o enfraquecimento de Onyx Lorenzoni a olhos vistos na Casa Civil, Fraga est\u00e1 animado<\/p>\n","protected":false},"author":9,"featured_media":17398,"comment_status":"open","ping_status":"closed","sticky":false,"template":"","format":"standard","meta":{"wpb_read_more":[],"footnotes":""},"categories":[6],"tags":[693,2082,1143,81],"class_list":["post-17397","post","type-post","status-publish","format-standard","has-post-thumbnail","hentry","category-noticias","tag-alberto-fraga","tag-articulacao-politica","tag-bolsonaro","tag-fraga"],"_links":{"self":[{"href":"https:\/\/blogs2.correiobraziliense.com.br\/cbpoder\/wp-json\/wp\/v2\/posts\/17397","targetHints":{"allow":["GET"]}}],"collection":[{"href":"https:\/\/blogs2.correiobraziliense.com.br\/cbpoder\/wp-json\/wp\/v2\/posts"}],"about":[{"href":"https:\/\/blogs2.correiobraziliense.com.br\/cbpoder\/wp-json\/wp\/v2\/types\/post"}],"author":[{"embeddable":true,"href":"https:\/\/blogs2.correiobraziliense.com.br\/cbpoder\/wp-json\/wp\/v2\/users\/9"}],"replies":[{"embeddable":true,"href":"https:\/\/blogs2.correiobraziliense.com.br\/cbpoder\/wp-json\/wp\/v2\/comments?post=17397"}],"version-history":[{"count":1,"href":"https:\/\/blogs2.correiobraziliense.com.br\/cbpoder\/wp-json\/wp\/v2\/posts\/17397\/revisions"}],"predecessor-version":[{"id":17399,"href":"https:\/\/blogs2.correiobraziliense.com.br\/cbpoder\/wp-json\/wp\/v2\/posts\/17397\/revisions\/17399"}],"wp:featuredmedia":[{"embeddable":true,"href":"https:\/\/blogs2.correiobraziliense.com.br\/cbpoder\/wp-json\/wp\/v2\/media\/17398"}],"wp:attachment":[{"href":"https:\/\/blogs2.correiobraziliense.com.br\/cbpoder\/wp-json\/wp\/v2\/media?parent=17397"}],"wp:term":[{"taxonomy":"category","embeddable":true,"href":"https:\/\/blogs2.correiobraziliense.com.br\/cbpoder\/wp-json\/wp\/v2\/categories?post=17397"},{"taxonomy":"post_tag","embeddable":true,"href":"https:\/\/blogs2.correiobraziliense.com.br\/cbpoder\/wp-json\/wp\/v2\/tags?post=17397"}],"curies":[{"name":"wp","href":"https:\/\/api.w.org\/{rel}","templated":true}]}}