{"id":17435,"date":"2020-02-06T08:07:58","date_gmt":"2020-02-06T11:07:58","guid":{"rendered":"https:\/\/blogs2.correiobraziliense.com.br\/cbpoder\/?p=17435"},"modified":"2020-02-06T08:28:22","modified_gmt":"2020-02-06T11:28:22","slug":"gdf-define-regras-do-pdv","status":"publish","type":"post","link":"https:\/\/blogs2.correiobraziliense.com.br\/cbpoder\/gdf-define-regras-do-pdv\/","title":{"rendered":"GDF define regras do PDV"},"content":{"rendered":"<h6><strong>Coluna Eixo Capital\/Por Ana Maria Campos<\/strong><\/h6>\n<p>O governo do DF pretende adotar Planos de Desligamento Volunt\u00e1rio (PDV) por empresas p\u00fablicas e sociedades de economia mista. As regras foram definidas nesta semana. Cada plano ter\u00e1 suas peculiaridades, de acordo com a situa\u00e7\u00e3o econ\u00f4mico-financeira, mas algumas diretrizes precisam ser respeitadas, como redu\u00e7\u00e3o do tamanho do Estado, economicidade, a efici\u00eancia e a efic\u00e1cia da administra\u00e7\u00e3o p\u00fablica. A palavra final ser\u00e1 da Secretaria de Economia do DF.<\/p>\n<p>Ser\u00e3o crit\u00e9rios do PDV: ser empregado com contrato em vigor, ter uma idade m\u00ednima e tempo m\u00ednimo de servi\u00e7o, a serem definidos. N\u00e3o poder\u00e3o aderir ao plano empregados que tenham participado de capacita\u00e7\u00e3o igual ou superior a 360 horas\/aula, patrocinada parcial ou integralmente pela empresa, que tenha sido conclu\u00edda nos \u00faltimos dois anos. Quem responde a processo administrativo disciplinar tamb\u00e9m n\u00e3o pode participar.<\/p>\n<h2><strong>Mercado em alta<\/strong><\/h2>\n<p>O mercado imobili\u00e1rio do Distrito Federal fechou 2019 com crescimento superior a 100% no volume de lan\u00e7amentos. Os resultados, que superaram as expectativas do setor, ser\u00e3o apresentados hoje pela pela Associa\u00e7\u00e3o das Empresas do Mercado Imobili\u00e1rio do Distrito Federal (Ademi-DF) e pelo Sindicato da Ind\u00fastria da Constru\u00e7\u00e3o Civil do DF (Sinduscon-DF).<\/p>\n<h2><strong>Vit\u00f3ria no primeiro dia<\/strong><\/h2>\n<p>No primeiro dia de sess\u00e3o, o governo saiu vitorioso com a decis\u00e3o majorit\u00e1ria na C\u00e2mara Legislativa de n\u00e3o colocar em vota\u00e7\u00e3o o projeto de decreto legislativo que sustaria o aumento das passagens de \u00f4nibus. A medida, apresentada pela oposi\u00e7\u00e3o, foi considerada contr\u00e1ria \u00e0 Lei Org\u00e2nica do DF, j\u00e1 que o Tribunal de Justi\u00e7a do DF anulou projeto semelhante aprovado pela C\u00e2mara durante o governo Rollemberg.<\/p>\n<h2><strong>Entre os 100<\/strong><\/h2>\n<p>Tr\u00eas parlamentares do Distrito Federal est\u00e3o entre os 100 mais bem avaliados do pa\u00eds, segundo a avalia\u00e7\u00e3o do Ranking dos Pol\u00edticos do ano de 2019. A deputada federal Paula Belmonte (Cidadania-DF) est\u00e1 em 20\u00ba lugar, seguida por Bia Kicis, em 24\u00ba, e por Reguffe (Podemos-DF), em 85\u00ba. A plataforma leva em considera\u00e7\u00e3o quesitos como a presen\u00e7a nas sess\u00f5es, processos judiciais, qualidade legislativa e uso de privil\u00e9gios para definir a nota.<\/p>\n<h2><strong>Penas para evitar o feminic\u00eddio<\/strong><\/h2>\n<p>No pronunciamento na C\u00e2mara Legislativa, na abertura dos trabalhos dos distritais, o governador Ibaneis Rocha (MDB) defendeu penas mais severas para crimes antecedentes ao feminic\u00eddio, como forma de evitar que a viol\u00eancia chegue ao desfecho mais tr\u00e1gico. Ele disse que enviou ao presidente Jair Bolsonaro uma proposta para aumentar a pena para agress\u00f5es, inj\u00farias e persegui\u00e7\u00f5es a mulheres.<\/p>\n<h2><strong>Pris\u00e3o para bandidos<\/strong><\/h2>\n<p>Ibaneis tamb\u00e9m reclamou de que a Justi\u00e7a n\u00e3o tem mantido criminosos perigosos na pris\u00e3o. Presos em flagrante, s\u00e3o liberados no dia seguinte, o que contribuiu, segundo ele, para o aumento da criminalidade.<\/p>\n<h2><strong>Roriz nas obras de Ibaneis<\/strong><\/h2>\n<p>Por meio de decreto, o governador Ibaneis Rocha batizou o conjunto de obras vi\u00e1rias no trecho entre o extremo norte do Eixo Rodovi\u00e1rio de Bras\u00edlia (DF-002) e o Bal\u00e3o do Colorado como complexo Vi\u00e1rio Joaquim Domingos Roriz.<\/p>\n<h2><strong>Balan\u00e7o e projetos<\/strong><\/h2>\n<p>A C\u00e2mara de Turismo e Hospitalidade da Fecom\u00e9rcio-DF promoveu ontem reuni\u00e3o para apresentar os projetos que ser\u00e3o executados durante o ano de 2020. Tamb\u00e9m foram divulgados n\u00fameros de eventos e a\u00e7\u00f5es realizados em 2019, como o Natal Sempre Monumental. O projeto reuniu mais de 200 mil pessoas e gerou R$ 15 milh\u00f5es em neg\u00f3cios relacionados ao turismo. Para 2020, o presidente da Fecom\u00e9rcio-DF e presidente da C\u00e2mara de Turismo, Francisco Maia, destacou a inten\u00e7\u00e3o de fazer ainda mais para alavancar o setor tur\u00edstico da capital no ano em que Bras\u00edlia completa 60 anos.<\/p>\n<h2><em><strong>S\u00f3 papos<\/strong><\/em><\/h2>\n<blockquote><p><em>\u201cEu zero federal, se eles zerarem o ICMS. Est\u00e1 feito o desafio aqui agora. Eu zero o federal hoje, eles zeram o ICMS. Se topar, eu aceito&#8221;<\/em><\/p><\/blockquote>\n<p style=\"text-align: right\"><strong>Presidente Jair Bolsonaro, lan\u00e7ando um desafio para que os governadores suspendam a cobran\u00e7a de ICMS sobre combust\u00edveis, como forma de reduzir os pre\u00e7os para o consumidor<\/strong><\/p>\n<blockquote><p><em>\u201cTenho que pagar escola, tenho que pagar sa\u00fade, tenho que manter a infraestrutura da cidade. Tenho uma m\u00e1quina de custeio, tenho que pagar os d\u00e9bitos com a Uni\u00e3o. Tenho que fazer investimentos. E n\u00e3o tenho uma m\u00e1quina de dinheiro, quem tem \u00e9 ele\u201d<\/em><\/p><\/blockquote>\n<p style=\"text-align: right\"><strong>Governador do DF, Ibaneis Rocha, coordenador do F\u00f3rum dos Governadores do Brasil<\/strong><\/p>\n","protected":false},"excerpt":{"rendered":"<p>Coluna Eixo Capital\/Por Ana Maria Campos O governo do DF pretende adotar Planos de Desligamento Volunt\u00e1rio (PDV) por empresas p\u00fablicas e sociedades de economia mista. As regras foram definidas nesta semana. Cada plano ter\u00e1 suas peculiaridades, de acordo com a situa\u00e7\u00e3o econ\u00f4mico-financeira, mas algumas diretrizes precisam ser respeitadas, como redu\u00e7\u00e3o do tamanho do Estado, economicidade, [&hellip;]<\/p>\n","protected":false},"author":9,"featured_media":5266,"comment_status":"open","ping_status":"closed","sticky":false,"template":"","format":"standard","meta":{"wpb_read_more":[],"footnotes":""},"categories":[234],"tags":[16,917,2091],"class_list":["post-17435","post","type-post","status-publish","format-standard","has-post-thumbnail","hentry","category-cb-poder","tag-gdf","tag-ibaneis-rocha","tag-pdv"],"_links":{"self":[{"href":"https:\/\/blogs2.correiobraziliense.com.br\/cbpoder\/wp-json\/wp\/v2\/posts\/17435","targetHints":{"allow":["GET"]}}],"collection":[{"href":"https:\/\/blogs2.correiobraziliense.com.br\/cbpoder\/wp-json\/wp\/v2\/posts"}],"about":[{"href":"https:\/\/blogs2.correiobraziliense.com.br\/cbpoder\/wp-json\/wp\/v2\/types\/post"}],"author":[{"embeddable":true,"href":"https:\/\/blogs2.correiobraziliense.com.br\/cbpoder\/wp-json\/wp\/v2\/users\/9"}],"replies":[{"embeddable":true,"href":"https:\/\/blogs2.correiobraziliense.com.br\/cbpoder\/wp-json\/wp\/v2\/comments?post=17435"}],"version-history":[{"count":2,"href":"https:\/\/blogs2.correiobraziliense.com.br\/cbpoder\/wp-json\/wp\/v2\/posts\/17435\/revisions"}],"predecessor-version":[{"id":17442,"href":"https:\/\/blogs2.correiobraziliense.com.br\/cbpoder\/wp-json\/wp\/v2\/posts\/17435\/revisions\/17442"}],"wp:featuredmedia":[{"embeddable":true,"href":"https:\/\/blogs2.correiobraziliense.com.br\/cbpoder\/wp-json\/wp\/v2\/media\/5266"}],"wp:attachment":[{"href":"https:\/\/blogs2.correiobraziliense.com.br\/cbpoder\/wp-json\/wp\/v2\/media?parent=17435"}],"wp:term":[{"taxonomy":"category","embeddable":true,"href":"https:\/\/blogs2.correiobraziliense.com.br\/cbpoder\/wp-json\/wp\/v2\/categories?post=17435"},{"taxonomy":"post_tag","embeddable":true,"href":"https:\/\/blogs2.correiobraziliense.com.br\/cbpoder\/wp-json\/wp\/v2\/tags?post=17435"}],"curies":[{"name":"wp","href":"https:\/\/api.w.org\/{rel}","templated":true}]}}