{"id":17438,"date":"2020-02-06T08:25:27","date_gmt":"2020-02-06T11:25:27","guid":{"rendered":"https:\/\/blogs2.correiobraziliense.com.br\/cbpoder\/?p=17438"},"modified":"2020-02-06T08:27:00","modified_gmt":"2020-02-06T11:27:00","slug":"senado-fara-homenagem-ao-correio-braziliense","status":"publish","type":"post","link":"https:\/\/blogs2.correiobraziliense.com.br\/cbpoder\/senado-fara-homenagem-ao-correio-braziliense\/","title":{"rendered":"Senado far\u00e1 homenagem ao Correio Braziliense"},"content":{"rendered":"<h6><strong>Coluna Eixo Capital\/Por Ana Maria Campos<\/strong><\/h6>\n<div>O plen\u00e1rio do Senado aprovou ontem requerimento da senadora Leila Barros (PSB-DF) para realiza\u00e7\u00e3o de sess\u00e3o especial em comemora\u00e7\u00e3o ao anivers\u00e1rio de 60 anos do <strong>Correio Braziliense<\/strong>. A solenidade ser\u00e1 em 24 de abril.<\/div>\n","protected":false},"excerpt":{"rendered":"<p>Coluna Eixo Capital\/Por Ana Maria Campos O plen\u00e1rio do Senado aprovou ontem requerimento da senadora Leila Barros (PSB-DF) para realiza\u00e7\u00e3o de sess\u00e3o especial em comemora\u00e7\u00e3o ao anivers\u00e1rio de 60 anos do Correio Braziliense. A solenidade ser\u00e1 em 24 de abril.<\/p>\n","protected":false},"author":9,"featured_media":17439,"comment_status":"open","ping_status":"closed","sticky":false,"template":"","format":"standard","meta":{"wpb_read_more":[],"footnotes":""},"categories":[234],"tags":[1805,1407,62],"class_list":["post-17438","post","type-post","status-publish","format-standard","has-post-thumbnail","hentry","category-cb-poder","tag-correio-braziliense","tag-leila-barros","tag-senado"],"_links":{"self":[{"href":"https:\/\/blogs2.correiobraziliense.com.br\/cbpoder\/wp-json\/wp\/v2\/posts\/17438","targetHints":{"allow":["GET"]}}],"collection":[{"href":"https:\/\/blogs2.correiobraziliense.com.br\/cbpoder\/wp-json\/wp\/v2\/posts"}],"about":[{"href":"https:\/\/blogs2.correiobraziliense.com.br\/cbpoder\/wp-json\/wp\/v2\/types\/post"}],"author":[{"embeddable":true,"href":"https:\/\/blogs2.correiobraziliense.com.br\/cbpoder\/wp-json\/wp\/v2\/users\/9"}],"replies":[{"embeddable":true,"href":"https:\/\/blogs2.correiobraziliense.com.br\/cbpoder\/wp-json\/wp\/v2\/comments?post=17438"}],"version-history":[{"count":2,"href":"https:\/\/blogs2.correiobraziliense.com.br\/cbpoder\/wp-json\/wp\/v2\/posts\/17438\/revisions"}],"predecessor-version":[{"id":17441,"href":"https:\/\/blogs2.correiobraziliense.com.br\/cbpoder\/wp-json\/wp\/v2\/posts\/17438\/revisions\/17441"}],"wp:featuredmedia":[{"embeddable":true,"href":"https:\/\/blogs2.correiobraziliense.com.br\/cbpoder\/wp-json\/wp\/v2\/media\/17439"}],"wp:attachment":[{"href":"https:\/\/blogs2.correiobraziliense.com.br\/cbpoder\/wp-json\/wp\/v2\/media?parent=17438"}],"wp:term":[{"taxonomy":"category","embeddable":true,"href":"https:\/\/blogs2.correiobraziliense.com.br\/cbpoder\/wp-json\/wp\/v2\/categories?post=17438"},{"taxonomy":"post_tag","embeddable":true,"href":"https:\/\/blogs2.correiobraziliense.com.br\/cbpoder\/wp-json\/wp\/v2\/tags?post=17438"}],"curies":[{"name":"wp","href":"https:\/\/api.w.org\/{rel}","templated":true}]}}