{"id":17454,"date":"2020-02-07T08:31:02","date_gmt":"2020-02-07T11:31:02","guid":{"rendered":"https:\/\/blogs2.correiobraziliense.com.br\/cbpoder\/?p=17454"},"modified":"2020-02-07T08:36:02","modified_gmt":"2020-02-07T11:36:02","slug":"cbf-limita-venda-de-meia-entrada-para-supercopa","status":"publish","type":"post","link":"https:\/\/blogs2.correiobraziliense.com.br\/cbpoder\/cbf-limita-venda-de-meia-entrada-para-supercopa\/","title":{"rendered":"CBF limita venda de meia-entrada para Supercopa"},"content":{"rendered":"<h6><strong>Coluna Eixo Capital\/Por Ana Maria Campos<\/strong><\/h6>\n<p>Ingressos para jogos do <strong>Flamengo<\/strong> no <strong>Man\u00e9 Garrincha<\/strong> nunca foram exatamente baratos. Mas, desta vez, a cobran\u00e7a, assim como o clube carioca, atingiu outro patamar. As entradas para a final da <strong>Supercopa do Brasil<\/strong>, marcada para o pr\u00f3ximo dia 16, <a href=\"https:\/\/www.correiobraziliense.com.br\/app\/noticia\/cidades\/2020\/02\/06\/interna_cidadesdf,826336\/um-quilo-de-alimento-nao-da-direito-a-meia-na-supercopa-no-mane-garrin.shtml\">custam a partir de R$ 100 a meia-entrada para o setor superior<\/a>. Ocorre que a CBF, respons\u00e1vel pela organiza\u00e7\u00e3o da partida, decidiu fazer cumprir a Lei federal n\u00ba 12.993 e limitou a venda de meias a 40% dos ingressos.<\/p>\n<p>A nove dias do evento, s\u00f3 h\u00e1 entradas inteiras para o setor inferior \u2014 que saem por R$ 300. Al\u00e9m de a lei n\u00e3o imp\u00f4r a limita\u00e7\u00e3o (e ela n\u00e3o ser usual em eventos no DF), o limite tem sido praticado por setores, enquanto a legisla\u00e7\u00e3o fala em 40% do total de ingressos. Se a situa\u00e7\u00e3o n\u00e3o for revista, os flamenguistas que quiserem assistir \u00e0quele que pode ser o primeiro t\u00edtulo do rubro-negro no ano ter\u00e3o que, mais uma vez, abrir o bolso. Flamenguistas esperam uma ajuda de um torcedor fan\u00e1tico, o governador<strong> Ibaneis Rocha<\/strong> (MDB).<\/p>\n","protected":false},"excerpt":{"rendered":"<p>Coluna Eixo Capital\/Por Ana Maria Campos Ingressos para jogos do Flamengo no Man\u00e9 Garrincha nunca foram exatamente baratos. Mas, desta vez, a cobran\u00e7a, assim como o clube carioca, atingiu outro patamar. As entradas para a final da Supercopa do Brasil, marcada para o pr\u00f3ximo dia 16, custam a partir de R$ 100 a meia-entrada para [&hellip;]<\/p>\n","protected":false},"author":9,"featured_media":8094,"comment_status":"open","ping_status":"closed","sticky":false,"template":"","format":"standard","meta":{"wpb_read_more":[],"footnotes":""},"categories":[234],"tags":[161,917,163,2094],"class_list":["post-17454","post","type-post","status-publish","format-standard","has-post-thumbnail","hentry","category-cb-poder","tag-flamengo","tag-ibaneis-rocha","tag-mane-garrincha","tag-supercopa"],"_links":{"self":[{"href":"https:\/\/blogs2.correiobraziliense.com.br\/cbpoder\/wp-json\/wp\/v2\/posts\/17454","targetHints":{"allow":["GET"]}}],"collection":[{"href":"https:\/\/blogs2.correiobraziliense.com.br\/cbpoder\/wp-json\/wp\/v2\/posts"}],"about":[{"href":"https:\/\/blogs2.correiobraziliense.com.br\/cbpoder\/wp-json\/wp\/v2\/types\/post"}],"author":[{"embeddable":true,"href":"https:\/\/blogs2.correiobraziliense.com.br\/cbpoder\/wp-json\/wp\/v2\/users\/9"}],"replies":[{"embeddable":true,"href":"https:\/\/blogs2.correiobraziliense.com.br\/cbpoder\/wp-json\/wp\/v2\/comments?post=17454"}],"version-history":[{"count":5,"href":"https:\/\/blogs2.correiobraziliense.com.br\/cbpoder\/wp-json\/wp\/v2\/posts\/17454\/revisions"}],"predecessor-version":[{"id":17465,"href":"https:\/\/blogs2.correiobraziliense.com.br\/cbpoder\/wp-json\/wp\/v2\/posts\/17454\/revisions\/17465"}],"wp:featuredmedia":[{"embeddable":true,"href":"https:\/\/blogs2.correiobraziliense.com.br\/cbpoder\/wp-json\/wp\/v2\/media\/8094"}],"wp:attachment":[{"href":"https:\/\/blogs2.correiobraziliense.com.br\/cbpoder\/wp-json\/wp\/v2\/media?parent=17454"}],"wp:term":[{"taxonomy":"category","embeddable":true,"href":"https:\/\/blogs2.correiobraziliense.com.br\/cbpoder\/wp-json\/wp\/v2\/categories?post=17454"},{"taxonomy":"post_tag","embeddable":true,"href":"https:\/\/blogs2.correiobraziliense.com.br\/cbpoder\/wp-json\/wp\/v2\/tags?post=17454"}],"curies":[{"name":"wp","href":"https:\/\/api.w.org\/{rel}","templated":true}]}}