{"id":17467,"date":"2020-02-10T07:39:45","date_gmt":"2020-02-10T10:39:45","guid":{"rendered":"https:\/\/blogs2.correiobraziliense.com.br\/cbpoder\/?p=17467"},"modified":"2020-02-12T18:27:54","modified_gmt":"2020-02-12T21:27:54","slug":"comeca-na-terca-julgamento-que-pode-deixar-fraga-livre-para-ter-cargo-no-governo-bolsonaro","status":"publish","type":"post","link":"https:\/\/blogs2.correiobraziliense.com.br\/cbpoder\/comeca-na-terca-julgamento-que-pode-deixar-fraga-livre-para-ter-cargo-no-governo-bolsonaro\/","title":{"rendered":"Come\u00e7a na ter\u00e7a julgamento que pode deixar Fraga livre para ter cargo no governo Bolsonaro"},"content":{"rendered":"<h6><strong>Coluna Eixo Capital\/Por Ana Maria Campos<\/strong><\/h6>\n<p>Nesta ter\u00e7a-feira, a 2\u00aa Turma Criminal do Tribunal de Justi\u00e7a do DF come\u00e7a a julgar o recurso do ex-deputado Alberto Fraga (DEM-DF), condenado em primeira inst\u00e2ncia por concuss\u00e3o \u2014 exigir vantagem em raz\u00e3o do cargo \u2014 por supostamente ter recebido propina de cooperativas de \u00f4nibus quando foi secret\u00e1rio de Transportes, entre 2007 e 2009. O desembargador Roberval Belinati, relator do processo, vai levar seu voto hoje e um revisor dever\u00e1 pautar o julgamento. Provavelmente ainda neste m\u00eas. Caso seja absolvido, Fraga ficar\u00e1 livre para exercer um cargo no governo Bolsonaro.<\/p>\n<h2><strong>Grava\u00e7\u00f5es<\/strong><\/h2>\n<p>O relator, desembargador Roberval Belinati, ouviu v\u00e1rias testemunhas, contra e a favor de Alberto Fraga, para formar seu ju\u00edzo de culpa ou inoc\u00eancia. Nas alega\u00e7\u00f5es finais, os promotores do Grupo de Atua\u00e7\u00e3o Especial de Combate ao Crime Organizado (Gaeco) apontam que grava\u00e7\u00f5es obtidas nas investiga\u00e7\u00f5es indicam uma cobran\u00e7a por propina. Fraga reclama, num dos trechos, de estar recebendo menos que um subordinado. O ex-deputado nega que fosse alguma vantagem financeira ou de qualquer ordem.<\/p>\n<h2><strong>Compensa\u00e7\u00e3o com escola<\/strong><\/h2>\n<p>Num acordo com o Minist\u00e9rio P\u00fablico do DF, como compensa\u00e7\u00e3o por transtornos na constru\u00e7\u00e3o do shopping JK, a Paulo Oct\u00e1vio construiu uma escola no Sol Nascente. A inaugura\u00e7\u00e3o ser\u00e1 na pr\u00f3xima quinta-feira, data em que o empres\u00e1rio Paulo Oct\u00e1vio completa 70 anos, com a presen\u00e7a do governador Ibaneis Rocha e de outros pol\u00edticos.<\/p>\n<p>O petista Chico Vigilante (PT) j\u00e1 visitou a unidade e gostou muito: A diretora Marilda Rosa me levou a todas as nov\u00edssimas instala\u00e7\u00f5es. Tenho seguran\u00e7a em afirmar que \u00e9 a melhor e mais bonita escola do Distrito Federal. Espero que sirva de modelo para a Secretaria de Educa\u00e7\u00e3o na constru\u00e7\u00e3o de novas escolas\u201d, afirma o distrital da oposi\u00e7\u00e3o.<\/p>\n<h2><strong>Embates com servidores<\/strong><\/h2>\n<p>N\u00e3o vai ser f\u00e1cil a vida do governador Ibaneis Rocha (MDB) se tiver que reproduzir no DF as reformas enviadas pelo presidente Jair Bolsonaro ao Congresso que afetam os servidores p\u00fablicos, como a previdenci\u00e1ria e a administrativa.<\/p>\n<h2><strong>Racismo estrutural<\/strong><\/h2>\n<p>Atuante na luta contra o racismo, o promotor de Justi\u00e7a do DF Lib\u00e2nio Rodrigues rebateu no Twitter as explica\u00e7\u00f5es do jornalista Rodrigo Bocardi, que confundiu, na semana passada, ao vivo, um atleta negro com um catador de bolinhas de t\u00eanis. Bocardi explicou que se confundiu pelo uniforme e n\u00e3o pela cor da pele do atleta.<\/p>\n<p>Lib\u00e2nio registrou: \u201cBocardi, o seu coment\u00e1rio n\u00e3o difere da justificativa do policial que identifica o \u2018elemento suspeito\u2019 na rua! Voc\u00ea \u00e9 o reflexo do seu meio social e se achar um cara legal n\u00e3o te imuniza do racismo estrutural! Reconhecer o erro ser-lhe-\u00e1 positivo. Pe\u00e7a conselhos ao (William) Wack\u201d.<\/p>\n<h2><strong>Mandou bem<\/strong><\/h2>\n<p>O juiz federal Marcelo Bretas, que julga a\u00e7\u00f5es da Opera\u00e7\u00e3o Lava-Jato repassou aos cofres p\u00fablicos R$ 668 milh\u00f5es recuperados em processos anticorrup\u00e7\u00e3o.<\/p>\n<h2><strong>Mandou mal<\/strong><\/h2>\n<p>Documento da Secretaria de Educa\u00e7\u00e3o de Rond\u00f4nia manda recolher 43 livros nas escolas p\u00fablicas. Entre os autores vetados, est\u00e3o Rubem Fonseca, Machado de Assis, Nelson Rodrigues e Carlos Heitor Cony.<\/p>\n<h2><em><strong>S\u00f3 papos<\/strong><\/em><\/h2>\n<blockquote><p><em>\u201cImpeachment s\u00f3 porque o ministro Abraham Weintraub n\u00e3o reza na cartilha do &#8216;todos pela educa\u00e7\u00e3o? Respeitem o resultado das urnas. Quando ganharem, coloquem o Soros como ministro\u201d<\/em><\/p><\/blockquote>\n<p style=\"text-align: right\"><strong>Deputada Bia Kicis, (PSL-DF)<\/strong><\/p>\n<blockquote><p><em>\u201cO ministro n\u00e3o \u00e9 digno do cargo que ocupa e tem atuado de forma obscurantista \u00e0 frente da pasta. N\u00e3o temo em afirmar que \u00e9 a pior gest\u00e3o da hist\u00f3ria do Minist\u00e9rio da Educa\u00e7\u00e3o. Weintraub n\u00e3o est\u00e1 \u00e0 altura dos enormes desafios que est\u00e3o colocados para a educa\u00e7\u00e3o brasileira\u201d<\/em><\/p><\/blockquote>\n<p style=\"text-align: right\"><strong>Deputada \u00c9rika Kokay (PT-DF)<\/strong><\/p>\n<h2><strong>Enquanto isso&#8230; Na sala de Justi\u00e7a<\/strong><\/h2>\n<p>Na pr\u00f3xima sexta-feira, o Pleno do Tribunal de Justi\u00e7a do DF se reunir\u00e1 para eleger o comando do Judici\u00e1rio local. Na presid\u00eancia do TJDFT, deve assumir o desembargador Romeu Gonzaga Neiva. \u00c9 nome certo pelo crit\u00e9rio da antiguidade. Na vice-presid\u00eancia, devem ser eleitas as desembargadoras Sandra de Santis e Ana Maria Amarante. J\u00e1 no Tribunal Regional Eleitoral (TRE-DF), n\u00e3o existe mais esse crit\u00e9rio. Alguns magistrados devem concorrer.<\/p>\n<p>Ainda n\u00e3o existe uma lista definitiva de candidatos, mas est\u00e3o pedindo votos os desembargadores Humberto Ulh\u00f4a, Cruz Macedo, Costa Carvalho e Sebasti\u00e3o Coelho. Fala-se tamb\u00e9m na possibilidade de o desembargador Sebasti\u00e3o Coelho e o desembargador Josaph\u00e1 Francisco dos Santos disputarem apenas as vagas para suplentes. Os candidatos est\u00e3o em campanha, visitando os colegas e telefonando, pedindo votos. Para o TRE-DF, \u00e9 a primeira elei\u00e7\u00e3o em que n\u00e3o ser\u00e1 obedecido o crit\u00e9rio da antiguidade. Qualquer desembargador pode concorrer.<\/p>\n","protected":false},"excerpt":{"rendered":"<p>Coluna Eixo Capital\/Por Ana Maria Campos Nesta ter\u00e7a-feira, a 2\u00aa Turma Criminal do Tribunal de Justi\u00e7a do DF come\u00e7a a julgar o recurso do ex-deputado Alberto Fraga (DEM-DF), condenado em primeira inst\u00e2ncia por concuss\u00e3o \u2014 exigir vantagem em raz\u00e3o do cargo \u2014 por supostamente ter recebido propina de cooperativas de \u00f4nibus quando foi secret\u00e1rio de [&hellip;]<\/p>\n","protected":false},"author":9,"featured_media":16701,"comment_status":"open","ping_status":"closed","sticky":false,"template":"","format":"standard","meta":{"wpb_read_more":[],"footnotes":""},"categories":[234],"tags":[693,2098],"class_list":["post-17467","post","type-post","status-publish","format-standard","has-post-thumbnail","hentry","category-cb-poder","tag-alberto-fraga","tag-governo-bolsonaro"],"_links":{"self":[{"href":"https:\/\/blogs2.correiobraziliense.com.br\/cbpoder\/wp-json\/wp\/v2\/posts\/17467","targetHints":{"allow":["GET"]}}],"collection":[{"href":"https:\/\/blogs2.correiobraziliense.com.br\/cbpoder\/wp-json\/wp\/v2\/posts"}],"about":[{"href":"https:\/\/blogs2.correiobraziliense.com.br\/cbpoder\/wp-json\/wp\/v2\/types\/post"}],"author":[{"embeddable":true,"href":"https:\/\/blogs2.correiobraziliense.com.br\/cbpoder\/wp-json\/wp\/v2\/users\/9"}],"replies":[{"embeddable":true,"href":"https:\/\/blogs2.correiobraziliense.com.br\/cbpoder\/wp-json\/wp\/v2\/comments?post=17467"}],"version-history":[{"count":2,"href":"https:\/\/blogs2.correiobraziliense.com.br\/cbpoder\/wp-json\/wp\/v2\/posts\/17467\/revisions"}],"predecessor-version":[{"id":17486,"href":"https:\/\/blogs2.correiobraziliense.com.br\/cbpoder\/wp-json\/wp\/v2\/posts\/17467\/revisions\/17486"}],"wp:featuredmedia":[{"embeddable":true,"href":"https:\/\/blogs2.correiobraziliense.com.br\/cbpoder\/wp-json\/wp\/v2\/media\/16701"}],"wp:attachment":[{"href":"https:\/\/blogs2.correiobraziliense.com.br\/cbpoder\/wp-json\/wp\/v2\/media?parent=17467"}],"wp:term":[{"taxonomy":"category","embeddable":true,"href":"https:\/\/blogs2.correiobraziliense.com.br\/cbpoder\/wp-json\/wp\/v2\/categories?post=17467"},{"taxonomy":"post_tag","embeddable":true,"href":"https:\/\/blogs2.correiobraziliense.com.br\/cbpoder\/wp-json\/wp\/v2\/tags?post=17467"}],"curies":[{"name":"wp","href":"https:\/\/api.w.org\/{rel}","templated":true}]}}