{"id":17475,"date":"2020-02-11T07:24:16","date_gmt":"2020-02-11T10:24:16","guid":{"rendered":"https:\/\/blogs2.correiobraziliense.com.br\/cbpoder\/?p=17475"},"modified":"2020-02-11T07:24:16","modified_gmt":"2020-02-11T10:24:16","slug":"pt-chega-aos-40-com-campanha-para-se-reconstruir-no-df","status":"publish","type":"post","link":"https:\/\/blogs2.correiobraziliense.com.br\/cbpoder\/pt-chega-aos-40-com-campanha-para-se-reconstruir-no-df\/","title":{"rendered":"PT chega aos 40 com campanha para se reconstruir no DF"},"content":{"rendered":"<h6><strong>Coluna Eixo Capital\/Por Ana Maria Campos<\/strong><\/h6>\n<p>O PT chega hoje aos 40 anos e a dire\u00e7\u00e3o-regional aposta numa imagem positiva para se renovar. A legenda iniciou uma campanha nas redes sociais de divulga\u00e7\u00e3o de a\u00e7\u00f5es positivas do governo Agnelo Queiroz. O primeiro card da serie \u00e9 a constru\u00e7\u00e3o de creches. Sem citar o nome do governador, afirma: \u201cAntes do governo do PT, de 2011 a 2014, quase n\u00e3o havia creches no DF. O governo petista construiu e inaugurou cerca de 30 unidades e deixou outras 82 em constru\u00e7\u00e3o\u201d.<\/p>\n<h2>\n<strong>Sem chance no PSB<\/strong><\/h2>\n<p>O presidente do PSB-DF, Daniel Cunha, renunciou ao cargo na legenda em car\u00e1ter irrevog\u00e1vel por motivos pessoais. O caminho natural de sucess\u00e3o seria entregar o comando do partido ao deputado distrital Roosevelt Vilela, que tem mandato parlamentar e \u00e9 vice-presidente. Mas h\u00e1 rea\u00e7\u00e3o a essa troca. Motivo: Roosevelt, que tem base entre bombeiros militares, fez campanha pela elei\u00e7\u00e3o de Jair Bolsonaro. E agora \u00e9 considerado aliado do governador Ibaneis Rocha (MDB), inclusive com indica\u00e7\u00f5es no primeiro escal\u00e3o.<\/p>\n<h2>\n<strong>Novo desembargador do TRE com apoio de Fraga<\/strong><\/h2>\n<p>O advogado Bruno Franco Lacerda Martins tomou posse ontem como desembargador suplente do Tribunal Regional Eleitoral (TRE-DF), para mandato de dois anos. Nomeado pelo presidente Jair Bolsonaro, Bruno \u00e9 assessor jur\u00eddico da presid\u00eancia do Tribunal de Contas do DF e tem escrit\u00f3rio de advocacia eleitoral. Na nomea\u00e7\u00e3o, teve como padrinho pol\u00edtico o ex-deputado Alberto Fraga (DEM-DF). Na posse ontem, entre os pol\u00edticos presentes, estavam os deputados Bia Kicis (PSL-DF) e Lu\u00eds Miranda (DEM-DF).<\/p>\n<h2>\n<strong>Ex-advogado<\/strong><\/h2>\n<p>O novo desembargador do TRE-DF, Bruno Franco Lacerda Martins, atuou no processo em que ex-deputado Alberto Fraga (DEM-DF) foi condenado por concuss\u00e3o (exigir vantagem indevida) envolvendo cooperativas de transporte.<\/p>\n<h2>\n<strong>OAB-DF de olho no Man\u00e9<\/strong><\/h2>\n<p>A OAB-DF quer uma apura\u00e7\u00e3o sobre a capacidade econ\u00f4mico-financeira do cons\u00f3rcio que ganhou a licita\u00e7\u00e3o para explora\u00e7\u00e3o do Est\u00e1dio Nacional de Bras\u00edlia Man\u00e9 Garrincha, o Arena Bras\u00edlia. O primeiro passo deve ser um of\u00edcio pedindo que o Minist\u00e9rio P\u00fablico de Contas do DF analise a concess\u00e3o e o grupo que administra o cons\u00f3rcio. Depois de tantos esc\u00e2ndalos envolvendo o est\u00e1dio, melhor prevenir do que remediar.<\/p>\n<h2>\n<strong>No STF<\/strong><\/h2>\n<p>O juiz F\u00e1bio Esteves, presidente da Associa\u00e7\u00e3o dos Magistrados do DF (Amagis), foi cedido pelo Tribunal de Justi\u00e7a do DF para atuar como juiz instrutor no gabinete do ministro Edson Fachin, no Supremo Tribunal Federal (STF). A convoca\u00e7\u00e3o foi autorizada pelo Conselho Especial do TJDFT. Com a medida, Esteves poder\u00e1 realizar interrogat\u00f3rios e outros atos de instru\u00e7\u00e3o nos processos criminais do gabinete de Fachin. Com o novo encargo, Esteves pediu para se afastar da presid\u00eancia da Amagis.<\/p>\n","protected":false},"excerpt":{"rendered":"<p>Coluna Eixo Capital\/Por Ana Maria Campos O PT chega hoje aos 40 anos e a dire\u00e7\u00e3o-regional aposta numa imagem positiva para se renovar. A legenda iniciou uma campanha nas redes sociais de divulga\u00e7\u00e3o de a\u00e7\u00f5es positivas do governo Agnelo Queiroz. O primeiro card da serie \u00e9 a constru\u00e7\u00e3o de creches. Sem citar o nome do [&hellip;]<\/p>\n","protected":false},"author":9,"featured_media":17476,"comment_status":"open","ping_status":"closed","sticky":false,"template":"","format":"standard","meta":{"wpb_read_more":[],"footnotes":""},"categories":[234],"tags":[1143,81,52,290],"class_list":["post-17475","post","type-post","status-publish","format-standard","has-post-thumbnail","hentry","category-cb-poder","tag-bolsonaro","tag-fraga","tag-psb","tag-pt"],"_links":{"self":[{"href":"https:\/\/blogs2.correiobraziliense.com.br\/cbpoder\/wp-json\/wp\/v2\/posts\/17475","targetHints":{"allow":["GET"]}}],"collection":[{"href":"https:\/\/blogs2.correiobraziliense.com.br\/cbpoder\/wp-json\/wp\/v2\/posts"}],"about":[{"href":"https:\/\/blogs2.correiobraziliense.com.br\/cbpoder\/wp-json\/wp\/v2\/types\/post"}],"author":[{"embeddable":true,"href":"https:\/\/blogs2.correiobraziliense.com.br\/cbpoder\/wp-json\/wp\/v2\/users\/9"}],"replies":[{"embeddable":true,"href":"https:\/\/blogs2.correiobraziliense.com.br\/cbpoder\/wp-json\/wp\/v2\/comments?post=17475"}],"version-history":[{"count":1,"href":"https:\/\/blogs2.correiobraziliense.com.br\/cbpoder\/wp-json\/wp\/v2\/posts\/17475\/revisions"}],"predecessor-version":[{"id":17477,"href":"https:\/\/blogs2.correiobraziliense.com.br\/cbpoder\/wp-json\/wp\/v2\/posts\/17475\/revisions\/17477"}],"wp:featuredmedia":[{"embeddable":true,"href":"https:\/\/blogs2.correiobraziliense.com.br\/cbpoder\/wp-json\/wp\/v2\/media\/17476"}],"wp:attachment":[{"href":"https:\/\/blogs2.correiobraziliense.com.br\/cbpoder\/wp-json\/wp\/v2\/media?parent=17475"}],"wp:term":[{"taxonomy":"category","embeddable":true,"href":"https:\/\/blogs2.correiobraziliense.com.br\/cbpoder\/wp-json\/wp\/v2\/categories?post=17475"},{"taxonomy":"post_tag","embeddable":true,"href":"https:\/\/blogs2.correiobraziliense.com.br\/cbpoder\/wp-json\/wp\/v2\/tags?post=17475"}],"curies":[{"name":"wp","href":"https:\/\/api.w.org\/{rel}","templated":true}]}}