{"id":17478,"date":"2020-02-11T07:40:40","date_gmt":"2020-02-11T10:40:40","guid":{"rendered":"https:\/\/blogs2.correiobraziliense.com.br\/cbpoder\/?p=17478"},"modified":"2020-02-11T07:40:40","modified_gmt":"2020-02-11T10:40:40","slug":"e-um-grande-desafio-para-a-seguranca-publica-diz-secretario-sobre-violencia-contra-motoristas-de-aplicativo","status":"publish","type":"post","link":"https:\/\/blogs2.correiobraziliense.com.br\/cbpoder\/e-um-grande-desafio-para-a-seguranca-publica-diz-secretario-sobre-violencia-contra-motoristas-de-aplicativo\/","title":{"rendered":"&#8220;\u00c9 um grande desafio para a seguran\u00e7a p\u00fablica&#8221;, diz secret\u00e1rio sobre viol\u00eancia contra motoristas de aplicativo"},"content":{"rendered":"<h6><strong>Coluna Eixo Capital\/Por Ana Maria Campos<\/strong><\/h6>\n<h2><strong>\u00c0 QUEIMA-ROUPA<\/strong><\/h2>\n<p><strong>Anderson Torres<\/strong><br \/>\nSecret\u00e1rio de Seguran\u00e7a P\u00fablica do DF<\/p>\n<p><strong>Para a Secretaria de Seguran\u00e7a P\u00fablica, a viol\u00eancia contra motoristas de aplicativo \u00e9 um desafio a ser enfrentado em 2020? Como?<\/strong><\/p>\n<p>A viol\u00eancia contra os motoristas de aplicativo \u00e9 um grande desafio para a seguran\u00e7a p\u00fablica, principalmente porque fere um dos princ\u00edpios b\u00e1sicos desse tipo de servi\u00e7o, que \u00e9 a confian\u00e7a m\u00fatua entre usu\u00e1rio e prestador. Esse desafio tem que ser enfrentado com as empresas e com os motoristas, e \u00e9 o que estamos fazendo. Acreditamos que ainda h\u00e1 melhorias importantes a serem feitas nos aplicativos, no que se refere \u00e0 seguran\u00e7a. Novidades como um cadastro do usu\u00e1rio com foto obrigat\u00f3ria no perfil, instala\u00e7\u00e3o de sistema de seguran\u00e7a no ve\u00edculo al\u00e9m do celular, obrigatoriedade de apresenta\u00e7\u00e3o do destino real detalhado s\u00e3o alguns exemplos de reivindica\u00e7\u00f5es dos motoristas que est\u00e3o alinhadas com as demandas da Secretaria de Seguran\u00e7a junto \u00e0s empresas.<\/p>\n<p><strong>A pasta mant\u00e9m di\u00e1logos com as empresas de transporte por aplicativo para buscar melhorias de seguran\u00e7a?<\/strong><\/p>\n<p>A Secretaria vem se preocupando h\u00e1 algum tempo com esse problema. Desde o ano passado, j\u00e1 fizemos cinco reuni\u00f5es com empresas do ramo, em busca de alternativas que elas possam oferecer para aumentar a seguran\u00e7a de seus prestadores de servi\u00e7o. A implanta\u00e7\u00e3o da possibilidade de recusa de pagamento em dinheiro no aplicativo j\u00e1 foi fruto dessas reuni\u00f5es. Entretanto, sabemos que isso ainda n\u00e3o \u00e9 suficiente, e queremos que as empresas ofere\u00e7am novas formas de aumentar a seguran\u00e7a.<\/p>\n<p><strong>Quais as recomenda\u00e7\u00f5es para motoristas e passageiros de transporte por aplicativo que se sentem inseguros?<\/strong><\/p>\n<p>\u00c9 muito importante que os usu\u00e1rios dos sistemas de transporte por aplicativo conhe\u00e7am profundamente suas caracter\u00edsticas, a fim de poder usar os recursos de seguran\u00e7a j\u00e1 existentes. Acima de tudo, em caso de qualquer suspeita, sempre deve-se considerar a possibilidade de recusa, tanto do passageiro quando do condutor, antes de se iniciar o servi\u00e7o.<\/p>\n","protected":false},"excerpt":{"rendered":"<p>Coluna Eixo Capital\/Por Ana Maria Campos \u00c0 QUEIMA-ROUPA Anderson Torres Secret\u00e1rio de Seguran\u00e7a P\u00fablica do DF Para a Secretaria de Seguran\u00e7a P\u00fablica, a viol\u00eancia contra motoristas de aplicativo \u00e9 um desafio a ser enfrentado em 2020? Como? A viol\u00eancia contra os motoristas de aplicativo \u00e9 um grande desafio para a seguran\u00e7a p\u00fablica, principalmente porque fere [&hellip;]<\/p>\n","protected":false},"author":9,"featured_media":15051,"comment_status":"open","ping_status":"closed","sticky":false,"template":"","format":"standard","meta":{"wpb_read_more":[],"footnotes":""},"categories":[234],"tags":[1558,2103,2104],"class_list":["post-17478","post","type-post","status-publish","format-standard","has-post-thumbnail","hentry","category-cb-poder","tag-anderson-torres","tag-motoristas-de-aplicativo","tag-ssp"],"_links":{"self":[{"href":"https:\/\/blogs2.correiobraziliense.com.br\/cbpoder\/wp-json\/wp\/v2\/posts\/17478","targetHints":{"allow":["GET"]}}],"collection":[{"href":"https:\/\/blogs2.correiobraziliense.com.br\/cbpoder\/wp-json\/wp\/v2\/posts"}],"about":[{"href":"https:\/\/blogs2.correiobraziliense.com.br\/cbpoder\/wp-json\/wp\/v2\/types\/post"}],"author":[{"embeddable":true,"href":"https:\/\/blogs2.correiobraziliense.com.br\/cbpoder\/wp-json\/wp\/v2\/users\/9"}],"replies":[{"embeddable":true,"href":"https:\/\/blogs2.correiobraziliense.com.br\/cbpoder\/wp-json\/wp\/v2\/comments?post=17478"}],"version-history":[{"count":1,"href":"https:\/\/blogs2.correiobraziliense.com.br\/cbpoder\/wp-json\/wp\/v2\/posts\/17478\/revisions"}],"predecessor-version":[{"id":17479,"href":"https:\/\/blogs2.correiobraziliense.com.br\/cbpoder\/wp-json\/wp\/v2\/posts\/17478\/revisions\/17479"}],"wp:featuredmedia":[{"embeddable":true,"href":"https:\/\/blogs2.correiobraziliense.com.br\/cbpoder\/wp-json\/wp\/v2\/media\/15051"}],"wp:attachment":[{"href":"https:\/\/blogs2.correiobraziliense.com.br\/cbpoder\/wp-json\/wp\/v2\/media?parent=17478"}],"wp:term":[{"taxonomy":"category","embeddable":true,"href":"https:\/\/blogs2.correiobraziliense.com.br\/cbpoder\/wp-json\/wp\/v2\/categories?post=17478"},{"taxonomy":"post_tag","embeddable":true,"href":"https:\/\/blogs2.correiobraziliense.com.br\/cbpoder\/wp-json\/wp\/v2\/tags?post=17478"}],"curies":[{"name":"wp","href":"https:\/\/api.w.org\/{rel}","templated":true}]}}