{"id":17598,"date":"2020-02-26T18:01:35","date_gmt":"2020-02-26T21:01:35","guid":{"rendered":"https:\/\/blogs2.correiobraziliense.com.br\/cbpoder\/?p=17598"},"modified":"2020-02-26T18:10:46","modified_gmt":"2020-02-26T21:10:46","slug":"moro-visita-penitenciaria-federal-em-brasilia-e-sai-satisfeito-sem-celulares-sem-rebelioes-e-sem-fugas","status":"publish","type":"post","link":"https:\/\/blogs2.correiobraziliense.com.br\/cbpoder\/moro-visita-penitenciaria-federal-em-brasilia-e-sai-satisfeito-sem-celulares-sem-rebelioes-e-sem-fugas\/","title":{"rendered":"Moro visita penitenci\u00e1ria federal em Bras\u00edlia e sai satisfeito: &#8220;Sem celulares, sem rebeli\u00f5es e sem fugas&#8221;"},"content":{"rendered":"<h5>ANA MARIA CAMPOS<\/h5>\n<p>Os ministros da Justi\u00e7a e Seguran\u00e7a P\u00fablica, S\u00e9rgio Moro, e da Defesa, Fernando Azevedo e Silva, estiveram nesta tarde (26\/02) na penitenci\u00e1ria federal de Bras\u00edlia.<\/p>\n<p>&nbsp;<\/p>\n<p>Pelo Twitter, Moro comentou: &#8220;Conta ela (a penitenci\u00e1ria), preventivamente, com o apoio das For\u00e7as Armadas na seguran\u00e7a. Pres\u00eddios federais desde 2006 sem celulares, sem rebeli\u00f5es e sem fugas&#8221;.<\/p>\n<p>&nbsp;<\/p>\n<p>Na visita, Moro e Azevedo n\u00e3o estavam acompanhados de integrantes da Secretaria de Seguran\u00e7a P\u00fablica do DF. O embate entre GDF e governo federal nesse tema permanece.<\/p>\n<p>&nbsp;<\/p>\n<p>Na semana passada, o ministro Roberto Barroso, do STF, negou medida cautelar na a\u00e7\u00e3o em que o governador Ibaneis Rocha (MDB) pediu a transfer\u00eancia para outras unidades federais de integrantes de fac\u00e7\u00f5es criminosas, especialmente o traficante Marcos Camacho, o Marcola, l\u00edder do PCC, que cumprem pena em Bras\u00edlia.<\/p>\n","protected":false},"excerpt":{"rendered":"<p>ANA MARIA CAMPOS Os ministros da Justi\u00e7a e Seguran\u00e7a P\u00fablica, S\u00e9rgio Moro, e da Defesa, Fernando Azevedo e Silva, estiveram nesta tarde (26\/02) na penitenci\u00e1ria federal de Bras\u00edlia. &nbsp; Pelo Twitter, Moro comentou: &#8220;Conta ela (a penitenci\u00e1ria), preventivamente, com o apoio das For\u00e7as Armadas na seguran\u00e7a. Pres\u00eddios federais desde 2006 sem celulares, sem rebeli\u00f5es e [&hellip;]<\/p>\n","protected":false},"author":9,"featured_media":17600,"comment_status":"open","ping_status":"closed","sticky":false,"template":"","format":"standard","meta":{"wpb_read_more":[],"footnotes":""},"categories":[234],"tags":[1871,789,2122],"class_list":["post-17598","post","type-post","status-publish","format-standard","has-post-thumbnail","hentry","category-cb-poder","tag-marcola","tag-moro","tag-prenitenciaria-federal"],"_links":{"self":[{"href":"https:\/\/blogs2.correiobraziliense.com.br\/cbpoder\/wp-json\/wp\/v2\/posts\/17598","targetHints":{"allow":["GET"]}}],"collection":[{"href":"https:\/\/blogs2.correiobraziliense.com.br\/cbpoder\/wp-json\/wp\/v2\/posts"}],"about":[{"href":"https:\/\/blogs2.correiobraziliense.com.br\/cbpoder\/wp-json\/wp\/v2\/types\/post"}],"author":[{"embeddable":true,"href":"https:\/\/blogs2.correiobraziliense.com.br\/cbpoder\/wp-json\/wp\/v2\/users\/9"}],"replies":[{"embeddable":true,"href":"https:\/\/blogs2.correiobraziliense.com.br\/cbpoder\/wp-json\/wp\/v2\/comments?post=17598"}],"version-history":[{"count":2,"href":"https:\/\/blogs2.correiobraziliense.com.br\/cbpoder\/wp-json\/wp\/v2\/posts\/17598\/revisions"}],"predecessor-version":[{"id":17602,"href":"https:\/\/blogs2.correiobraziliense.com.br\/cbpoder\/wp-json\/wp\/v2\/posts\/17598\/revisions\/17602"}],"wp:featuredmedia":[{"embeddable":true,"href":"https:\/\/blogs2.correiobraziliense.com.br\/cbpoder\/wp-json\/wp\/v2\/media\/17600"}],"wp:attachment":[{"href":"https:\/\/blogs2.correiobraziliense.com.br\/cbpoder\/wp-json\/wp\/v2\/media?parent=17598"}],"wp:term":[{"taxonomy":"category","embeddable":true,"href":"https:\/\/blogs2.correiobraziliense.com.br\/cbpoder\/wp-json\/wp\/v2\/categories?post=17598"},{"taxonomy":"post_tag","embeddable":true,"href":"https:\/\/blogs2.correiobraziliense.com.br\/cbpoder\/wp-json\/wp\/v2\/tags?post=17598"}],"curies":[{"name":"wp","href":"https:\/\/api.w.org\/{rel}","templated":true}]}}